{"id":64206,"date":"2023-10-06T20:07:36","date_gmt":"2023-10-06T23:07:36","guid":{"rendered":"https:\/\/vocesparalelas.com.ar\/sitio\/?p=64206"},"modified":"2023-10-06T20:26:42","modified_gmt":"2023-10-06T23:26:42","slug":"se-fortalecen-los-deportes-con-los-juegos-intercolegiales-en-san-juan","status":"publish","type":"post","link":"https:\/\/vocesparalelas.com.ar\/sitio\/se-fortalecen-los-deportes-con-los-juegos-intercolegiales-en-san-juan\/","title":{"rendered":"Se fortalecen los Deportes con los Juegos Intercolegiales en San Juan"},"content":{"rendered":"<p>En San Juan contin\u00faan desarroll\u00e1ndose los Juegos Intercolegiales 2023 en los 19 Departamentos con la participaci\u00f3n de las escuelas con sus alumnos deportistas. Por ello Voces Paralelas publica los resultados del Jueves, 5 de octubre, en los Departamentos San Mart\u00edn, Calingasta, Albard\u00f3n. Adem\u00e1s, los eventos culturales en los Departamentos 9 de Julio y Santa Luc\u00eda.<\/p>\n<p><span style=\"color: #00ccff;\"><strong>F\u00fatbol<\/strong><\/span><\/p>\n<p><span style=\"color: #00ccff;\"><strong>Departamento San Mart\u00edn<\/strong><\/span><\/p>\n<p>Sede: Polideportivo Marta Orellana<\/p>\n<p><strong><span style=\"color: #00ccff;\">Categor\u00edas: Primaria<\/span><\/strong><\/p>\n<ul>\n<li>Sub 12 Femenino, Masculino y Mixto (Participativo)<\/li>\n<\/ul>\n<p><strong><span style=\"color: #00ccff;\">Secundaria (Competitivo)<\/span><\/strong><\/p>\n<ul>\n<li>Sub 16 Femenino y Masculino<\/li>\n<li>Sub 18 Femenino y Masculino<\/li>\n<\/ul>\n<p><strong><span style=\"color: #00ccff;\">Ganadores: Femenino Sub 16<\/span><\/strong><\/p>\n<p>1\u00b0 Juan Larrea<\/p>\n<p>2\u00b0 San Juan Bosco<\/p>\n<p><strong><span style=\"color: #00ccff;\">Sub 18<\/span><\/strong><\/p>\n<p>1\u00b0 Augusto Pulenta<\/p>\n<p>2\u00b0 Juan Larrea<\/p>\n<p><strong><span style=\"color: #00ccff;\">Masculino Sub 16<\/span><\/strong><\/p>\n<p>1\u00b0 Alejandro Maria de Aguado<\/p>\n<p>2\u00b0 San Juan Bosco<\/p>\n<p><strong><span style=\"color: #00ccff;\">Sub 18<\/span><\/strong><\/p>\n<p>1\u00b0 San Juan Bosco<\/p>\n<p>2\u00b0 Augusto Pulenta B<\/p>\n<p><span style=\"color: #00ccff;\"><strong>Atletismo<\/strong><\/span><\/p>\n<p><span style=\"color: #00ccff;\"><strong>Departamento Calingasta<\/strong><\/span><\/p>\n<p>Sede: Polideportivo de Barreal<\/p>\n<p><strong><span style=\"color: #00ccff;\">Salto en Alto &#8211; Sub 14 mujeres<\/span><\/strong><\/p>\n<p>1\u00aa Carbajal, Zoe &#8211; Colegi\u00f3 secundario de Barreal<\/p>\n<p><strong><span style=\"color: #00ccff;\">Sub 16 varones<\/span><\/strong><\/p>\n<p>1\u00b0 Neira, Marcelo &#8211; Colegio Jes\u00fas de la Buena Esperanza<\/p>\n<p>2\u00b0 Carbajal, Agust\u00edn &#8211; Colegio secundario de Barreal<\/p>\n<p><strong><span style=\"color: #00ccff;\">Salto en largo &#8211; Sub 14 mujeres<\/span><\/strong><\/p>\n<p>1\u00aa Carvajal, Zoe \u2013 Colegio Barreal &#8211; 3,19<\/p>\n<p>2\u00aa Rodr\u00edguez, Milagros Caren \u2013 Instituci\u00f3n: Francisco Javier Mu\u00f1iz &#8211; 2,86<\/p>\n<p>3\u00aa Espinosa, Brisa \u2013 Escuela Savio &#8211; 2,72<\/p>\n<p><strong><span style=\"color: #00ccff;\">Sub 14 varones<\/span><\/strong><\/p>\n<p>1\u00b0 Alcayaga, Lautaro \u2013 Instituci\u00f3n: Francisco Javier Mu\u00f1iz &#8211; 2,90<\/p>\n<p>2\u00b0 Castillo Dylan &#8211; \u00c1lvarez Condarco &#8211; 3,03<\/p>\n<p>3\u00aa Alcayaga, Alan Nahuel \u2013 Instituci\u00f3n: Francisco Javier Mu\u00f1iz &#8211; 2,90<\/p>\n<p><strong><span style=\"color: #00ccff;\">Sub 16 Varones<\/span><\/strong><\/p>\n<p>1\u00b0 P\u00e9rez, Benjam\u00edn &#8211; Jes\u00fas de la Buena Esperanza &#8211; 4,88<\/p>\n<p>2\u00b0 Nu\u00f1ez mariano &#8211; Jes\u00fas de la Buena Esperanza &#8211; 4,69<\/p>\n<p>3\u00b0 Rold\u00e1n, Videla Fabricio Yamil &#8211; Escuela Francisco Javier Mu\u00f1iz &#8211; 4,41<\/p>\n<p><strong><span style=\"color: #00ccff;\">Calingasta<\/span><\/strong><\/p>\n<p><strong><span style=\"color: #00ccff;\">80 metros &#8211; masculino<\/span><\/strong><\/p>\n<ul>\n<li>Borden, Tob\u00edas (Jes\u00fas de la Buena Esperanza)<\/li>\n<li>G\u00f3mez, Tadeo (Francisco Javier Mu\u00f1iz)<\/li>\n<li>Contreras, Benjam\u00edn (\u00c1lvarez Condarco)<\/li>\n<\/ul>\n<p><span style=\"color: #00ccff;\"><strong>80 metros &#8211; femenino<\/strong><\/span><\/p>\n<ul>\n<li>Arias, Mariana (\u00c1lvarez Condarco)<\/li>\n<li>Cortez, Brenda (Chacabuco)<\/li>\n<li>Past\u00e9n, Estefan\u00eda (\u00c1lvarez Condarco)<\/li>\n<\/ul>\n<p><strong><span style=\"color: #00ccff;\">100 metros &#8211; masculino<\/span><\/strong><\/p>\n<ul>\n<li>Neira, Marcelo (Jes\u00fas de la Buena Esperanza)<\/li>\n<li>P\u00e9rez, Benjam\u00edn (Secundario Barreal)<\/li>\n<li>Nu\u00f1ez, Mariano (Jes\u00fas de la Buena Esperanza)<\/li>\n<\/ul>\n<p><strong><span style=\"color: #00ccff;\">100 metros &#8211; femenino<\/span><\/strong><\/p>\n<ul>\n<li>Villalobos, Renata (Secundario Barreal)<\/li>\n<li>Cortez, Gabriela (Teniente \u00c1lvarez Condarco)<\/li>\n<\/ul>\n<p><strong><span style=\"color: #00ccff;\">1500 metros &#8211; Masculino<\/span><\/strong><\/p>\n<ul>\n<li>Carabajal, Agust\u00edn (Secundario Barreal)<\/li>\n<\/ul>\n<p><strong><span style=\"color: #00ccff;\">1200 metros &#8211; masculino<\/span><\/strong><\/p>\n<ul>\n<li>Verdemoyi, Tob\u00edas (Jes\u00fas de la Buena Esperanza)<\/li>\n<li>G\u00f3mez, Tadeo (Francisco Javier Mu\u00f1iz)<\/li>\n<li>Araya, Lucas (Francisco Javier Mu\u00f1iz)<\/li>\n<\/ul>\n<p><span style=\"color: #00ccff;\"><strong>Primaria<\/strong><\/span><\/p>\n<p>1\u00b0 Nuestra se\u00f1ora de las Nieves<\/p>\n<p>2\u00b0 Juan Pedro Esnaola<\/p>\n<p>3\u00b0 Escuela Mart\u00edn Gil<\/p>\n<p><strong><span style=\"color: #00ccff;\">Lanzamiento de jabalina<\/span><\/strong><\/p>\n<p><strong><span style=\"color: #00ccff;\">Varones sub 14:<\/span><\/strong><\/p>\n<p>1\u00b0 Gelvez, Lucas (Batalla de Chacabuco)<br \/>\n2\u00b0 Contreras, \u00c1ngel Benjam\u00edn (Teniente Coronel \u00c1lvarez Condarco)<br \/>\n3\u00b0 Anes, Axel Agust\u00edn (Teniente Coronel \u00c1lvarez Condarco)<\/p>\n<p><strong><span style=\"color: #00ccff;\">Lanzamiento de jabalina varones sub 16:<\/span><\/strong><\/p>\n<p>1\u00b0 Osorio, Brandon (Colegio secundario de Barreal)<br \/>\n2\u00b0 Cortez, Alexander (Batalla de Chacabuco)<\/p>\n<p><span style=\"color: #00ccff;\"><strong>Lanzamiento de jabalina<\/strong><\/span><\/p>\n<p><span style=\"color: #00ccff;\"><strong>Mujeres sub 14:<\/strong><\/span><\/p>\n<p>1\u00b0 Cortez, Brenda (Batalla de Chacabuco)<br \/>\n2\u00b0 P\u00e9rez Mar\u00eda Clara (Teniente Coronel \u00c1lvarez Condarco)<br \/>\n3\u00b0 Rodr\u00edguez, Milagros (Francisco Javier Mu\u00f1iz)<\/p>\n<p><span style=\"color: #00ccff;\"><strong>Lanzamiento de jabalina<\/strong><\/span><\/p>\n<p><span style=\"color: #00ccff;\"><strong>Mujeres Sub 16:<\/strong><\/span><\/p>\n<p>1\u00b0 Cortez, Gabriela (Teniente Coronel \u00c1lvarez Condarco)<\/p>\n<p><span style=\"color: #00ccff;\"><strong>Lanzamiento de bala<\/strong><\/span><\/p>\n<p><span style=\"color: #00ccff;\"><strong>Varones sub 14:<\/strong><\/span><\/p>\n<p>1\u00b0 Berr\u00edo, Santiago (Francisco Javier Mu\u00f1iz)<br \/>\n2\u00b0 G\u00f3mez, Tob\u00edas (Francisco Javier Mu\u00f1iz)<br \/>\n3\u00b0 Herrera, Lucas (Francisco Javier Mu\u00f1iz)<\/p>\n<p><strong><span style=\"color: #00ccff;\">Lanzamiento de bala<\/span><\/strong><\/p>\n<p><strong><span style=\"color: #00ccff;\">Varones sub 16:<\/span><\/strong><\/p>\n<p>1\u00b0 Osorio, Brandon (Colegio secundario de Barreal)<\/p>\n<p><span style=\"color: #00ccff;\"><strong>Handball<\/strong><\/span><\/p>\n<p><span style=\"color: #00ccff;\"><strong>Departamento Albard\u00f3n<\/strong><\/span><\/p>\n<p>Sede: CIC La Laja Albard\u00f3n<\/p>\n<p>Categor\u00edas: Primaria &#8211; Participativo en Masculino, Femenino y Mixto.<\/p>\n<p>Secundaria &#8211; Sub 14<\/p>\n<p><strong><span style=\"color: #00ccff;\">Ganadores: Femenino Sub 14<\/span><\/strong><\/p>\n<p>1\u00b0 Marambio<br \/>\n2\u00b0 Regimiento de Patricios<\/p>\n<p><strong><span style=\"color: #00ccff;\">Masculino<\/span><\/strong><\/p>\n<p>1\u00b0 Vicecomodoro Marambio<br \/>\n2\u00b0 Luzuriaga<\/p>\n<p><strong><span style=\"color: #00ccff;\">Sub 16 Femenino<\/span><\/strong><\/p>\n<p>1\u00b0 Nuestra Se\u00f1ora de los Desamparados.<br \/>\n2\u00b0 EPET N\u00b0 1<\/p>\n<p><span style=\"color: #00ccff;\"><strong>Masculino<\/strong><\/span><\/p>\n<p>1\u00b0 Escuela Mantovani<\/p>\n<p><span style=\"color: #00ccff;\"><strong>Ajedrez<\/strong><\/span><\/p>\n<p><span style=\"color: #00ccff;\"><strong>Departamento Calingasta<\/strong><\/span><\/p>\n<p>Sede: E.E.E. M\u00faltiple Calingasta<\/p>\n<p>Categor\u00eda: Primaria &#8211; Participativo<\/p>\n<p><strong><span style=\"color: #00ccff;\">Escuelas que participaron<\/span><\/strong><\/p>\n<p>1- Escuela J. Pedro Esnaola (3 equipos).<\/p>\n<p>2- Escuela Luis Pasteur<\/p>\n<p>3- Escuela Clotilde Guill\u00e9n de Renazzo<\/p>\n<p>4- Escuela Ingeniero Marcos A. Zalazar<\/p>\n<p>5- Escuela Saturnino Araoz<\/p>\n<p>6- Escuela La Capilla<\/p>\n<p>Sede: E.E.E. M\u00faltiple Calingasta<\/p>\n<p><strong><span style=\"color: #00ccff;\">Categor\u00eda: Secundaria &#8211; Competitivo<\/span><\/strong><\/p>\n<p>1\u00b0 Escuela Jes\u00fas de la Buena Esperanza<\/p>\n<p>2\u00b0 Secundario Barreal<\/p>\n<p>3\u00b0 Escuela Luis Pasteur<\/p>\n<p><span style=\"color: #00ccff;\"><strong>Cultura<\/strong><\/span><\/p>\n<p><span style=\"color: #00ccff;\"><strong>Departamentos Santa Luc\u00eda y 9 de Julio<\/strong><\/span><\/p>\n<p>Sede: Casa de la historia y la Cultura de Santa Luc\u00eda<\/p>\n<p><span style=\"color: #00ccff;\"><strong>Categor\u00eda: secundario libre<\/strong><\/span><\/p>\n<p><span style=\"color: #00ccff;\"><strong>D\u00fao danzas folcl\u00f3ricas<\/strong><\/span><\/p>\n<p><span style=\"color: #00ccff;\"><strong>Ganadores<\/strong><\/span><\/p>\n<p>1\u00b0 Rubia, Ana \u2013 Rubia, Tom\u00e1s (Escuela secundaria Carlos Pellegrini)<\/p>\n<p>2\u00b0 Veragua Cardozo, Ricardo \u2013 Salinas, Ludmila Ariana (Colegio Provincial de Santa Lucia)<\/p>\n<p>D\u00fao de danzas urbanas<\/p>\n<p>1\u00b0 \u00c1vila, Eliana Magal\u00ed &#8211; Del Castillo, Sof\u00eda (Escuela Provincial de Santa Luc\u00eda)<strong><span style=\"color: #00ccff;\">Cultura<\/span><\/strong><\/p>\n<p><strong><span style=\"color: #00ccff;\">Departamento 9 de julio<\/span><\/strong><\/p>\n<p><span style=\"color: #00ccff;\"><strong>Ganadores<\/strong><\/span><\/p>\n<p><span style=\"color: #00ccff;\"><strong>D\u00fao de danzas folkl\u00f3ricas<\/strong><\/span><\/p>\n<p>1\u00b0 Tello, Leonela Anal\u00eda \u2013 Rodr\u00edguez Ramas, Gustavo Gabriel (Escuela Secundaria Procesa Sarmiento)<\/p>\n<p>2\u00b0 Leiva Ag\u00fcero, D\u00e9bora \u2013 Brizuela, Micaela (Escuela Secundaria Procesa Sarmiento)<\/p>\n<p>&nbsp;<\/p>\n<p><img loading=\"lazy\" decoding=\"async\" class=\"alignnone size-full wp-image-54410\" src=\"https:\/\/vocesparalelas.com.ar\/sitio\/wp-content\/uploads\/2022\/11\/INTERCOLEGIALES-06.jpg\" alt=\"\" width=\"800\" height=\"416\" srcset=\"https:\/\/vocesparalelas.com.ar\/sitio\/wp-content\/uploads\/2022\/11\/INTERCOLEGIALES-06.jpg 800w, https:\/\/vocesparalelas.com.ar\/sitio\/wp-content\/uploads\/2022\/11\/INTERCOLEGIALES-06-300x156.jpg 300w, https:\/\/vocesparalelas.com.ar\/sitio\/wp-content\/uploads\/2022\/11\/INTERCOLEGIALES-06-768x399.jpg 768w\" sizes=\"auto, (max-width: 800px) 100vw, 800px\" \/><\/p>\n","protected":false},"excerpt":{"rendered":"<p>En San Juan contin\u00faan desarroll\u00e1ndose los Juegos Intercolegiales 2023 en los 19 Departamentos con la participaci\u00f3n de las escuelas con<\/p>\n","protected":false},"author":3,"featured_media":64210,"comment_status":"closed","ping_status":"closed","sticky":false,"template":"","format":"standard","meta":{"_acf_changed":false,"_seopress_robots_primary_cat":"none","_seopress_titles_title":"","_seopress_titles_desc":"","_seopress_robots_index":"","colormag_page_container_layout":"default_layout","colormag_page_sidebar_layout":"default_layout","footnotes":""},"categories":[1],"tags":[],"class_list":["post-64206","post","type-post","status-publish","format-standard","has-post-thumbnail","hentry","category-destacadas"],"acf":[],"_links":{"self":[{"href":"https:\/\/vocesparalelas.com.ar\/sitio\/wp-json\/wp\/v2\/posts\/64206","targetHints":{"allow":["GET"]}}],"collection":[{"href":"https:\/\/vocesparalelas.com.ar\/sitio\/wp-json\/wp\/v2\/posts"}],"about":[{"href":"https:\/\/vocesparalelas.com.ar\/sitio\/wp-json\/wp\/v2\/types\/post"}],"author":[{"embeddable":true,"href":"https:\/\/vocesparalelas.com.ar\/sitio\/wp-json\/wp\/v2\/users\/3"}],"replies":[{"embeddable":true,"href":"https:\/\/vocesparalelas.com.ar\/sitio\/wp-json\/wp\/v2\/comments?post=64206"}],"version-history":[{"count":1,"href":"https:\/\/vocesparalelas.com.ar\/sitio\/wp-json\/wp\/v2\/posts\/64206\/revisions"}],"predecessor-version":[{"id":64209,"href":"https:\/\/vocesparalelas.com.ar\/sitio\/wp-json\/wp\/v2\/posts\/64206\/revisions\/64209"}],"wp:featuredmedia":[{"embeddable":true,"href":"https:\/\/vocesparalelas.com.ar\/sitio\/wp-json\/wp\/v2\/media\/64210"}],"wp:attachment":[{"href":"https:\/\/vocesparalelas.com.ar\/sitio\/wp-json\/wp\/v2\/media?parent=64206"}],"wp:term":[{"taxonomy":"category","embeddable":true,"href":"https:\/\/vocesparalelas.com.ar\/sitio\/wp-json\/wp\/v2\/categories?post=64206"},{"taxonomy":"post_tag","embeddable":true,"href":"https:\/\/vocesparalelas.com.ar\/sitio\/wp-json\/wp\/v2\/tags?post=64206"}],"curies":[{"name":"wp","href":"https:\/\/api.w.org\/{rel}","templated":true}]}}