{"id":64197,"date":"2023-10-06T19:44:32","date_gmt":"2023-10-06T22:44:32","guid":{"rendered":"https:\/\/vocesparalelas.com.ar\/sitio\/?p=64197"},"modified":"2023-10-06T19:51:59","modified_gmt":"2023-10-06T22:51:59","slug":"1-mujer-chofer-de-ambulancia-del-hospital-polivalente-dra-julieta-lanteri-en-el-sistema-publico-de-san-juan","status":"publish","type":"post","link":"https:\/\/vocesparalelas.com.ar\/sitio\/1-mujer-chofer-de-ambulancia-del-hospital-polivalente-dra-julieta-lanteri-en-el-sistema-publico-de-san-juan\/","title":{"rendered":"1\u00b0 Mujer chofer de ambulancia del Hospital Polivalente Dra. Julieta Lanteri en el sistema p\u00fablico de San Juan"},"content":{"rendered":"<div class=\"itemFullText\">\n<p>El Hospital Polivalente Dra. Julieta Lanteri sum\u00f3 la ambulancia y design\u00f3 a Patricia Roca, siendo un hito hist\u00f3rico al convertirse en la primera mujer en desempe\u00f1ar el rol de chofer de ambulancia en el sistema p\u00fablico de San Juan. Esta valiente mujer, que no se conform\u00f3 con los roles tradicionalmente asignados a las mujeres, ha demostrado que la determinaci\u00f3n y la pasi\u00f3n pueden abrir puertas en cualquier profesi\u00f3n.<\/p>\n<p>La historia de esta joven mujer es un testimonio inspirador de perseverancia y superaci\u00f3n. Antes de asumir su nuevo cargo como chofer de ambulancias, Patricia Roca hab\u00eda desempe\u00f1ado una serie de roles relacionados con la conducci\u00f3n. Comenz\u00f3 como remisera, posteriormente trabaj\u00f3 como chofer particular y poco a poco, fue adquiriendo experiencia en el mundo del transporte.<\/p>\n<figure id=\"attachment_64201\" aria-describedby=\"caption-attachment-64201\" style=\"width: 800px\" class=\"wp-caption alignnone\"><img loading=\"lazy\" decoding=\"async\" class=\"size-full wp-image-64201\" src=\"https:\/\/vocesparalelas.com.ar\/sitio\/wp-content\/uploads\/2023\/10\/AMBULANCIA-MUJER-01.jpg\" alt=\"\" width=\"800\" height=\"530\" srcset=\"https:\/\/vocesparalelas.com.ar\/sitio\/wp-content\/uploads\/2023\/10\/AMBULANCIA-MUJER-01.jpg 800w, https:\/\/vocesparalelas.com.ar\/sitio\/wp-content\/uploads\/2023\/10\/AMBULANCIA-MUJER-01-300x199.jpg 300w, https:\/\/vocesparalelas.com.ar\/sitio\/wp-content\/uploads\/2023\/10\/AMBULANCIA-MUJER-01-768x509.jpg 768w\" sizes=\"auto, (max-width: 800px) 100vw, 800px\" \/><figcaption id=\"caption-attachment-64201\" class=\"wp-caption-text\">Hospital Polivalente Dra. Julieta Lanteri sum\u00f3 la ambulancia y design\u00f3 a Patricia Roca, chofer de la unidad de trabajo.<\/figcaption><\/figure>\n<p>Durante a\u00f1os, Patricia Roca busc\u00f3 la oportunidad de trabajar como chofer de ambulancias en Salud P\u00fablica. A pesar de los estereotipos de g\u00e9nero arraigados en la sociedad, nunca renunci\u00f3 a su sue\u00f1o. Su perseverancia finalmente dio sus frutos cuando ingres\u00f3 al Hospital Dra. Julieta Lanteri para unirse a un personal numeroso pero relativamente nuevo, que se fue sumando luego, de la refuncionalizaci\u00f3n de ese nosocomio y el cambio de modalidad de monovalente a polivalente.<\/p>\n<p>\u00abSiempre supe que quer\u00eda ser chofer de ambulancias\u00bb, dijo la conductora, quien ahora trabaja en estrecha colaboraci\u00f3n con m\u00e9dicos y enfermeros para garantizar que los pacientes reciban la atenci\u00f3n necesaria en el momento adecuado.<\/p>\n<p>La llegada de Patricia Roca como primera chofer de ambulancias en San Juan, un acontecimiento en la lucha por la igualdad de g\u00e9nero en el \u00e1mbito laboral y un recordatorio de que las mujeres son capaces de desempe\u00f1ar cualquier funci\u00f3n que elijan<\/p>\n<p>El caso de patricia es un claro ejemplo que para las mujeres ya no hay barreras. Desde Salud P\u00fablica la disponibilidad es total, y se espera que este caso sea un ejemplo a seguir, para demostrar que con pasi\u00f3n y esfuerzo, las mujeres pueden abrirse camino en cualquier profesi\u00f3n. Su idea de romper barreras de g\u00e9nero en un campo tradicionalmente dominado por hombres es un motivo de inspiraci\u00f3n para todos.<\/p>\n<\/div>\n<div class=\"clr\"><\/div>\n<div class=\"itemContentFooter\"><img loading=\"lazy\" decoding=\"async\" class=\"alignnone size-full wp-image-47667\" src=\"https:\/\/vocesparalelas.com.ar\/sitio\/wp-content\/uploads\/2022\/04\/HOSPITAL-JULIETA-LANTERI02.jpg\" alt=\"\" width=\"800\" height=\"534\" srcset=\"https:\/\/vocesparalelas.com.ar\/sitio\/wp-content\/uploads\/2022\/04\/HOSPITAL-JULIETA-LANTERI02.jpg 800w, https:\/\/vocesparalelas.com.ar\/sitio\/wp-content\/uploads\/2022\/04\/HOSPITAL-JULIETA-LANTERI02-300x200.jpg 300w, https:\/\/vocesparalelas.com.ar\/sitio\/wp-content\/uploads\/2022\/04\/HOSPITAL-JULIETA-LANTERI02-768x513.jpg 768w\" sizes=\"auto, (max-width: 800px) 100vw, 800px\" \/><\/div>\n","protected":false},"excerpt":{"rendered":"<p>El Hospital Polivalente Dra. Julieta Lanteri sum\u00f3 la ambulancia y design\u00f3 a Patricia Roca, siendo un hito hist\u00f3rico al convertirse<\/p>\n","protected":false},"author":3,"featured_media":64200,"comment_status":"closed","ping_status":"closed","sticky":false,"template":"","format":"standard","meta":{"_acf_changed":false,"_seopress_robots_primary_cat":"none","_seopress_titles_title":"","_seopress_titles_desc":"","_seopress_robots_index":"","colormag_page_container_layout":"default_layout","colormag_page_sidebar_layout":"default_layout","footnotes":""},"categories":[1],"tags":[],"class_list":["post-64197","post","type-post","status-publish","format-standard","has-post-thumbnail","hentry","category-destacadas"],"acf":[],"_links":{"self":[{"href":"https:\/\/vocesparalelas.com.ar\/sitio\/wp-json\/wp\/v2\/posts\/64197","targetHints":{"allow":["GET"]}}],"collection":[{"href":"https:\/\/vocesparalelas.com.ar\/sitio\/wp-json\/wp\/v2\/posts"}],"about":[{"href":"https:\/\/vocesparalelas.com.ar\/sitio\/wp-json\/wp\/v2\/types\/post"}],"author":[{"embeddable":true,"href":"https:\/\/vocesparalelas.com.ar\/sitio\/wp-json\/wp\/v2\/users\/3"}],"replies":[{"embeddable":true,"href":"https:\/\/vocesparalelas.com.ar\/sitio\/wp-json\/wp\/v2\/comments?post=64197"}],"version-history":[{"count":4,"href":"https:\/\/vocesparalelas.com.ar\/sitio\/wp-json\/wp\/v2\/posts\/64197\/revisions"}],"predecessor-version":[{"id":64205,"href":"https:\/\/vocesparalelas.com.ar\/sitio\/wp-json\/wp\/v2\/posts\/64197\/revisions\/64205"}],"wp:featuredmedia":[{"embeddable":true,"href":"https:\/\/vocesparalelas.com.ar\/sitio\/wp-json\/wp\/v2\/media\/64200"}],"wp:attachment":[{"href":"https:\/\/vocesparalelas.com.ar\/sitio\/wp-json\/wp\/v2\/media?parent=64197"}],"wp:term":[{"taxonomy":"category","embeddable":true,"href":"https:\/\/vocesparalelas.com.ar\/sitio\/wp-json\/wp\/v2\/categories?post=64197"},{"taxonomy":"post_tag","embeddable":true,"href":"https:\/\/vocesparalelas.com.ar\/sitio\/wp-json\/wp\/v2\/tags?post=64197"}],"curies":[{"name":"wp","href":"https:\/\/api.w.org\/{rel}","templated":true}]}}