{"id":64192,"date":"2023-10-06T19:29:46","date_gmt":"2023-10-06T22:29:46","guid":{"rendered":"https:\/\/vocesparalelas.com.ar\/sitio\/?p=64192"},"modified":"2023-10-08T00:22:48","modified_gmt":"2023-10-08T03:22:48","slug":"festival-xoxo-en-san-juan","status":"publish","type":"post","link":"https:\/\/vocesparalelas.com.ar\/sitio\/festival-xoxo-en-san-juan\/","title":{"rendered":"Festival XOXO en San Juan"},"content":{"rendered":"<p>El Centro Cultural Conte Grand se prepara para celebrar el Festival XOXO, el Viernes, 13 de Octubre, desde las 20 hasta la 01 hs, una iniciativa cultural alternativa que surge para conmemorar el tercer aniversario de la productora creativa Desiertas.<\/p>\n<p>El evento, gestado por Desiertas, se erige como una plataforma inclusiva para artistas que busca vincularse con la comunidad en general. La propuesta, orientada a consolidar espacios de g\u00e9nero y diversidad, destaca por la participaci\u00f3n activa de un grupo conformado por mujeres, quienes han organizado una velada donde convergen diversas expresiones art\u00edsticas, incluyendo arte visual, m\u00fasica, moda circular, y otros lenguajes culturales.<\/p>\n<p>El festival cuenta con un atractivo Line Up, encabezado por Juana Sonora, DJ Cosmos, Nicole en una presentaci\u00f3n de lip sync. La oferta cultural se complementa con una mini feria sustentable y una selecci\u00f3n de bebidas y comida para el disfrute de los asistentes.<\/p>\n<p>Las entradas para el Festival XOXO est\u00e1n disponibles en preventa por $1000 hasta el 7 de Octubre. Para obtener m\u00e1s informaci\u00f3n sobre la adquisici\u00f3n de boletos y detalles adicionales del evento, los interesados pueden visitar la cuenta de Instagram de Desiertas.<\/p>\n<p><img loading=\"lazy\" decoding=\"async\" class=\"alignnone size-full wp-image-29711\" src=\"https:\/\/vocesparalelas.com.ar\/sitio\/wp-content\/uploads\/2020\/07\/CENTRO-CONTE-GRAND.jpg\" alt=\"\" width=\"800\" height=\"449\" srcset=\"https:\/\/vocesparalelas.com.ar\/sitio\/wp-content\/uploads\/2020\/07\/CENTRO-CONTE-GRAND.jpg 800w, https:\/\/vocesparalelas.com.ar\/sitio\/wp-content\/uploads\/2020\/07\/CENTRO-CONTE-GRAND-300x168.jpg 300w, https:\/\/vocesparalelas.com.ar\/sitio\/wp-content\/uploads\/2020\/07\/CENTRO-CONTE-GRAND-768x431.jpg 768w\" sizes=\"auto, (max-width: 800px) 100vw, 800px\" \/><\/p>\n<p>&nbsp;<\/p>\n","protected":false},"excerpt":{"rendered":"<p>El Centro Cultural Conte Grand se prepara para celebrar el Festival XOXO, el Viernes, 13 de Octubre, desde las 20<\/p>\n","protected":false},"author":3,"featured_media":64195,"comment_status":"closed","ping_status":"closed","sticky":false,"template":"","format":"standard","meta":{"_acf_changed":false,"_seopress_robots_primary_cat":"none","_seopress_titles_title":"","_seopress_titles_desc":"","_seopress_robots_index":"","colormag_page_container_layout":"default_layout","colormag_page_sidebar_layout":"default_layout","footnotes":""},"categories":[20],"tags":[],"class_list":["post-64192","post","type-post","status-publish","format-standard","has-post-thumbnail","hentry","category-cartelera"],"acf":[],"_links":{"self":[{"href":"https:\/\/vocesparalelas.com.ar\/sitio\/wp-json\/wp\/v2\/posts\/64192","targetHints":{"allow":["GET"]}}],"collection":[{"href":"https:\/\/vocesparalelas.com.ar\/sitio\/wp-json\/wp\/v2\/posts"}],"about":[{"href":"https:\/\/vocesparalelas.com.ar\/sitio\/wp-json\/wp\/v2\/types\/post"}],"author":[{"embeddable":true,"href":"https:\/\/vocesparalelas.com.ar\/sitio\/wp-json\/wp\/v2\/users\/3"}],"replies":[{"embeddable":true,"href":"https:\/\/vocesparalelas.com.ar\/sitio\/wp-json\/wp\/v2\/comments?post=64192"}],"version-history":[{"count":1,"href":"https:\/\/vocesparalelas.com.ar\/sitio\/wp-json\/wp\/v2\/posts\/64192\/revisions"}],"predecessor-version":[{"id":64196,"href":"https:\/\/vocesparalelas.com.ar\/sitio\/wp-json\/wp\/v2\/posts\/64192\/revisions\/64196"}],"wp:featuredmedia":[{"embeddable":true,"href":"https:\/\/vocesparalelas.com.ar\/sitio\/wp-json\/wp\/v2\/media\/64195"}],"wp:attachment":[{"href":"https:\/\/vocesparalelas.com.ar\/sitio\/wp-json\/wp\/v2\/media?parent=64192"}],"wp:term":[{"taxonomy":"category","embeddable":true,"href":"https:\/\/vocesparalelas.com.ar\/sitio\/wp-json\/wp\/v2\/categories?post=64192"},{"taxonomy":"post_tag","embeddable":true,"href":"https:\/\/vocesparalelas.com.ar\/sitio\/wp-json\/wp\/v2\/tags?post=64192"}],"curies":[{"name":"wp","href":"https:\/\/api.w.org\/{rel}","templated":true}]}}