{"id":64186,"date":"2023-10-06T19:23:09","date_gmt":"2023-10-06T22:23:09","guid":{"rendered":"https:\/\/vocesparalelas.com.ar\/sitio\/?p=64186"},"modified":"2023-10-08T00:24:12","modified_gmt":"2023-10-08T03:24:12","slug":"sumate-al-concurso-hackaton-nasa-space-apps-challenge-en-san-juan","status":"publish","type":"post","link":"https:\/\/vocesparalelas.com.ar\/sitio\/sumate-al-concurso-hackaton-nasa-space-apps-challenge-en-san-juan\/","title":{"rendered":"Sumate al Concurso \u00abHackat\u00f3n NASA Space Apps Challenge\u00bb en San Juan"},"content":{"rendered":"<p>El 7 y 8 de Octubre de 2023, en Conectar Lab, se desarrolla el Hackat\u00f3n organizada por la agencia espacial NASA en m\u00e1s de 300 ciudades. Hay actividades en talleres y laboratorios, una charla sobre soberan\u00eda tecnol\u00f3gica.<\/p>\n<p>Hackat\u00f3n NASA Space Apps Challenge es un concurso anual e internacional creado por la NASA para que j\u00f3venes de distintas disciplinas propongan soluciones a problem\u00e1ticas reales y actuales de la vida en la Tierra y en el espacio. En San Juan, The Mars Society Argentina ha organizado este evento por 3 a\u00f1os.<\/p>\n<p>Los desaf\u00edos a enfrentar son de \u00e1reas de:<\/p>\n<ul>\n<li>Ciencia, T\u00e9cnica,<\/li>\n<li>Psicolog\u00eda,<\/li>\n<li>Medicina,<\/li>\n<li>Arte,<\/li>\n<li>Ciencias Sociales y<\/li>\n<li>Medio Ambiente.<\/li>\n<\/ul>\n<p>Los participantes con ingenio y creatividad, deben resolver situaciones espec\u00edficas relacionadas a la vida en el planeta y en el espacio, con informaci\u00f3n p\u00fablica disponible que brinda la NASA, otras agencias espaciales como CONAE y organismos cient\u00edficos.<\/p>\n<p>Los concursantes cuentan con un amplio grupo de mentores especialistas en \u00e1reas como programaci\u00f3n de software, hardware, dise\u00f1o gr\u00e1fico e industrial, inteligencia artificial, presentaci\u00f3n de proyectos e idioma ingl\u00e9s. Estos profesionales asisten a los equipos participantes con el desarrollo de sus proyectos.<\/p>\n<p>El equipo de mentores y jurados de esta edici\u00f3n est\u00e1 compuesto por profesionales de diversas instituciones de prestigio como:<\/p>\n<ul>\n<li>CONAE,<\/li>\n<li>Consejo Federal de Inversiones,<\/li>\n<li>Universidad Nacional de San Juan,<\/li>\n<li>Centro Astron\u00f3mico El Leoncito (CASLEO),<\/li>\n<li>ETERNAL,<\/li>\n<li>INTA San Juan<\/li>\n<li>Universidad de Buenos Aires,<\/li>\n<li>entre otras.<\/li>\n<\/ul>\n<p>La participaci\u00f3n es gratuita y el premio consiste en una invitaci\u00f3n a conocer las instalaciones de la NASA y presenciar el lanzamiento de un cohete espacial desde un lugar privilegiado.<\/p>\n<p><span style=\"color: #339966;\"><strong>Inscripci\u00f3n<\/strong><\/span><\/p>\n<p><a href=\"https:\/\/spaceapps.marssociety.com.ar\/\">spaceapps.marssociety.com.ar<\/a><\/p>\n<p><a href=\"http:\/\/tmsa.ar\/spaceapps\">http:\/\/tmsa.ar\/spaceapps<\/a><\/p>\n<p><span style=\"color: #339966;\"><strong>Metodolog\u00eda de trabajo<\/strong><\/span><\/p>\n<ul>\n<li>Pueden participar, a partir de los 12 a\u00f1os con ganas de aprender, trabajar en equipo y participar en un evento oficial de la NASA.<\/li>\n<li>Tienen que resolver uno de los 23 desaf\u00edos que plantea la NASA sobre problemas de la vida en la Tierra y el espacio.<\/li>\n<li>Se trabaja en equipo de hasta 6 personas. Si no tienen equipo, se los integra para conformarlo.<\/li>\n<\/ul>\n<p><strong><span style=\"color: #339966;\">Cronograma de actividades<\/span><\/strong><\/p>\n<p><span style=\"color: #339966;\"><strong>7 de octubre<\/strong><\/span><\/p>\n<ul>\n<li>8 horas Entrada y acreditaciones en Conectar Lab, calle Las Heras y Juan Bautista Alberdi. Se entregar\u00e1 a las personas acreditadas un distintivo que les permitir\u00e1 acceder a las instalaciones.<\/li>\n<li>12 horas Charla &#8211; Asalto educativo: PITCH, Danila Blanco de la ONG &#8211; Education Storming de Buenos Aires<\/li>\n<li>16 horas Charla &#8211; Eterna: emprededurismo, c\u00f3mo hacer una empresa internacional desde cero, a cargo de Miguel Neumann, CEO de la empresa de alimentos internacional ETERNAL<\/li>\n<li>22 horas Cierre<\/li>\n<\/ul>\n<p><span style=\"color: #339966;\"><strong>8 de octubre<\/strong><\/span><\/p>\n<ul>\n<li>8 horas apertura<\/li>\n<li>9 horas Grabaciones de cada proyecto (a cargo de la organizaci\u00f3n)<\/li>\n<li>23:59 horas Presentaci\u00f3n de proyectos &#8211; cierre .<\/li>\n<\/ul>\n<p>Por mayor informaci\u00f3n pueden acceder a spaceapps.marssociety.com.ar<\/p>\n","protected":false},"excerpt":{"rendered":"<p>El 7 y 8 de Octubre de 2023, en Conectar Lab, se desarrolla el Hackat\u00f3n organizada por la agencia espacial<\/p>\n","protected":false},"author":3,"featured_media":64189,"comment_status":"closed","ping_status":"closed","sticky":false,"template":"","format":"standard","meta":{"_acf_changed":false,"_seopress_robots_primary_cat":"none","_seopress_titles_title":"","_seopress_titles_desc":"","_seopress_robots_index":"","colormag_page_container_layout":"default_layout","colormag_page_sidebar_layout":"default_layout","footnotes":""},"categories":[8],"tags":[],"class_list":["post-64186","post","type-post","status-publish","format-standard","has-post-thumbnail","hentry","category-concursos"],"acf":[],"_links":{"self":[{"href":"https:\/\/vocesparalelas.com.ar\/sitio\/wp-json\/wp\/v2\/posts\/64186","targetHints":{"allow":["GET"]}}],"collection":[{"href":"https:\/\/vocesparalelas.com.ar\/sitio\/wp-json\/wp\/v2\/posts"}],"about":[{"href":"https:\/\/vocesparalelas.com.ar\/sitio\/wp-json\/wp\/v2\/types\/post"}],"author":[{"embeddable":true,"href":"https:\/\/vocesparalelas.com.ar\/sitio\/wp-json\/wp\/v2\/users\/3"}],"replies":[{"embeddable":true,"href":"https:\/\/vocesparalelas.com.ar\/sitio\/wp-json\/wp\/v2\/comments?post=64186"}],"version-history":[{"count":2,"href":"https:\/\/vocesparalelas.com.ar\/sitio\/wp-json\/wp\/v2\/posts\/64186\/revisions"}],"predecessor-version":[{"id":64191,"href":"https:\/\/vocesparalelas.com.ar\/sitio\/wp-json\/wp\/v2\/posts\/64186\/revisions\/64191"}],"wp:featuredmedia":[{"embeddable":true,"href":"https:\/\/vocesparalelas.com.ar\/sitio\/wp-json\/wp\/v2\/media\/64189"}],"wp:attachment":[{"href":"https:\/\/vocesparalelas.com.ar\/sitio\/wp-json\/wp\/v2\/media?parent=64186"}],"wp:term":[{"taxonomy":"category","embeddable":true,"href":"https:\/\/vocesparalelas.com.ar\/sitio\/wp-json\/wp\/v2\/categories?post=64186"},{"taxonomy":"post_tag","embeddable":true,"href":"https:\/\/vocesparalelas.com.ar\/sitio\/wp-json\/wp\/v2\/tags?post=64186"}],"curies":[{"name":"wp","href":"https:\/\/api.w.org\/{rel}","templated":true}]}}