{"id":64180,"date":"2023-10-06T19:11:14","date_gmt":"2023-10-06T22:11:14","guid":{"rendered":"https:\/\/vocesparalelas.com.ar\/sitio\/?p=64180"},"modified":"2023-10-06T19:11:15","modified_gmt":"2023-10-06T22:11:15","slug":"5-cumbre-mundial-de-salud-mental-salud-mental-en-todas-las-politicas","status":"publish","type":"post","link":"https:\/\/vocesparalelas.com.ar\/sitio\/5-cumbre-mundial-de-salud-mental-salud-mental-en-todas-las-politicas\/","title":{"rendered":"5\u00b0 Cumbre Mundial de Salud Mental \u201cSalud mental en todas las pol\u00edticas\u201d"},"content":{"rendered":"<p>En el Centro Cultural N\u00e9stor Kirchner, Provincia de Buenos Aires, se desarroll\u00f3 el 5 y 6 de Octubre, la 5\u00b0 Cumbre Mundial de Salud Mental \u201cSalud mental en todas las pol\u00edticas\u201d, en la que particip\u00f3 la ministra de Salud P\u00fablica del Gobierno de San Juan, Dra. Alejandra Venerando, el Secretario T\u00e9cnico, Dr. Juan Pablo Pacheco, la Secretaria de Planificaci\u00f3n, Dra. Alina Almaz\u00e1n y el Director de Relaciones con los Hospitales, Dr. Mauricio Gallardo.<\/p>\n<p><img loading=\"lazy\" decoding=\"async\" class=\"alignnone size-full wp-image-64183\" src=\"https:\/\/vocesparalelas.com.ar\/sitio\/wp-content\/uploads\/2023\/10\/SALUD-MENTAL-NACIONAL-01.jpg\" alt=\"\" width=\"800\" height=\"800\" srcset=\"https:\/\/vocesparalelas.com.ar\/sitio\/wp-content\/uploads\/2023\/10\/SALUD-MENTAL-NACIONAL-01.jpg 800w, https:\/\/vocesparalelas.com.ar\/sitio\/wp-content\/uploads\/2023\/10\/SALUD-MENTAL-NACIONAL-01-300x300.jpg 300w, https:\/\/vocesparalelas.com.ar\/sitio\/wp-content\/uploads\/2023\/10\/SALUD-MENTAL-NACIONAL-01-150x150.jpg 150w, https:\/\/vocesparalelas.com.ar\/sitio\/wp-content\/uploads\/2023\/10\/SALUD-MENTAL-NACIONAL-01-768x768.jpg 768w\" sizes=\"auto, (max-width: 800px) 100vw, 800px\" \/><\/p>\n<p>El encuentro tuvo como objetivo profundizar intervenciones de salud mental comunitaria, incluir los servicios de salud mental y desarrollar acciones que se enfoquen en el rol clave de los determinantes sociales de salud mental, entre otros temas.<\/p>\n<p>La ministra de Salud P\u00fablica del Gobierno de San Juan, Dra. Alejandra Venerando manifest\u00f3 que \u201cla realizaci\u00f3n de esta Cumbre Mundial es muy importante porque el pa\u00eds fue seleccionado para su desarrollo y sobre todo porque se puede dialogar entre los diferentes sectores del Estado e instituciones con el objetivo de dise\u00f1ar y consensuar pol\u00edticas p\u00fablicas que den respuesta a la comunidad sobre las necesidades de salud mental, y entendiendo que es un tema transversal e interdisciplinario\u201d.<\/p>\n<p>La 5\u00b0 Cumbre Mundial de Salud Mental qued\u00f3 inaugurada por el presidente de la Rep\u00fablica Argentina, Dr. Alberto Fern\u00e1ndez, la Ministra de Salud de la Naci\u00f3n, Dra. Carla Vizzotti, el director de la Organizaci\u00f3n Panamericana de la Salud, Dr. Jarbas Barbosa y el Director del Comit\u00e9 Internacional de la Cruz Roja, Robert Mardini, con el prop\u00f3sito de dar continuidad a las Cumbres realizadas en Roma, Paris, Amsterdam y Londres, siendo la primera vez que se realiza fuera de Europa.<\/p>\n<p>Durante los dos d\u00edas se desarroll\u00f3 una conferencia magistral, dos sesiones plenarias, una sesi\u00f3n plenaria y nueve talleres tem\u00e1ticos y un panel sobre salud mental en todas las pol\u00edticas.<\/p>\n","protected":false},"excerpt":{"rendered":"<p>En el Centro Cultural N\u00e9stor Kirchner, Provincia de Buenos Aires, se desarroll\u00f3 el 5 y 6 de Octubre, la 5\u00b0<\/p>\n","protected":false},"author":3,"featured_media":64184,"comment_status":"closed","ping_status":"closed","sticky":false,"template":"","format":"standard","meta":{"_acf_changed":false,"_seopress_robots_primary_cat":"none","_seopress_titles_title":"","_seopress_titles_desc":"","_seopress_robots_index":"","colormag_page_container_layout":"default_layout","colormag_page_sidebar_layout":"default_layout","footnotes":""},"categories":[1],"tags":[],"class_list":["post-64180","post","type-post","status-publish","format-standard","has-post-thumbnail","hentry","category-destacadas"],"acf":[],"_links":{"self":[{"href":"https:\/\/vocesparalelas.com.ar\/sitio\/wp-json\/wp\/v2\/posts\/64180","targetHints":{"allow":["GET"]}}],"collection":[{"href":"https:\/\/vocesparalelas.com.ar\/sitio\/wp-json\/wp\/v2\/posts"}],"about":[{"href":"https:\/\/vocesparalelas.com.ar\/sitio\/wp-json\/wp\/v2\/types\/post"}],"author":[{"embeddable":true,"href":"https:\/\/vocesparalelas.com.ar\/sitio\/wp-json\/wp\/v2\/users\/3"}],"replies":[{"embeddable":true,"href":"https:\/\/vocesparalelas.com.ar\/sitio\/wp-json\/wp\/v2\/comments?post=64180"}],"version-history":[{"count":1,"href":"https:\/\/vocesparalelas.com.ar\/sitio\/wp-json\/wp\/v2\/posts\/64180\/revisions"}],"predecessor-version":[{"id":64185,"href":"https:\/\/vocesparalelas.com.ar\/sitio\/wp-json\/wp\/v2\/posts\/64180\/revisions\/64185"}],"wp:featuredmedia":[{"embeddable":true,"href":"https:\/\/vocesparalelas.com.ar\/sitio\/wp-json\/wp\/v2\/media\/64184"}],"wp:attachment":[{"href":"https:\/\/vocesparalelas.com.ar\/sitio\/wp-json\/wp\/v2\/media?parent=64180"}],"wp:term":[{"taxonomy":"category","embeddable":true,"href":"https:\/\/vocesparalelas.com.ar\/sitio\/wp-json\/wp\/v2\/categories?post=64180"},{"taxonomy":"post_tag","embeddable":true,"href":"https:\/\/vocesparalelas.com.ar\/sitio\/wp-json\/wp\/v2\/tags?post=64180"}],"curies":[{"name":"wp","href":"https:\/\/api.w.org\/{rel}","templated":true}]}}