{"id":64174,"date":"2023-10-05T22:12:27","date_gmt":"2023-10-06T01:12:27","guid":{"rendered":"https:\/\/vocesparalelas.com.ar\/sitio\/?p=64174"},"modified":"2023-10-05T23:22:09","modified_gmt":"2023-10-06T02:22:09","slug":"obras-mas-destacadas-de-vialidad-provincial-de-san-juan-en-el-dia-del-camino-y-la-educacion-vial","status":"publish","type":"post","link":"https:\/\/vocesparalelas.com.ar\/sitio\/obras-mas-destacadas-de-vialidad-provincial-de-san-juan-en-el-dia-del-camino-y-la-educacion-vial\/","title":{"rendered":"Obras m\u00e1s destacadas de Vialidad Provincial de San Juan en el \u201cD\u00eda del Camino y la Educaci\u00f3n Vial\u201d"},"content":{"rendered":"<p>En la Rep\u00fablica Argentina, el 5 de Octubre se celebra el \u201cD\u00eda del Camino y la Educaci\u00f3n Vial\u201d, porque en 1925 se realiz\u00f3 en la ciudad de Buenos Aires el primer Congreso Panamericano de Carreteras, que marc\u00f3 el inicio de la expansi\u00f3n de las rutas en la Argentina y fue s\u00edmbolo de la integraci\u00f3n entre los pueblos y el desarrollo.<\/p>\n<p>La fecha es especial para los trabajadores de la Direcci\u00f3n Provincial de Vialidad &#8211; DPV -, ya que es un d\u00eda para poner en valor y visibilizar sus m\u00faltiples y, a veces, complejas tareas.<\/p>\n<p>El eje fundamental de trabajo de la DPV es la construcci\u00f3n, mejora, ampliaci\u00f3n y mantenimiento de toda la red vial a nivel provincial, con el fin de garantizar la seguridad y conectividad de toda la poblaci\u00f3n.<\/p>\n<p>Adem\u00e1s, el 26 de Octubre, la repartici\u00f3n de San Juan, cumple 89 a\u00f1os, su creaci\u00f3n se dio en el marco de la Ley Provincial 593 que data del a\u00f1o 1934, a su vez esta normativa se adhiri\u00f3 a la Ley Nacional de Vialidad 11658 de 1932.<\/p>\n<p>Es una \u00e9poca especial, ya que la DPV se encuentra ejecutando-en su rol de contratante y ente supervisor- una obra emblem\u00e1tica para la historia de la vialidad sanjuanina: la construcci\u00f3n del T\u00fanel de Zonda.<\/p>\n<p>Esta megaobra, que cuenta con financiamiento internacional del BID, permitir\u00e1 una vinculaci\u00f3n directa entre los departamentos Rivadavia y Zonda, mediante un\u00a0<i>bypass\u00a0<\/i>que evitar\u00e1 la circulaci\u00f3n en el tramo conocido como Quebrada de Zonda, a trav\u00e9s de un t\u00fanel que atravesar\u00e1 la sierra de Marquesado con una longitud de 1.100 metros y dos carriles de circulaci\u00f3n (uno para ida y otro para vuelta).<\/p>\n<p>Adem\u00e1s, este corredor alojar\u00e1 en su interior a la tuber\u00eda troncal del Acueducto Gran San Juan, un conducto de gas proyectado para alimentar los departamentos involucrados, como as\u00ed tambi\u00e9n fibra \u00f3ptica y posibilidades de tendido de energ\u00eda el\u00e9ctrica para la zona.<\/p>\n<p>Este mes, la obra cumpli\u00f3 un hito fundamental, ya que se inici\u00f3 la primera voladura para despejar la zona del portal que albergar\u00e1 el t\u00fanel en pocos meses.<\/p>\n<p>Debido a su magnitud y futuros beneficios para la poblaci\u00f3n (no s\u00f3lo sanjuanina sino tambi\u00e9n de turistas) fue declarado de Inter\u00e9s Provincial.<\/p>\n<p><span style=\"color: #800080;\"><b>M\u00e1s y mejores caminos en la Provincia de San Juan<\/b><\/span><\/p>\n<p>Resulta una buena oportunidad mencionar, tambi\u00e9n,\u00a0otras obras emblem\u00e1ticas en rutas y caminos que se realizaron en el \u00faltimo tiempo\u00a0y, tambi\u00e9n, las que est\u00e1n en plena ejecuci\u00f3n en la Provincia. Entre estas se encuentra la segunda etapa de la\u00a0Ruta Provincial 12, tramo Pachaco-Calingasta, con una extensi\u00f3n de 13 kil\u00f3metros, la cual se proyecta su conclusi\u00f3n a finales de este a\u00f1o.<\/p>\n<p>A su vez, se dio por finalizado el \u201cCamino del Huarpe\u201d, una obra a\u00f1orada por la comunidad originaria huarpe de las Lagunas de Guanacache en el departamento Sarmiento. La traza materializada, hasta el l\u00edmite de la provincia de Mendoza, tiene una longitud total de 14.2 km y un ancho variable de 6 a 8 metros. El nuevo camino no s\u00f3lo beneficia a los\/as pobladores de esa zona, sino adem\u00e1s, facilita al municipio para acceder con servicios esenciales, como provisi\u00f3n de agua potable, asistencia m\u00e9dica, recolecci\u00f3n de residuos, entre otros.<\/p>\n<p>En la ciudad Capital de San Juan, el hist\u00f3rico ensanche de la Av. Ignacio de la Roza entre Las Heras y Urquiza. Las tareas incluyeron el soterramiento de los servicios de agua potable, cloacales, canales de riego, el\u00e9ctricos, de telefon\u00eda, cable, video vigilancia, telecomunicaciones, alumbrado p\u00fablico y la correspondiente semaforizaci\u00f3n. Adem\u00e1s, a la fecha se realizan los estudios correspondientes para poder avanzar con las obras de pavimentaci\u00f3n de Av. C\u00f3rdoba.<\/p>\n<p>Otra obra demandada hist\u00f3ricamente, en la que se est\u00e1 trabajando, es el ensanche y repavimentaci\u00f3n de la\u00a0Ruta Provincial 155, conocida como calle 5, en los departamentos Rawson y Pocito. El proyecto plantea cuatro perfiles de obra: el primero contando con un ancho de zona de camino de 24 metros; el segundo con un ancho de 28 metros; el tercero previsto con un ancho de zona de camino de 29 metros; y el \u00faltimo con un ancho de zona de camino de 30 metros.<\/p>\n<p>Asimismo, en el norte de la Provincia la repavimentaci\u00f3n ya realizada de la\u00a0Ruta Provincial N\u00b0497 calle Vicu\u00f1a Larra\u00edn, en el tramo comprendido entre la calle Presidente Per\u00f3n y la Ruta Nacional 150, dentro del n\u00facleo urbano de J\u00e1chal, siendo considerada esta arteria como el primer acceso a la ciudad norte\u00f1a. Con la ejecuci\u00f3n de la obra se mejor\u00f3 la calidad de vida de la comunidad de la zona y de los transe\u00fantes que a diario atraviesan la misma, elevando la comodidad y el nivel de servicio para el tr\u00e1nsito vehicular.<\/p>\n<p>En esta misma l\u00ednea, con el objetivo de mejorar y reacondicionar la Red Vial Urbana Municipal afectada por obras de saneamiento y servicios, la DPV firm\u00f3 diversos convenios con las municipalidades de\u00a0Albard\u00f3n, Capital, Caucete, Iglesia, J\u00e1chal y Sarmiento. Los acuerdos prev\u00e9n obras de pavimentaci\u00f3n y repavimentaci\u00f3n de m\u00faltiples calles departamentales, los cuales ya se est\u00e1n llevando adelante.<\/p>\n<p><img loading=\"lazy\" decoding=\"async\" class=\"alignnone size-large wp-image-6984\" src=\"https:\/\/vocesparalelas.com.ar\/sitio\/wp-content\/uploads\/2017\/11\/RUTA-150-800x531.jpg\" alt=\"\" width=\"800\" height=\"531\" srcset=\"https:\/\/vocesparalelas.com.ar\/sitio\/wp-content\/uploads\/2017\/11\/RUTA-150-800x531.jpg 800w, https:\/\/vocesparalelas.com.ar\/sitio\/wp-content\/uploads\/2017\/11\/RUTA-150-300x199.jpg 300w, https:\/\/vocesparalelas.com.ar\/sitio\/wp-content\/uploads\/2017\/11\/RUTA-150-768x510.jpg 768w, https:\/\/vocesparalelas.com.ar\/sitio\/wp-content\/uploads\/2017\/11\/RUTA-150.jpg 1024w\" sizes=\"auto, (max-width: 800px) 100vw, 800px\" \/><\/p>\n<p>&nbsp;<\/p>\n","protected":false},"excerpt":{"rendered":"<p>En la Rep\u00fablica Argentina, el 5 de Octubre se celebra el \u201cD\u00eda del Camino y la Educaci\u00f3n Vial\u201d, porque en<\/p>\n","protected":false},"author":3,"featured_media":2876,"comment_status":"closed","ping_status":"closed","sticky":false,"template":"","format":"standard","meta":{"_acf_changed":false,"_seopress_robots_primary_cat":"none","_seopress_titles_title":"","_seopress_titles_desc":"","_seopress_robots_index":"","colormag_page_container_layout":"default_layout","colormag_page_sidebar_layout":"default_layout","footnotes":""},"categories":[1],"tags":[],"class_list":["post-64174","post","type-post","status-publish","format-standard","has-post-thumbnail","hentry","category-destacadas"],"acf":[],"_links":{"self":[{"href":"https:\/\/vocesparalelas.com.ar\/sitio\/wp-json\/wp\/v2\/posts\/64174","targetHints":{"allow":["GET"]}}],"collection":[{"href":"https:\/\/vocesparalelas.com.ar\/sitio\/wp-json\/wp\/v2\/posts"}],"about":[{"href":"https:\/\/vocesparalelas.com.ar\/sitio\/wp-json\/wp\/v2\/types\/post"}],"author":[{"embeddable":true,"href":"https:\/\/vocesparalelas.com.ar\/sitio\/wp-json\/wp\/v2\/users\/3"}],"replies":[{"embeddable":true,"href":"https:\/\/vocesparalelas.com.ar\/sitio\/wp-json\/wp\/v2\/comments?post=64174"}],"version-history":[{"count":1,"href":"https:\/\/vocesparalelas.com.ar\/sitio\/wp-json\/wp\/v2\/posts\/64174\/revisions"}],"predecessor-version":[{"id":64177,"href":"https:\/\/vocesparalelas.com.ar\/sitio\/wp-json\/wp\/v2\/posts\/64174\/revisions\/64177"}],"wp:featuredmedia":[{"embeddable":true,"href":"https:\/\/vocesparalelas.com.ar\/sitio\/wp-json\/wp\/v2\/media\/2876"}],"wp:attachment":[{"href":"https:\/\/vocesparalelas.com.ar\/sitio\/wp-json\/wp\/v2\/media?parent=64174"}],"wp:term":[{"taxonomy":"category","embeddable":true,"href":"https:\/\/vocesparalelas.com.ar\/sitio\/wp-json\/wp\/v2\/categories?post=64174"},{"taxonomy":"post_tag","embeddable":true,"href":"https:\/\/vocesparalelas.com.ar\/sitio\/wp-json\/wp\/v2\/tags?post=64174"}],"curies":[{"name":"wp","href":"https:\/\/api.w.org\/{rel}","templated":true}]}}