{"id":64164,"date":"2023-10-05T21:10:16","date_gmt":"2023-10-06T00:10:16","guid":{"rendered":"https:\/\/vocesparalelas.com.ar\/sitio\/?p=64164"},"modified":"2023-10-05T21:10:16","modified_gmt":"2023-10-06T00:10:16","slug":"se-adhiere-al-sistema-nacional-de-documentacion-historica-el-archivo-general-de-san-juan","status":"publish","type":"post","link":"https:\/\/vocesparalelas.com.ar\/sitio\/se-adhiere-al-sistema-nacional-de-documentacion-historica-el-archivo-general-de-san-juan\/","title":{"rendered":"Se adhiere al Sistema Nacional de Documentaci\u00f3n Hist\u00f3rica el Archivo General de San Juan"},"content":{"rendered":"<p>La Direcci\u00f3n del Archivo General de la Provincia, perteneciente al Ministerio de Gobierno de San Juan, concret\u00f3 la adhesi\u00f3n al Sistema Nacional de Documentaci\u00f3n Hist\u00f3rica &#8211; SNDH -, con el objetivo de contribuir al fortalecimiento de esta herramienta federal en aspectos de recolecci\u00f3n, sistematizaci\u00f3n, preservaci\u00f3n, acceso y utilizaci\u00f3n del patrimonio documental.<\/p>\n<p>Como iniciativa del Ministerio de Ciencia, Tecnolog\u00eda e Innovaci\u00f3n de la Naci\u00f3n, el SNDH lleva adelante un sistema de informaci\u00f3n respecto de las organizaciones e instituciones que contienen material documental con pautas de Archiv\u00edstica, integrado por especialistas en investigaci\u00f3n hist\u00f3rica, archiv\u00edstica y bibliotecolog\u00eda.<\/p>\n<p>Este proceso de adhesi\u00f3n del AGP al Sistema Nacional de Documentaci\u00f3n Hist\u00f3rica, rubricado con la resoluci\u00f3n 2023-1931-APN-SACT-MCT, le permitir\u00e1 al Archivo potenciar colaborativamente sus funciones de preservaci\u00f3n y resguardo del acervo documental junto al organismo nacional, adem\u00e1s de solicitar financiamiento para proyectos de fortalecimiento de capacidades tecnol\u00f3gicas.<\/p>\n<p>&nbsp;<\/p>\n","protected":false},"excerpt":{"rendered":"<p>La Direcci\u00f3n del Archivo General de la Provincia, perteneciente al Ministerio de Gobierno de San Juan, concret\u00f3 la adhesi\u00f3n al<\/p>\n","protected":false},"author":3,"featured_media":43069,"comment_status":"closed","ping_status":"closed","sticky":false,"template":"","format":"standard","meta":{"_acf_changed":false,"_seopress_robots_primary_cat":"none","_seopress_titles_title":"","_seopress_titles_desc":"","_seopress_robots_index":"","colormag_page_container_layout":"default_layout","colormag_page_sidebar_layout":"default_layout","footnotes":""},"categories":[1],"tags":[],"class_list":["post-64164","post","type-post","status-publish","format-standard","has-post-thumbnail","hentry","category-destacadas"],"acf":[],"_links":{"self":[{"href":"https:\/\/vocesparalelas.com.ar\/sitio\/wp-json\/wp\/v2\/posts\/64164","targetHints":{"allow":["GET"]}}],"collection":[{"href":"https:\/\/vocesparalelas.com.ar\/sitio\/wp-json\/wp\/v2\/posts"}],"about":[{"href":"https:\/\/vocesparalelas.com.ar\/sitio\/wp-json\/wp\/v2\/types\/post"}],"author":[{"embeddable":true,"href":"https:\/\/vocesparalelas.com.ar\/sitio\/wp-json\/wp\/v2\/users\/3"}],"replies":[{"embeddable":true,"href":"https:\/\/vocesparalelas.com.ar\/sitio\/wp-json\/wp\/v2\/comments?post=64164"}],"version-history":[{"count":1,"href":"https:\/\/vocesparalelas.com.ar\/sitio\/wp-json\/wp\/v2\/posts\/64164\/revisions"}],"predecessor-version":[{"id":64167,"href":"https:\/\/vocesparalelas.com.ar\/sitio\/wp-json\/wp\/v2\/posts\/64164\/revisions\/64167"}],"wp:featuredmedia":[{"embeddable":true,"href":"https:\/\/vocesparalelas.com.ar\/sitio\/wp-json\/wp\/v2\/media\/43069"}],"wp:attachment":[{"href":"https:\/\/vocesparalelas.com.ar\/sitio\/wp-json\/wp\/v2\/media?parent=64164"}],"wp:term":[{"taxonomy":"category","embeddable":true,"href":"https:\/\/vocesparalelas.com.ar\/sitio\/wp-json\/wp\/v2\/categories?post=64164"},{"taxonomy":"post_tag","embeddable":true,"href":"https:\/\/vocesparalelas.com.ar\/sitio\/wp-json\/wp\/v2\/tags?post=64164"}],"curies":[{"name":"wp","href":"https:\/\/api.w.org\/{rel}","templated":true}]}}