{"id":64153,"date":"2023-10-05T20:15:13","date_gmt":"2023-10-05T23:15:13","guid":{"rendered":"https:\/\/vocesparalelas.com.ar\/sitio\/?p=64153"},"modified":"2023-10-05T20:15:13","modified_gmt":"2023-10-05T23:15:13","slug":"se-amplian-los-servicios-de-salud-en-el-hospital-polivalente-dra-julieta-lanteri-en-san-juan","status":"publish","type":"post","link":"https:\/\/vocesparalelas.com.ar\/sitio\/se-amplian-los-servicios-de-salud-en-el-hospital-polivalente-dra-julieta-lanteri-en-san-juan\/","title":{"rendered":"Se ampl\u00edan los servicios de salud en el Hospital Polivalente \u00abDra. Julieta Lanteri\u00bb en San Juan"},"content":{"rendered":"<p>Desde que se inaugur\u00f3 el edifico del Hospital Polivalente Dra. Julieta Lanteri permiti\u00f3 que el antiguo Hospital Neuropsiqui\u00e1trico de Zonda, en la localidad de La Bebida, Departamento Rivadavia, se transformara primero en San Juan y Argentina con el servicio sanitario p\u00fablico.<\/p>\n<p>Es as\u00ed que siguen las autoridades de las instituciones para seguir avanzando en fortalecer\u00a0 el sistema de salud quienes mantuvieron una reuni\u00f3n el jefe de la Zona Sanitaria IV, Dr. Walter Antu\u00f1a, la directora del Hospital Polivalente Dra. Julieta Lanteri, Dra. Laura Tamarit, el encargado del 107 y del SMI Dr. Juan Valiente y el equipo de la Guardia del hospital para coordinar acciones sobre la atenci\u00f3n y recepci\u00f3n de pacientes en la emergencia y en el \u00e1rea program\u00e1tica.<\/p>\n<p><img loading=\"lazy\" decoding=\"async\" class=\"alignnone size-full wp-image-64156\" src=\"https:\/\/vocesparalelas.com.ar\/sitio\/wp-content\/uploads\/2023\/10\/HOSPITAL-LANTERI.jpg\" alt=\"\" width=\"800\" height=\"450\" srcset=\"https:\/\/vocesparalelas.com.ar\/sitio\/wp-content\/uploads\/2023\/10\/HOSPITAL-LANTERI.jpg 800w, https:\/\/vocesparalelas.com.ar\/sitio\/wp-content\/uploads\/2023\/10\/HOSPITAL-LANTERI-300x169.jpg 300w, https:\/\/vocesparalelas.com.ar\/sitio\/wp-content\/uploads\/2023\/10\/HOSPITAL-LANTERI-768x432.jpg 768w\" sizes=\"auto, (max-width: 800px) 100vw, 800px\" \/><\/p>\n<p>Es importante destacar que el Hospital Polivalente Dra. Julieta Lanteri ha quedado muy cerca de la zona que la ampliaci\u00f3n de Barrios habitacionales, permiti\u00f3 el aumento de poblaci\u00f3n y tienen ahora un servicio de salud p\u00fablica. Esto significa que la poblaci\u00f3n de la zona puede asistir a la atenci\u00f3n m\u00e9dica sin pagar el servicio. Estos logros es producto de la planificaci\u00f3n del Ministerio de Salud P\u00fablica del Gobierno de San Juan que lo asumi\u00f3 como Pol\u00edtica de Estado.<\/p>\n<p>Finalizado el encuentro, el jefe de la Zona Sanitaria IV, Dr. Walter Antu\u00f1a manifest\u00f3 que \u00abla reuni\u00f3n fue muy positiva, cuando crea la guardia el hospital que se abri\u00f3 con un personal administrativo, un m\u00e9dico y un chofer de ambulancias. Con el equipo del 107 se estableci\u00f3 coordinar acciones para buscar pacientes del \u00e1rea program\u00e1tica que corresponde a la zona IV, que incluye, Ullum, Zonda y Rivadavia y solicitar que no s\u00f3lo se env\u00eden situaciones de salud mental sino que tambi\u00e9n se pueden abordar patolog\u00edas generales\u201d.<\/p>\n<p>Durante la reuni\u00f3n tambi\u00e9n se establecieron los protocolos y normativas y se inform\u00f3 sobre los horarios de funcionamiento de las guardias con las que se cuenta en la zona sanitaria, que se pueden abordar pacientes cl\u00ednicos, excepto los pacientes que tengan diagnostico cardiol\u00f3gicos o traumatol\u00f3gicos, que deben ser derivados a los hospitales de 4 nivel o que cuenten en sus guardias con esas especialidades. El objetivo es reunirnos cada 15 d\u00edas, para continuar evaluando los protocolos y las normativas e ir modificando aquello que sea necesario para brindar una mejor calidad a los pacientes.<\/p>\n<p>Desde el 2022,\u00a0 el Hospital Polivalente Dra. Julieta Lanteri, los servicios de salud fueron avanzando, sumando nuevas especialidades profesionales como infectolog\u00eda, neurolog\u00eda, ginecolog\u00eda con embarazo de alto riesgo y un m\u00e9dico de guardia.<\/p>\n<p><img loading=\"lazy\" decoding=\"async\" class=\"alignnone size-full wp-image-47668\" src=\"https:\/\/vocesparalelas.com.ar\/sitio\/wp-content\/uploads\/2022\/04\/HOSPITAL-JULIETA-LANTERI-03.jpg\" alt=\"\" width=\"800\" height=\"534\" srcset=\"https:\/\/vocesparalelas.com.ar\/sitio\/wp-content\/uploads\/2022\/04\/HOSPITAL-JULIETA-LANTERI-03.jpg 800w, https:\/\/vocesparalelas.com.ar\/sitio\/wp-content\/uploads\/2022\/04\/HOSPITAL-JULIETA-LANTERI-03-300x200.jpg 300w, https:\/\/vocesparalelas.com.ar\/sitio\/wp-content\/uploads\/2022\/04\/HOSPITAL-JULIETA-LANTERI-03-768x513.jpg 768w\" sizes=\"auto, (max-width: 800px) 100vw, 800px\" \/><\/p>\n<blockquote class=\"wp-embedded-content\" data-secret=\"ku6wf9nnIs\"><p><a href=\"https:\/\/vocesparalelas.com.ar\/sitio\/el-hospital-polivalente-dra-julieta-lanteri-primero-en-san-juan-y-argentina-con-el-servicio-sanitario\/\">El Hospital Polivalente \u00abDra. Julieta Lanteri\u00bb primero en San Juan y Argentina con el servicio sanitario<\/a><\/p><\/blockquote>\n<p><iframe loading=\"lazy\" class=\"wp-embedded-content\" sandbox=\"allow-scripts\" security=\"restricted\" style=\"position: absolute; clip: rect(1px, 1px, 1px, 1px);\" title=\"\u00abEl Hospital Polivalente \u00abDra. Julieta Lanteri\u00bb primero en San Juan y Argentina con el servicio sanitario\u00bb \u2014 Voces Paralelas\" src=\"https:\/\/vocesparalelas.com.ar\/sitio\/el-hospital-polivalente-dra-julieta-lanteri-primero-en-san-juan-y-argentina-con-el-servicio-sanitario\/embed\/#?secret=H4wNXob3H6#?secret=ku6wf9nnIs\" data-secret=\"ku6wf9nnIs\" width=\"600\" height=\"338\" frameborder=\"0\" marginwidth=\"0\" marginheight=\"0\" scrolling=\"no\"><\/iframe><\/p>\n","protected":false},"excerpt":{"rendered":"<p>Desde que se inaugur\u00f3 el edifico del Hospital Polivalente Dra. Julieta Lanteri permiti\u00f3 que el antiguo Hospital Neuropsiqui\u00e1trico de Zonda,<\/p>\n","protected":false},"author":3,"featured_media":47667,"comment_status":"closed","ping_status":"closed","sticky":false,"template":"","format":"standard","meta":{"_acf_changed":false,"_seopress_robots_primary_cat":"none","_seopress_titles_title":"","_seopress_titles_desc":"","_seopress_robots_index":"","colormag_page_container_layout":"default_layout","colormag_page_sidebar_layout":"default_layout","footnotes":""},"categories":[1],"tags":[],"class_list":["post-64153","post","type-post","status-publish","format-standard","has-post-thumbnail","hentry","category-destacadas"],"acf":[],"_links":{"self":[{"href":"https:\/\/vocesparalelas.com.ar\/sitio\/wp-json\/wp\/v2\/posts\/64153","targetHints":{"allow":["GET"]}}],"collection":[{"href":"https:\/\/vocesparalelas.com.ar\/sitio\/wp-json\/wp\/v2\/posts"}],"about":[{"href":"https:\/\/vocesparalelas.com.ar\/sitio\/wp-json\/wp\/v2\/types\/post"}],"author":[{"embeddable":true,"href":"https:\/\/vocesparalelas.com.ar\/sitio\/wp-json\/wp\/v2\/users\/3"}],"replies":[{"embeddable":true,"href":"https:\/\/vocesparalelas.com.ar\/sitio\/wp-json\/wp\/v2\/comments?post=64153"}],"version-history":[{"count":1,"href":"https:\/\/vocesparalelas.com.ar\/sitio\/wp-json\/wp\/v2\/posts\/64153\/revisions"}],"predecessor-version":[{"id":64157,"href":"https:\/\/vocesparalelas.com.ar\/sitio\/wp-json\/wp\/v2\/posts\/64153\/revisions\/64157"}],"wp:featuredmedia":[{"embeddable":true,"href":"https:\/\/vocesparalelas.com.ar\/sitio\/wp-json\/wp\/v2\/media\/47667"}],"wp:attachment":[{"href":"https:\/\/vocesparalelas.com.ar\/sitio\/wp-json\/wp\/v2\/media?parent=64153"}],"wp:term":[{"taxonomy":"category","embeddable":true,"href":"https:\/\/vocesparalelas.com.ar\/sitio\/wp-json\/wp\/v2\/categories?post=64153"},{"taxonomy":"post_tag","embeddable":true,"href":"https:\/\/vocesparalelas.com.ar\/sitio\/wp-json\/wp\/v2\/tags?post=64153"}],"curies":[{"name":"wp","href":"https:\/\/api.w.org\/{rel}","templated":true}]}}