{"id":64149,"date":"2023-10-05T18:19:09","date_gmt":"2023-10-05T21:19:09","guid":{"rendered":"https:\/\/vocesparalelas.com.ar\/sitio\/?p=64149"},"modified":"2023-10-06T23:01:55","modified_gmt":"2023-10-07T02:01:55","slug":"ciclo-de-cine-de-la-ffha-clasicos-del-cine","status":"publish","type":"post","link":"https:\/\/vocesparalelas.com.ar\/sitio\/ciclo-de-cine-de-la-ffha-clasicos-del-cine\/","title":{"rendered":"Ciclo de Cine de la FFHA \u201cCl\u00e1sicos del cine\u201d"},"content":{"rendered":"<p>Los Mi\u00e9rcoles, 11 y 18 de Octubre, a las 20:40 hs.; en el Aula Magna de la Facultad de Filosof\u00eda, Humanidades y Artes de la Universidad Nacional de San Juan se desarrolla el Ciclo de Cine de la FFHA \u201cCl\u00e1sicos del cine\u201d. La entrada es libre y gratuita.<\/p>\n<p>El Ciclo es creado y coordinado por Carlos Cerimedo hace 26 a\u00f1os consecutivos se entrega a la comunidad de San Juan para que el cine no se pierda en la sala.<\/p>\n<p>Adem\u00e1s, surgi\u00f3 el Ciclo de verano, en el Anfiteatro Buenaventura Luna, del complejo del Auditorio Ing. Juan Victoria, durante Febrero y Marzo.<\/p>\n<p>Es importante destacar que fue declarado de Inter\u00e9s Provincial, Legislativo, Universitario y de Inter\u00e9s cultural por el Ministerio de Cultura y Camara de diputados de la Naci\u00f3n.<\/p>\n<p><span style=\"color: #339966;\"><strong>Programa<\/strong><\/span><\/p>\n<ul>\n<li>11 de Octubre, se proyecta la pel\u00edcula \u201cCabo de Miedo\u201d, de B. Lee Thompson, con Gregory Peck, Robert Mitchum, Polly Bergen,Telly Savalas y Martin Balsam. Apta mayores 13 a\u00f1os<\/li>\n<\/ul>\n<p><iframe loading=\"lazy\" title=\"Kitustrailers: EL CABO DEL MIEDO (Trailer en espa\u00f1ol)\" width=\"800\" height=\"600\" src=\"https:\/\/www.youtube.com\/embed\/ssnaQAXG5vg?feature=oembed\" frameborder=\"0\" allow=\"accelerometer; autoplay; clipboard-write; encrypted-media; gyroscope; picture-in-picture; web-share\" allowfullscreen><\/iframe><\/p>\n<ul>\n<li>18 de Octubre, se proyecta la pel\u00edcula \u201cCuenta Conmigo\u201d de Rob Reiner, con Wil Wheaton, River Phoenix, Corey Feldman, Jerry O\u00b4Conell<\/li>\n<\/ul>\n<p><iframe loading=\"lazy\" title=\"Kitustrailers : CUENTA CONMIGO (Trailer en Espa\u00f1ol)\" width=\"800\" height=\"600\" src=\"https:\/\/www.youtube.com\/embed\/zwOpWbajUnY?feature=oembed\" frameborder=\"0\" allow=\"accelerometer; autoplay; clipboard-write; encrypted-media; gyroscope; picture-in-picture; web-share\" allowfullscreen><\/iframe><\/p>\n<p><img loading=\"lazy\" decoding=\"async\" class=\"alignnone size-full wp-image-60412\" src=\"https:\/\/vocesparalelas.com.ar\/sitio\/wp-content\/uploads\/2023\/06\/FFHA-EDIFICIO.jpg\" alt=\"\" width=\"800\" height=\"429\" srcset=\"https:\/\/vocesparalelas.com.ar\/sitio\/wp-content\/uploads\/2023\/06\/FFHA-EDIFICIO.jpg 800w, https:\/\/vocesparalelas.com.ar\/sitio\/wp-content\/uploads\/2023\/06\/FFHA-EDIFICIO-300x161.jpg 300w, https:\/\/vocesparalelas.com.ar\/sitio\/wp-content\/uploads\/2023\/06\/FFHA-EDIFICIO-768x412.jpg 768w\" sizes=\"auto, (max-width: 800px) 100vw, 800px\" \/><\/p>\n","protected":false},"excerpt":{"rendered":"<p>Los Mi\u00e9rcoles, 11 y 18 de Octubre, a las 20:40 hs.; en el Aula Magna de la Facultad de Filosof\u00eda,<\/p>\n","protected":false},"author":3,"featured_media":60454,"comment_status":"closed","ping_status":"closed","sticky":false,"template":"","format":"standard","meta":{"_acf_changed":false,"_seopress_robots_primary_cat":"none","_seopress_titles_title":"","_seopress_titles_desc":"","_seopress_robots_index":"","colormag_page_container_layout":"default_layout","colormag_page_sidebar_layout":"default_layout","footnotes":""},"categories":[20],"tags":[],"class_list":["post-64149","post","type-post","status-publish","format-standard","has-post-thumbnail","hentry","category-cartelera"],"acf":[],"_links":{"self":[{"href":"https:\/\/vocesparalelas.com.ar\/sitio\/wp-json\/wp\/v2\/posts\/64149","targetHints":{"allow":["GET"]}}],"collection":[{"href":"https:\/\/vocesparalelas.com.ar\/sitio\/wp-json\/wp\/v2\/posts"}],"about":[{"href":"https:\/\/vocesparalelas.com.ar\/sitio\/wp-json\/wp\/v2\/types\/post"}],"author":[{"embeddable":true,"href":"https:\/\/vocesparalelas.com.ar\/sitio\/wp-json\/wp\/v2\/users\/3"}],"replies":[{"embeddable":true,"href":"https:\/\/vocesparalelas.com.ar\/sitio\/wp-json\/wp\/v2\/comments?post=64149"}],"version-history":[{"count":1,"href":"https:\/\/vocesparalelas.com.ar\/sitio\/wp-json\/wp\/v2\/posts\/64149\/revisions"}],"predecessor-version":[{"id":64152,"href":"https:\/\/vocesparalelas.com.ar\/sitio\/wp-json\/wp\/v2\/posts\/64149\/revisions\/64152"}],"wp:featuredmedia":[{"embeddable":true,"href":"https:\/\/vocesparalelas.com.ar\/sitio\/wp-json\/wp\/v2\/media\/60454"}],"wp:attachment":[{"href":"https:\/\/vocesparalelas.com.ar\/sitio\/wp-json\/wp\/v2\/media?parent=64149"}],"wp:term":[{"taxonomy":"category","embeddable":true,"href":"https:\/\/vocesparalelas.com.ar\/sitio\/wp-json\/wp\/v2\/categories?post=64149"},{"taxonomy":"post_tag","embeddable":true,"href":"https:\/\/vocesparalelas.com.ar\/sitio\/wp-json\/wp\/v2\/tags?post=64149"}],"curies":[{"name":"wp","href":"https:\/\/api.w.org\/{rel}","templated":true}]}}