{"id":64129,"date":"2023-10-04T22:14:31","date_gmt":"2023-10-05T01:14:31","guid":{"rendered":"https:\/\/vocesparalelas.com.ar\/sitio\/?p=64129"},"modified":"2023-10-05T23:24:12","modified_gmt":"2023-10-06T02:24:12","slug":"expo-anime-en-el-centro-cultural-conte-grand-de-san-juan","status":"publish","type":"post","link":"https:\/\/vocesparalelas.com.ar\/sitio\/expo-anime-en-el-centro-cultural-conte-grand-de-san-juan\/","title":{"rendered":"Expo Anime en el Centro Cultural Conte Grand de San Juan"},"content":{"rendered":"<p>El Centro Cultural Conte Grand se prepara para un fin de semana lleno de actividades. Dos eventos destacados se llevar\u00e1n a cabo, ofreciendo experiencias \u00fanicas y diversi\u00f3n para todos.<\/p>\n<p>El viernes 6 de octubre, de 20:30 a 22:30, la profesora Soledad Paredes realizar\u00e1 un taller de Acro Yoga. La actividad est\u00e1 dise\u00f1ada para personas en niveles iniciales e intermedios de yoga, pero la invitaci\u00f3n se extiende a aquellos sin experiencia previa que deseen explorar el fascinante universo del Acro Yoga.<\/p>\n<p>Este taller ofrece la oportunidad de encontrar el equilibrio entre cuerpo y mente, explorando el trabajo en equipo, la fuerza, resistencia y flexibilidad.<\/p>\n<p>El arancel es de $4000 y se requiere inscripci\u00f3n previa completando el formulario disponible en este enlace<\/p>\n<p><a href=\"https:\/\/forms.gle\/2hAY3ctbvcxYVppT7\">https:\/\/forms.gle\/2hAY3ctbvcxYVppT7<\/a><\/p>\n<p>Para m\u00e1s informaci\u00f3n, los interesados pueden contactarse al tel\u00e9fono 2644004841.<\/p>\n<p>Cabe destacar que la confirmaci\u00f3n de asistencia, mediante el env\u00edo del comprobante de pago, es crucial para asegurar la participaci\u00f3n.<\/p>\n<p>Por otro lado, el S\u00e1bado, 7 y el Domingo, 8 de octubre, la Expo Anime regresa al Conte Grand con su tercera edici\u00f3n. Desde las 16 hasta las 21 hs el s\u00e1bado y de 16 a 20 hs el domingo, los amantes de la cultura japonesa podr\u00e1n sumergirse en un mundo lleno de actividades frikis.<\/p>\n<p>Entre las actividades que se llevar\u00e1n a cabo en esta edici\u00f3n se destaca la pasarela de cosplay, shows de Kpop, juegos de rol, concursos de cosplay y Kpop, show drag, duelo de cosplayers, Kpop random dance, Just Dance, y covers de anime y Kpop en viol\u00edn.<\/p>\n<p>Adem\u00e1s, los asistentes tendr\u00e1n la oportunidad de disfrutar de aut\u00e9ntico ramen japon\u00e9s. La entrada a este evento es libre y gratuita, ofreciendo la oportunidad de disfrutar de un fin de semana lleno de diversi\u00f3n y entretenimiento.<\/p>\n<p><img loading=\"lazy\" decoding=\"async\" class=\"alignnone size-large wp-image-22523\" src=\"https:\/\/vocesparalelas.com.ar\/sitio\/wp-content\/uploads\/2019\/07\/CENTRO-CULTURAL-CONTE-GRAND-800x601.jpg\" alt=\"\" width=\"800\" height=\"601\" srcset=\"https:\/\/vocesparalelas.com.ar\/sitio\/wp-content\/uploads\/2019\/07\/CENTRO-CULTURAL-CONTE-GRAND-800x601.jpg 800w, https:\/\/vocesparalelas.com.ar\/sitio\/wp-content\/uploads\/2019\/07\/CENTRO-CULTURAL-CONTE-GRAND-300x225.jpg 300w, https:\/\/vocesparalelas.com.ar\/sitio\/wp-content\/uploads\/2019\/07\/CENTRO-CULTURAL-CONTE-GRAND-768x577.jpg 768w, https:\/\/vocesparalelas.com.ar\/sitio\/wp-content\/uploads\/2019\/07\/CENTRO-CULTURAL-CONTE-GRAND.jpg 1000w\" sizes=\"auto, (max-width: 800px) 100vw, 800px\" \/><\/p>\n","protected":false},"excerpt":{"rendered":"<p>El Centro Cultural Conte Grand se prepara para un fin de semana lleno de actividades. Dos eventos destacados se llevar\u00e1n<\/p>\n","protected":false},"author":3,"featured_media":61788,"comment_status":"closed","ping_status":"closed","sticky":false,"template":"","format":"standard","meta":{"_acf_changed":false,"_seopress_robots_primary_cat":"none","_seopress_titles_title":"","_seopress_titles_desc":"","_seopress_robots_index":"","colormag_page_container_layout":"default_layout","colormag_page_sidebar_layout":"default_layout","footnotes":""},"categories":[20],"tags":[],"class_list":["post-64129","post","type-post","status-publish","format-standard","has-post-thumbnail","hentry","category-cartelera"],"acf":[],"_links":{"self":[{"href":"https:\/\/vocesparalelas.com.ar\/sitio\/wp-json\/wp\/v2\/posts\/64129","targetHints":{"allow":["GET"]}}],"collection":[{"href":"https:\/\/vocesparalelas.com.ar\/sitio\/wp-json\/wp\/v2\/posts"}],"about":[{"href":"https:\/\/vocesparalelas.com.ar\/sitio\/wp-json\/wp\/v2\/types\/post"}],"author":[{"embeddable":true,"href":"https:\/\/vocesparalelas.com.ar\/sitio\/wp-json\/wp\/v2\/users\/3"}],"replies":[{"embeddable":true,"href":"https:\/\/vocesparalelas.com.ar\/sitio\/wp-json\/wp\/v2\/comments?post=64129"}],"version-history":[{"count":1,"href":"https:\/\/vocesparalelas.com.ar\/sitio\/wp-json\/wp\/v2\/posts\/64129\/revisions"}],"predecessor-version":[{"id":64132,"href":"https:\/\/vocesparalelas.com.ar\/sitio\/wp-json\/wp\/v2\/posts\/64129\/revisions\/64132"}],"wp:featuredmedia":[{"embeddable":true,"href":"https:\/\/vocesparalelas.com.ar\/sitio\/wp-json\/wp\/v2\/media\/61788"}],"wp:attachment":[{"href":"https:\/\/vocesparalelas.com.ar\/sitio\/wp-json\/wp\/v2\/media?parent=64129"}],"wp:term":[{"taxonomy":"category","embeddable":true,"href":"https:\/\/vocesparalelas.com.ar\/sitio\/wp-json\/wp\/v2\/categories?post=64129"},{"taxonomy":"post_tag","embeddable":true,"href":"https:\/\/vocesparalelas.com.ar\/sitio\/wp-json\/wp\/v2\/tags?post=64129"}],"curies":[{"name":"wp","href":"https:\/\/api.w.org\/{rel}","templated":true}]}}