{"id":64123,"date":"2023-10-04T21:00:29","date_gmt":"2023-10-05T00:00:29","guid":{"rendered":"https:\/\/vocesparalelas.com.ar\/sitio\/?p=64123"},"modified":"2023-10-05T23:23:21","modified_gmt":"2023-10-06T02:23:21","slug":"ganadores-del-concurso-yo-valoro-el-agua-potable-de-osse-san-juan","status":"publish","type":"post","link":"https:\/\/vocesparalelas.com.ar\/sitio\/ganadores-del-concurso-yo-valoro-el-agua-potable-de-osse-san-juan\/","title":{"rendered":"Ganadores del Concurso \u201cYo valoro el agua potable\u201d de OSSE San Juan"},"content":{"rendered":"<p>El primer puesto de la categor\u00eda Nivel Primario\u00a0fue para la\u00a0docente Ver\u00f3nica Garc\u00eda y sus alumnos de 6\u00b0 B de la Escuela Sarmiento, Departamento Capital. Ellos, trabajaron en dos propuestas: la primera, un podcast y la segunda, una producci\u00f3n audiovisual, conducidos ambos por los propios alumnos; a trav\u00e9s de las cuales explican paso a paso c\u00f3mo es el proceso de potabilizaci\u00f3n del agua. Relatan tambi\u00e9n, diversas estrategias y consejos para cuidar el agua potable.<\/p>\n<figure id=\"attachment_64126\" aria-describedby=\"caption-attachment-64126\" style=\"width: 800px\" class=\"wp-caption alignnone\"><img loading=\"lazy\" decoding=\"async\" class=\"size-full wp-image-64126\" src=\"https:\/\/vocesparalelas.com.ar\/sitio\/wp-content\/uploads\/2023\/10\/OSSE-GANADORES-01.jpg\" alt=\"\" width=\"800\" height=\"450\" srcset=\"https:\/\/vocesparalelas.com.ar\/sitio\/wp-content\/uploads\/2023\/10\/OSSE-GANADORES-01.jpg 800w, https:\/\/vocesparalelas.com.ar\/sitio\/wp-content\/uploads\/2023\/10\/OSSE-GANADORES-01-300x169.jpg 300w, https:\/\/vocesparalelas.com.ar\/sitio\/wp-content\/uploads\/2023\/10\/OSSE-GANADORES-01-768x432.jpg 768w\" sizes=\"auto, (max-width: 800px) 100vw, 800px\" \/><figcaption id=\"caption-attachment-64126\" class=\"wp-caption-text\">6\u00b0 B de la Escuela Sarmiento, Departamento Capital<\/figcaption><\/figure>\n<p>Por su parte, el docente\u00a0Walter Cabrera y sus estudiantes de Habilidades III de la Escuela de Educaci\u00f3n Especial Jos\u00e9 de Cupertino en el departamento Rivadavia\u00a0fueron seleccionados como ganadores del\u00a0segundo puesto. Juntos, crearon una revista y se transformaron en el Escuadr\u00f3n H2O, superh\u00e9roes cuya misi\u00f3n es dar consejos y ayudar a la comunidad de San Juan a reconocer lo valioso que es el agua potable.<\/p>\n<figure id=\"attachment_64127\" aria-describedby=\"caption-attachment-64127\" style=\"width: 800px\" class=\"wp-caption alignnone\"><img loading=\"lazy\" decoding=\"async\" class=\"size-full wp-image-64127\" src=\"https:\/\/vocesparalelas.com.ar\/sitio\/wp-content\/uploads\/2023\/10\/OSSE-GANADORES-02.jpg\" alt=\"\" width=\"800\" height=\"450\" srcset=\"https:\/\/vocesparalelas.com.ar\/sitio\/wp-content\/uploads\/2023\/10\/OSSE-GANADORES-02.jpg 800w, https:\/\/vocesparalelas.com.ar\/sitio\/wp-content\/uploads\/2023\/10\/OSSE-GANADORES-02-300x169.jpg 300w, https:\/\/vocesparalelas.com.ar\/sitio\/wp-content\/uploads\/2023\/10\/OSSE-GANADORES-02-768x432.jpg 768w\" sizes=\"auto, (max-width: 800px) 100vw, 800px\" \/><figcaption id=\"caption-attachment-64127\" class=\"wp-caption-text\">Habilidades III de la Escuela de Educaci\u00f3n Especial Jos\u00e9 de Cupertino, Departamento Rivadavia<\/figcaption><\/figure>\n<p>&nbsp;<\/p>\n<p>Bajo la tem\u00e1tica \u201cYo valoro el agua potable\u201d y en el marco del \u201cPrograma Educativo De Concientizaci\u00f3n del Uso Y Valoraci\u00f3n Del Agua Potable\u201d OSSE puso en marcha una nueva edici\u00f3n de su Concurso Escolar. Su objetivo primordial es promover una cultura de uso responsable y valoraci\u00f3n del agua potable, motivando la creatividad, el espacio de investigaci\u00f3n y reflexi\u00f3n entre alumnos y docentes; adem\u00e1s incentivar mejoras en el comportamiento social para el cuidado y preservaci\u00f3n del agua potable, partiendo de la comunidad educativa como agentes multiplicadores de informaci\u00f3n.<\/p>\n<p>En esta oportunidad, los docentes de escuelas de gesti\u00f3n privada y estatal de todos los niveles participaron en las siguientes categor\u00edas:<\/p>\n<ul>\n<li>dibujo\/pintura<\/li>\n<li>composici\u00f3n musical<\/li>\n<li>composici\u00f3n fotogr\u00e1fica<\/li>\n<li>producci\u00f3n audiovisual\/videos<\/li>\n<li>cuento y poes\u00eda.<\/li>\n<\/ul>\n<p><span style=\"color: #0000ff;\"><strong>Los temas a abordar<\/strong><\/span><\/p>\n<ul>\n<li>Valoraci\u00f3n del agua potable: proceso que atraviesa el agua cruda para su potabilizaci\u00f3n.<\/li>\n<li>Acciones cotidianas de valoraci\u00f3n del agua potable que permiten su cuidado.<\/li>\n<\/ul>\n<p>A la hora de evaluar cada una de las propuestas presentadas, el Jurado de OSSE tuvo en consideraci\u00f3n los siguientes criterios: creatividad, originalidad, expresi\u00f3n del verdadero sentido del tema, relaci\u00f3n del trabajo con los ejes tem\u00e1ticos del concurso y adem\u00e1s vinculaci\u00f3n con la comunidad.<\/p>\n<p>OSSE agradece a los docentes de escuelas de gesti\u00f3n privada y estatal de todos los 19 Departamentos de San Juan que se sumaron a la iniciativa por el compromiso y el esmero evidenciado en cada una de las propuestas presentadas para abordar una tem\u00e1tica tan importante y que nos ata\u00f1e a todos: el cuidado de nuestro recurso vital, el agua potable.<\/p>\n","protected":false},"excerpt":{"rendered":"<p>El primer puesto de la categor\u00eda Nivel Primario\u00a0fue para la\u00a0docente Ver\u00f3nica Garc\u00eda y sus alumnos de 6\u00b0 B de la<\/p>\n","protected":false},"author":3,"featured_media":18050,"comment_status":"closed","ping_status":"closed","sticky":false,"template":"","format":"standard","meta":{"_acf_changed":false,"_seopress_robots_primary_cat":"none","_seopress_titles_title":"","_seopress_titles_desc":"","_seopress_robots_index":"","colormag_page_container_layout":"default_layout","colormag_page_sidebar_layout":"default_layout","footnotes":""},"categories":[8],"tags":[],"class_list":["post-64123","post","type-post","status-publish","format-standard","has-post-thumbnail","hentry","category-concursos"],"acf":[],"_links":{"self":[{"href":"https:\/\/vocesparalelas.com.ar\/sitio\/wp-json\/wp\/v2\/posts\/64123","targetHints":{"allow":["GET"]}}],"collection":[{"href":"https:\/\/vocesparalelas.com.ar\/sitio\/wp-json\/wp\/v2\/posts"}],"about":[{"href":"https:\/\/vocesparalelas.com.ar\/sitio\/wp-json\/wp\/v2\/types\/post"}],"author":[{"embeddable":true,"href":"https:\/\/vocesparalelas.com.ar\/sitio\/wp-json\/wp\/v2\/users\/3"}],"replies":[{"embeddable":true,"href":"https:\/\/vocesparalelas.com.ar\/sitio\/wp-json\/wp\/v2\/comments?post=64123"}],"version-history":[{"count":1,"href":"https:\/\/vocesparalelas.com.ar\/sitio\/wp-json\/wp\/v2\/posts\/64123\/revisions"}],"predecessor-version":[{"id":64128,"href":"https:\/\/vocesparalelas.com.ar\/sitio\/wp-json\/wp\/v2\/posts\/64123\/revisions\/64128"}],"wp:featuredmedia":[{"embeddable":true,"href":"https:\/\/vocesparalelas.com.ar\/sitio\/wp-json\/wp\/v2\/media\/18050"}],"wp:attachment":[{"href":"https:\/\/vocesparalelas.com.ar\/sitio\/wp-json\/wp\/v2\/media?parent=64123"}],"wp:term":[{"taxonomy":"category","embeddable":true,"href":"https:\/\/vocesparalelas.com.ar\/sitio\/wp-json\/wp\/v2\/categories?post=64123"},{"taxonomy":"post_tag","embeddable":true,"href":"https:\/\/vocesparalelas.com.ar\/sitio\/wp-json\/wp\/v2\/tags?post=64123"}],"curies":[{"name":"wp","href":"https:\/\/api.w.org\/{rel}","templated":true}]}}