{"id":64117,"date":"2023-10-04T20:49:55","date_gmt":"2023-10-04T23:49:55","guid":{"rendered":"https:\/\/vocesparalelas.com.ar\/sitio\/?p=64117"},"modified":"2023-10-05T00:06:16","modified_gmt":"2023-10-05T03:06:16","slug":"grandes-logros-deportivos-en-los-juegos-intercolegiales-2023-en-san-juan","status":"publish","type":"post","link":"https:\/\/vocesparalelas.com.ar\/sitio\/grandes-logros-deportivos-en-los-juegos-intercolegiales-2023-en-san-juan\/","title":{"rendered":"Grandes logros deportivos en los Juegos Intercolegiales 2023 en San Juan"},"content":{"rendered":"<p class=\"itemTitle\">Los Juegos Intercolegiales 2023 en San Juan siguen con gran participaci\u00f3n de las Escuelas y la apuesta de los alumnos que se lucen en cada deporte y en las instancias. En esta oportunidad del Martes, 03 de Octubre, la competencia se desarroll\u00f3 en los Departamentos de\u00a0Sarmiento, Iglesia, Caucete y Capital. Por ello, Voces Paralelas publica los resultados.<\/p>\n<p><span style=\"color: #33cccc;\"><strong>Handball<\/strong><\/span><\/p>\n<p><span style=\"color: #33cccc;\"><strong>Departamento Sarmiento<\/strong><\/span><\/p>\n<p>Sede: Escuela F\u00e9lix Aguilar, Esc. Victorina y Colegio San Antonio de Padua<\/p>\n<p>Categor\u00edas: Primaria &#8211; Participativo en Masculino, Femenino y Mixto.<\/p>\n<p>Secundaria Sub 14<\/p>\n<p><strong><span style=\"color: #33cccc;\">Femenino<\/span><\/strong><\/p>\n<p>1\u00b0 Jos\u00e9 Mar\u00eda del Carril.<br \/>\n2\u00b0 Victorina Navarro<\/p>\n<p><strong><span style=\"color: #33cccc;\">Masculino<\/span><\/strong><\/p>\n<p>1\u00b0 Anacleto Gil<br \/>\n2\u00b0 Domingo French<\/p>\n<p><strong><span style=\"color: #33cccc;\">Sub 16 Femenino<\/span><\/strong><\/p>\n<p>1\u00b0 Enrique Larreta<br \/>\n2\u00b0 Jos\u00e9 Mar\u00eda del Carril<\/p>\n<p><strong><span style=\"color: #33cccc;\">Masculino<\/span><\/strong><\/p>\n<p>1\u00b0 Escuela Navarro<br \/>\n2\u00b0 Jos\u00e9 Mar\u00eda del Carril<\/p>\n<p><span style=\"color: #33cccc;\"><strong>F\u00fatbol<\/strong><\/span><\/p>\n<p><span style=\"color: #33cccc;\"><strong>Departamento Iglesia<\/strong><\/span><\/p>\n<p>Sede: Club Sportivo San Lorenzo<\/p>\n<p><span style=\"color: #33cccc;\"><strong>Categor\u00edas: Primaria<\/strong><\/span><\/p>\n<p>-Sub 12 Femenino, Masculino y Mixto (Participativo)<\/p>\n<p><strong><span style=\"color: #33cccc;\">Secundaria<\/span><\/strong><\/p>\n<p>-Sub 16 Femenino y Masculino \/ Sub 18 Masculino (Competitivo)<\/p>\n<p><span style=\"color: #33cccc;\"><strong>Ganadores<\/strong><\/span><\/p>\n<p><span style=\"color: #33cccc;\"><strong>Femenino Sub 16<\/strong><\/span><\/p>\n<p>1\u00b0 Bachillerato Columna Cabot<\/p>\n<p><strong><span style=\"color: #33cccc;\">Masculino Sub 16<\/span><\/strong><\/p>\n<p>1\u00b0 Agrot\u00e9cnica Cornelio Saavedra C<\/p>\n<p>2\u00b0 Agrot\u00e9cnica Cornelio Saavedra B<\/p>\n<p><strong><span style=\"color: #33cccc;\">Sub 18<\/span><\/strong><\/p>\n<p>1\u00b0 Bachillerato Columna Cabot<\/p>\n<p>2\u00b0 Agrot\u00e9cnica Cornelio Saavedra B<\/p>\n<p><span style=\"color: #33cccc;\"><strong>V\u00f3ley<\/strong><\/span><\/p>\n<p><span style=\"color: #33cccc;\"><strong>Departamento Caucete<\/strong><\/span><\/p>\n<p>Sede: Uni\u00f3n Deportiva Caucetera<\/p>\n<p>Sub 12 Masculino<\/p>\n<ul>\n<li>Colegio Cristo Rey<\/li>\n<li>Escuela Manuel P. Antequeda<\/li>\n<li>Escuela Mariano Ianelli<\/li>\n<li>Escuela Segundo A Yubel<\/li>\n<li>Escuela Saturnino<\/li>\n<\/ul>\n<p><span style=\"color: #33cccc;\"><strong>Sub 12 Femenino<\/strong><\/span><\/p>\n<ul>\n<li>Colegio Cristo Rey<\/li>\n<li>Escuela Manuel P. Antequeda<\/li>\n<li>Escuela Mariano Ianelli<\/li>\n<li>Escuela Segundo A Yubel<\/li>\n<li>Escuela Saturnino<\/li>\n<\/ul>\n<p><strong><span style=\"color: #33cccc;\">Sub 12 Mixto<\/span><\/strong><\/p>\n<ul>\n<li>Colegio Cristo Rey<\/li>\n<li>Escuela Manuel P. Antequeda<\/li>\n<li>Escuela Mariano Ianelli<\/li>\n<li>Escuela Segundo A Yubel<\/li>\n<li>Escuela Saturnino<\/li>\n<li>Escuela Pedro Echague<\/li>\n<\/ul>\n<p><strong><span style=\"color: #33cccc;\">Sub 14 Femenino<\/span><\/strong><\/p>\n<p>1\u00b0 Escuela Comercio Alfonsina Storni<\/p>\n<p><span style=\"color: #33cccc;\"><strong>Atletismo<\/strong><\/span><\/p>\n<p><span style=\"color: #33cccc;\"><strong>Departamento Capital<\/strong><\/span><\/p>\n<p>Sede: CEF N\u00b020<\/p>\n<p>Categor\u00edas sub 14 y 16<\/p>\n<p><strong><span style=\"color: #33cccc;\">Clasificaci\u00f3n<\/span><\/strong><\/p>\n<p><strong><span style=\"color: #33cccc;\">Salto en Largo Varones sub 14<\/span><\/strong><\/p>\n<p>1\u00b0) Guajardo, Kevin (Hip\u00f3lito Yrigoyen) 5,04<\/p>\n<p>2\u00b0) Acosta, Santino (Hip\u00f3lito Yrigoyen) 4,94<\/p>\n<p>3\u00b0) Samper, Marcos (EPET N\u00b05) 4,82<\/p>\n<p><strong><span style=\"color: #33cccc;\">Varones sub 16<\/span><\/strong><\/p>\n<p>1\u00b0) Zalazar, Jonathan (Escuela Francisco Narciso Laprida) 5,18<\/p>\n<p>2\u00b0) Villegas, Benjam\u00edn 4,99<\/p>\n<p>3\u00b0) Flores, Valent\u00edn (Central) 4,98<\/p>\n<p><strong><span style=\"color: #33cccc;\">Mujeres sub 14<\/span><\/strong><\/p>\n<p>1\u00aa) Mengual, Carolina (San Francisco) 3,54<\/p>\n<p>2\u00aa) De la Vega Joselyn (EPET N\u00b01) 3,43<\/p>\n<p>3\u00aa) Castro, Juliana (Escuela Laprida) 3,30<\/p>\n<p><strong><span style=\"color: #33cccc;\">Mujeres sub 16<\/span><\/strong><\/p>\n<p>1\u00aa) Rojas, Ximena (Hip\u00f3lito Yrigoyen) 4,05<\/p>\n<p>2\u00aa) Villalobos, Paula (Colegio Medalla Milagrosa) 3,53<\/p>\n<p>3\u00aa) Perell\u00f3, Angelina (Nuestra Se\u00f1ora de Luj\u00e1n) 3,42<\/p>\n<p><span style=\"color: #33cccc;\"><strong>Jabalina<\/strong><\/span><\/p>\n<p><strong><span style=\"color: #33cccc;\">Sub 14 mujeres<\/span><\/strong><\/p>\n<p>1\u00aa Guzm\u00e1n, P\u00eda (Escuela Obrero Argentino &#8211; Faustina Sarmiento de Belin) 12,10m<\/p>\n<p>2\u00aa Toledo, Luana &#8211; 11,99<\/p>\n<p>3\u00aa Romero, Serena (Colegio San Pablo) 10,20 m.<\/p>\n<p><strong><span style=\"color: #33cccc;\">Sub 14 varones<\/span><\/strong><\/p>\n<p>1\u00b0 Samper, Marcos (EPET N\u00b05) 23,39 m.<\/p>\n<p>2\u00b0 Rodr\u00edguez, Nahuel (EPET N\u00b05) 18,47m<\/p>\n<p>3\u00b0 Escobar, Sim\u00f3n (Colegio Central Universitario) 18,06m<\/p>\n<p><strong><span style=\"color: #33cccc;\">Sub 16 Varones<\/span><\/strong><\/p>\n<p>1\u00b0 Donoso, Valentino (Escuela Medalla Milagrosa) 30,62m.<\/p>\n<p>2\u00b0 Castillo, Benjam\u00edn (Escuela San Francisco de As\u00eds) 21,85m.<\/p>\n<p>3\u00b0 Garc\u00eda, Nicol\u00e1s (Esc. San Francisco de As\u00eds) 16,58m.<\/p>\n<p><strong><span style=\"color: #33cccc;\">Lanzamiento de bala sub 14 Femenino<\/span><\/strong><\/p>\n<p>1\u00b0 De la Vega, Yosel\u00edn (Boero)<br \/>\n2\u00b0 Toledo, Luana (Sarmiento de Belin)<br \/>\n3\u00b0 Fern\u00e1ndez, Ludmila (Sarmiento de Belin)<\/p>\n<p><strong><span style=\"color: #33cccc;\">Lanzamiento de bala sub 16 Femenino<\/span><\/strong><\/p>\n<p>1\u00aa Ruarte, Oriana (San Jos\u00e9)<br \/>\n2\u00aa Barrios, Luciana (Colegio Provincial de Capital)<br \/>\n3\u00aa G\u00f3mez, Ludmila (Luj\u00e1n)<\/p>\n<p><strong><span style=\"color: #33cccc;\">Lanzamiento de bala sub 14 Masculino<\/span><\/strong><\/p>\n<p>1\u00b0 Flores, Iv\u00e1n (San Pablo)<br \/>\n2\u00b0 Varando; Bautista (San Pablo)<br \/>\n3\u00b0 Masseo, Emilio (Mar\u00eda Auxiliadora)<\/p>\n<p><strong><span style=\"color: #33cccc;\">Lanzamiento de bala sub 16<\/span><\/strong><\/p>\n<p>1\u00b0Castillo, Benjam\u00edn (San Francisco)<br \/>\n2\u00b0 Vergara, Franco (Colegio Provincial de Capital)<br \/>\n3\u00b0 Cachi, Ariel (Campa\u00f1a del desierto)<\/p>\n<p><strong><span style=\"color: #33cccc;\">80 masculino<\/span><\/strong><\/p>\n<p>1\u00b0 Monta\u00f1a, Luciano (EPET 5)<\/p>\n<p>2\u00b0 Guajardo, Kevin<\/p>\n<p>3\u00b0 Ocampo, Benicio (Mar\u00eda Auxiliadora)<\/p>\n<p><strong><span style=\"color: #33cccc;\">80 femenino<\/span><\/strong><\/p>\n<p>1\u00aa Ver\u00f3n, Lucrecia (San Pablo)<\/p>\n<p>2\u00aa Aca\u00f1o, Mait\u00e9n (Central)<\/p>\n<p>3\u00aa Aguilar, Matilde (San Francisco)<\/p>\n<p><strong><span style=\"color: #33cccc;\">100 masculino<\/span><\/strong><\/p>\n<p>1\u00b0 Tretel, Facundo (San Pablo)<\/p>\n<p>2\u00b0 Donoso, Valentino (Medalla)<\/p>\n<p>3\u00aa Recabarren, Valent\u00edn (Central)<\/p>\n<p><strong><span style=\"color: #33cccc;\">100 femenino<\/span><\/strong><\/p>\n<p>1\u00aa Villalobos, Paula (Medalla)<\/p>\n<p>2\u00aa Case, Maitena (Medalla)<\/p>\n<p>3\u00aa Perell\u00f3, Angelina (Luj\u00e1n)<\/p>\n<p><strong><span style=\"color: #33cccc;\">1200 masculino<\/span><\/strong><\/p>\n<p>1\u00b0 S\u00e1nchez, Juan (EPET 5)<\/p>\n<p>2\u00b0 Gil, Tiziano (EPET 5)<\/p>\n<p>3\u00b0 Escobar, Sim\u00f3n (Central)<\/p>\n<p><strong><span style=\"color: #33cccc;\">1200 femenino<\/span><\/strong><\/p>\n<p>1\u00aa Pellegrini, Juana (San Francisco)<\/p>\n<p>2\u00aa Josefina Rapulla (San Francisco)<\/p>\n<p>3\u00aa Lourdes Bouche (San Pablo)<\/p>\n<p><strong><span style=\"color: #33cccc;\">1500 masculino<\/span><\/strong><\/p>\n<p>1\u00b0 Miranda, Francisco (Central)<\/p>\n<p>2\u00b0 Melo, Mat\u00edas (San Pablo)<\/p>\n<p>3\u00b0 Yevcin, Leonardo (Medalla)<\/p>\n<p><strong><span style=\"color: #33cccc;\">1500 femenino<\/span><\/strong><\/p>\n<p>1\u00aa Moreno, Sasha (Teniente Ib\u00e1\u00f1ez)<\/p>\n<p>Salto en alto &#8211; Sub 14 mujeres<\/p>\n<p>1\u00aa Ver\u00f3n, Lucrecia (Colegio San Pablo)<\/p>\n<p>2\u00aa Matus, Carla (Colegio Mar\u00eda Auxiliadora)<\/p>\n<p>3\u00aa Ramos Thiara (Escuela de Comercio Gral. Belgrano)<\/p>\n<p><strong><span style=\"color: #33cccc;\">Sub 16 Mujeres<\/span><\/strong><\/p>\n<p>1\u00aa Case, Maitena (Colegio Medalla Milagrosa)<\/p>\n<p>2\u00aa Jaime, Sof\u00eda (Colegio Medalla Milagrosa)<\/p>\n<p><strong><span style=\"color: #33cccc;\">Sub 14 Masculino<\/span><\/strong><\/p>\n<p>1\u00b0 Monta\u00f1a, Luciano (EPET 5)<\/p>\n<p>2\u00b0 Rodr\u00edguez, Nahuel (EPET 5)<\/p>\n<p>3\u00b0 Samper, Santiago (Colegio San Pablo)<\/p>\n<p><strong><span style=\"color: #33cccc;\">Sub 16 Masculino<\/span><\/strong><\/p>\n<p>1\u00b0 Trettel, Facundo (Colegio San Pablo)<\/p>\n<p>2\u00b0 G\u00f3mez, Ramiro (Liceo)<\/p>\n<p>3\u00b0 Palma, Fabricio (CPC Capital)<\/p>\n<p><span style=\"color: #33cccc;\"><strong>Cronograma del Mi\u00e9rcoles, 4 de Octubre<\/strong><\/span><\/p>\n<p><strong><span style=\"color: #33cccc;\">Departamentos Caucete, Albard\u00f3n, Angaco, J\u00e1chal, Pocito, Rawson, 9 de Julio y 25 de Mayo<\/span><\/strong><\/p>\n<ul>\n<li>HOCKEY Y PAT\u00cdN CARRERA, en la Uni\u00f3n Deportiva Caucetera, de 8, 30 hs a 12, 00 hs.<\/li>\n<\/ul>\n<p><strong><span style=\"color: #33cccc;\">Departamento Albard\u00f3n<\/span><\/strong><\/p>\n<ul>\n<li>B\u00c1SQUETBOL, en el C.I.C. calle La Laja, desde las 8, 30 hs.<\/li>\n<\/ul>\n<p><strong><span style=\"color: #33cccc;\">Departamento Angaco<\/span><\/strong><\/p>\n<ul>\n<li>HANDBALL, en el Camping Municipal, de 8, 30 hs a 17, 30 hs.<\/li>\n<\/ul>\n<p><strong><span style=\"color: #33cccc;\">Departamento Caucete<\/span><\/strong><\/p>\n<ul>\n<li>HOCKEY SOBRE PATINES Y PAT\u00cdN CARRERA, en la Uni\u00f3n Deportiva Caucetera, de 8, 30 hs a 12, 30 hs.<\/li>\n<\/ul>\n<p><strong><span style=\"color: #33cccc;\">Departamento J\u00e1chal<\/span><\/strong><\/p>\n<ul>\n<li>F\u00daTBOL, en el Club Sportivo Racing, categor\u00eda Sub 12, de 8, 00 hs a 12, 00 hs. Y categor\u00eda Sub 14-16, de 14, 00 hs a 17,30 hs.<\/li>\n<\/ul>\n<p><strong><span style=\"color: #33cccc;\">Departamento Pocito<\/span><\/strong><\/p>\n<ul>\n<li>E-SPORTS, en el Estadio Marcelo Garc\u00eda, desde las 9, 00 hs.<\/li>\n<li>AJEDREZ, en el Colegio Froil\u00e1n Ferrero, desde las 9, 00 hs.<\/li>\n<\/ul>\n<p><strong><span style=\"color: #33cccc;\">Departamento Rawson<\/span><\/strong><\/p>\n<ul>\n<li>VOLEIBOL, (todas las categor\u00edas), en el Colegio Superior N\u00b0 1, de 8,00 hs a 12,30 hs<\/li>\n<\/ul>\n<p><img loading=\"lazy\" decoding=\"async\" class=\"alignnone size-full wp-image-54410\" src=\"https:\/\/vocesparalelas.com.ar\/sitio\/wp-content\/uploads\/2022\/11\/INTERCOLEGIALES-06.jpg\" alt=\"\" width=\"800\" height=\"416\" srcset=\"https:\/\/vocesparalelas.com.ar\/sitio\/wp-content\/uploads\/2022\/11\/INTERCOLEGIALES-06.jpg 800w, https:\/\/vocesparalelas.com.ar\/sitio\/wp-content\/uploads\/2022\/11\/INTERCOLEGIALES-06-300x156.jpg 300w, https:\/\/vocesparalelas.com.ar\/sitio\/wp-content\/uploads\/2022\/11\/INTERCOLEGIALES-06-768x399.jpg 768w\" sizes=\"auto, (max-width: 800px) 100vw, 800px\" \/><\/p>\n","protected":false},"excerpt":{"rendered":"<p>Los Juegos Intercolegiales 2023 en San Juan siguen con gran participaci\u00f3n de las Escuelas y la apuesta de los alumnos<\/p>\n","protected":false},"author":3,"featured_media":64120,"comment_status":"closed","ping_status":"closed","sticky":false,"template":"","format":"standard","meta":{"_acf_changed":false,"_seopress_robots_primary_cat":"none","_seopress_titles_title":"","_seopress_titles_desc":"","_seopress_robots_index":"","colormag_page_container_layout":"default_layout","colormag_page_sidebar_layout":"default_layout","footnotes":""},"categories":[1],"tags":[],"class_list":["post-64117","post","type-post","status-publish","format-standard","has-post-thumbnail","hentry","category-destacadas"],"acf":[],"_links":{"self":[{"href":"https:\/\/vocesparalelas.com.ar\/sitio\/wp-json\/wp\/v2\/posts\/64117","targetHints":{"allow":["GET"]}}],"collection":[{"href":"https:\/\/vocesparalelas.com.ar\/sitio\/wp-json\/wp\/v2\/posts"}],"about":[{"href":"https:\/\/vocesparalelas.com.ar\/sitio\/wp-json\/wp\/v2\/types\/post"}],"author":[{"embeddable":true,"href":"https:\/\/vocesparalelas.com.ar\/sitio\/wp-json\/wp\/v2\/users\/3"}],"replies":[{"embeddable":true,"href":"https:\/\/vocesparalelas.com.ar\/sitio\/wp-json\/wp\/v2\/comments?post=64117"}],"version-history":[{"count":2,"href":"https:\/\/vocesparalelas.com.ar\/sitio\/wp-json\/wp\/v2\/posts\/64117\/revisions"}],"predecessor-version":[{"id":64122,"href":"https:\/\/vocesparalelas.com.ar\/sitio\/wp-json\/wp\/v2\/posts\/64117\/revisions\/64122"}],"wp:featuredmedia":[{"embeddable":true,"href":"https:\/\/vocesparalelas.com.ar\/sitio\/wp-json\/wp\/v2\/media\/64120"}],"wp:attachment":[{"href":"https:\/\/vocesparalelas.com.ar\/sitio\/wp-json\/wp\/v2\/media?parent=64117"}],"wp:term":[{"taxonomy":"category","embeddable":true,"href":"https:\/\/vocesparalelas.com.ar\/sitio\/wp-json\/wp\/v2\/categories?post=64117"},{"taxonomy":"post_tag","embeddable":true,"href":"https:\/\/vocesparalelas.com.ar\/sitio\/wp-json\/wp\/v2\/tags?post=64117"}],"curies":[{"name":"wp","href":"https:\/\/api.w.org\/{rel}","templated":true}]}}