{"id":64112,"date":"2023-10-04T21:50:42","date_gmt":"2023-10-05T00:50:42","guid":{"rendered":"https:\/\/vocesparalelas.com.ar\/sitio\/?p=64112"},"modified":"2023-10-04T21:55:11","modified_gmt":"2023-10-05T00:55:11","slug":"se-desarrollo-la-reunion-del-consejo-federal-de-salud-de-argentina","status":"publish","type":"post","link":"https:\/\/vocesparalelas.com.ar\/sitio\/se-desarrollo-la-reunion-del-consejo-federal-de-salud-de-argentina\/","title":{"rendered":"Se desarroll\u00f3 la reuni\u00f3n del Consejo Federal de Salud de Argentina"},"content":{"rendered":"<p align=\"JUSTIFY\"><span lang=\"es-MX\">La ministra de Salud de la Naci\u00f3n, Dra. Carla Vizzotti, junto a sus pares de las diferentes jurisdicciones que componen la totalidad del territorio nacional donde estuvo presente la ministra de Salud P\u00fablica del Gobierno de San Juan, Dra. Alejandra Venerando, en la reuni\u00f3n <\/span><span lang=\"es-MX\">del Consejo Federal de Salud &#8211; COFESA -, en el Centro Cultural Kirchner de la Ciudad Aut\u00f3noma de Buenos Aires.<\/span><\/p>\n<p align=\"JUSTIFY\"><span lang=\"es-MX\">Adem\u00e1s, la Dra. Venerando fue acompa\u00f1ada por el <\/span><span lang=\"es-MX\">secretario T\u00e9cnico, Dr. Juan Pablo Pacheco; la secretaria de Planificaci\u00f3n, Dra. Alina Almaz\u00e1n y el director de Relaciones con los Hospitales, Dr. Mauricio Gallardo.<\/span><\/p>\n<p align=\"JUSTIFY\"><span lang=\"es-MX\">La reuni\u00f3n, que comenz\u00f3 con las palabras de la ministra Dra. Carla Vizzotti, tuvo como eje central\u00a0<\/span><\/p>\n<ul>\n<li><span lang=\"es-MX\">Salud en el centro de la agenda<\/span><\/li>\n<li><span lang=\"es-MX\">Resoluci\u00f3n ministerial: Plan integrado de servicios de Salud<\/span><\/li>\n<li><span lang=\"es-MX\">Red de Condicione cr\u00f3nicas complejas, resultado de relevamiento, costeo y propuesta de dise\u00f1o coordinaci\u00f3n de los cuidados<\/span><\/li>\n<li><span lang=\"es-MX\">Informe investigaci\u00f3n cl\u00ednica farmacol\u00f3gica en Argentina.<\/span><\/li>\n<li>Presentaci\u00f3n del Plan nacional para la prevenci\u00f3n y control de la resistencia a los antimicrobianos<\/li>\n<li>Abordaje integral para un envejecimiento saludable<\/li>\n<li>Reportes de auditor\u00eda SIGEN respecto al plan vacunaci\u00f3n<\/li>\n<li>Informe de Jornadas Nacionales del sistema de donaci\u00f3n y trasplantes<\/li>\n<li>Mesa de di\u00e1logo con Jarbas Barbosa da Silva, director de la OPS.<\/li>\n<\/ul>\n<p align=\"JUSTIFY\"><span lang=\"es-MX\">El cierre y las conclusiones estuvieron a cargo de la Dra. Carla Vizzotti y el director de la OPS, Jarbas Barbosa da Silva.<\/span><\/p>\n","protected":false},"excerpt":{"rendered":"<p>La ministra de Salud de la Naci\u00f3n, Dra. Carla Vizzotti, junto a sus pares de las diferentes jurisdicciones que componen<\/p>\n","protected":false},"author":3,"featured_media":64115,"comment_status":"closed","ping_status":"closed","sticky":false,"template":"","format":"standard","meta":{"_acf_changed":false,"_seopress_robots_primary_cat":"none","_seopress_titles_title":"","_seopress_titles_desc":"","_seopress_robots_index":"","colormag_page_container_layout":"default_layout","colormag_page_sidebar_layout":"default_layout","footnotes":""},"categories":[1],"tags":[],"class_list":["post-64112","post","type-post","status-publish","format-standard","has-post-thumbnail","hentry","category-destacadas"],"acf":[],"_links":{"self":[{"href":"https:\/\/vocesparalelas.com.ar\/sitio\/wp-json\/wp\/v2\/posts\/64112","targetHints":{"allow":["GET"]}}],"collection":[{"href":"https:\/\/vocesparalelas.com.ar\/sitio\/wp-json\/wp\/v2\/posts"}],"about":[{"href":"https:\/\/vocesparalelas.com.ar\/sitio\/wp-json\/wp\/v2\/types\/post"}],"author":[{"embeddable":true,"href":"https:\/\/vocesparalelas.com.ar\/sitio\/wp-json\/wp\/v2\/users\/3"}],"replies":[{"embeddable":true,"href":"https:\/\/vocesparalelas.com.ar\/sitio\/wp-json\/wp\/v2\/comments?post=64112"}],"version-history":[{"count":1,"href":"https:\/\/vocesparalelas.com.ar\/sitio\/wp-json\/wp\/v2\/posts\/64112\/revisions"}],"predecessor-version":[{"id":64116,"href":"https:\/\/vocesparalelas.com.ar\/sitio\/wp-json\/wp\/v2\/posts\/64112\/revisions\/64116"}],"wp:featuredmedia":[{"embeddable":true,"href":"https:\/\/vocesparalelas.com.ar\/sitio\/wp-json\/wp\/v2\/media\/64115"}],"wp:attachment":[{"href":"https:\/\/vocesparalelas.com.ar\/sitio\/wp-json\/wp\/v2\/media?parent=64112"}],"wp:term":[{"taxonomy":"category","embeddable":true,"href":"https:\/\/vocesparalelas.com.ar\/sitio\/wp-json\/wp\/v2\/categories?post=64112"},{"taxonomy":"post_tag","embeddable":true,"href":"https:\/\/vocesparalelas.com.ar\/sitio\/wp-json\/wp\/v2\/tags?post=64112"}],"curies":[{"name":"wp","href":"https:\/\/api.w.org\/{rel}","templated":true}]}}