{"id":64108,"date":"2023-10-04T21:43:03","date_gmt":"2023-10-05T00:43:03","guid":{"rendered":"https:\/\/vocesparalelas.com.ar\/sitio\/?p=64108"},"modified":"2023-10-05T23:24:54","modified_gmt":"2023-10-06T02:24:54","slug":"hacia-el-sorteo-provincial-de-viviendas-en-san-juan","status":"publish","type":"post","link":"https:\/\/vocesparalelas.com.ar\/sitio\/hacia-el-sorteo-provincial-de-viviendas-en-san-juan\/","title":{"rendered":"Hacia el Sorteo Provincial de Viviendas en San Juan"},"content":{"rendered":"<p>El Instituto Provincial de la Vivienda del Ministerio de \u00a0Obras y Servicios P\u00fablicos del Gobierno de San Juan informa que ya se encuentran los padrones provisorios para el Sorteo Provincial de Viviendas, disponible hasta el Viernes, 6 de Octubre en<\/p>\n<p><a href=\"https:\/\/sorteovivienda.sanjuan.gob.ar\/sorteo_provincial_2023\/sorteo-provincial-2023.html\">https:\/\/sorteovivienda.sanjuan.gob.ar\/sorteo_provincial_2023\/sorteo-provincial-2023.html<\/a><\/p>\n<p>El postulante debe corroborar que los datos personales, tales como nombre, apellido, DNI y grupo al que pertenece, sean correctos.<\/p>\n<p>En caso de detectar alg\u00fan dato err\u00f3neo puede acercarse por las oficinas del IPV, planta baja del Centro C\u00edvico, de 7.30 a 13.30 hs y de 14.30 a 17.30 hs para solicitar la correcci\u00f3n correspondiente.<\/p>\n<p><span style=\"color: #339966;\"><strong>Grupos para el sorteo<\/strong><\/span><\/p>\n<ul>\n<li>Grupo 1 \u2013 (inscriptos hasta el 2007).<\/li>\n<li>Grupo 2 \u2013 (inscriptos entre 2008 y 2014).<\/li>\n<li>Grupo 3 \u2013 (inscriptos entre 2015 a la actualidad).<\/li>\n<li>Grupo 4- Discapacidad Motriz.<\/li>\n<li>Grupo 5 \u2013 Discapacidad General.<\/li>\n<li>Grupo 6 \u2013 Fuerzas de Seguridad y ex combatientes de Malvinas.<\/li>\n<\/ul>\n<p><strong><span style=\"color: #339966;\">Cronograma\u00a0<\/span><\/strong><\/p>\n<ul>\n<li><span style=\"color: #339966;\"><b>Consulta de padrones provisorios:\u00a0<\/b><\/span>del 6 al 12 de Octubre.<\/li>\n<li><b><span style=\"color: #339966;\">Ajustes y correcciones:<\/span>\u00a0<\/b>del 9 al 12 de Octubre.<\/li>\n<li><span style=\"color: #339966;\"><b>Publicaci\u00f3n de padrones definitivos:<\/b><\/span> del 25 al 27 de Octubre.<\/li>\n<li><span style=\"color: #339966;\"><b>Realizaci\u00f3n de sorteos de viviendas:\u00a0<\/b><\/span>del 1 al 10 de Noviembre en la Caja de Acci\u00f3n Social.<\/li>\n<\/ul>\n<p>En total suman 1.643 viviendas distribuidas en 18 complejos habitacionales ubicados en distintos puntos de la provincia.<\/p>\n<p><span style=\"color: #339966;\"><strong>Los sorteos se transmiten por<\/strong><\/span><\/p>\n<p><a href=\"https:\/\/sisanjuan.gob.ar\/\">https:\/\/sisanjuan.gob.ar\/<\/a><\/p>\n<p>Se solicita a la poblaci\u00f3n no asistir al lugar, ya que no est\u00e1 autorizado el ingreso al recinto.<\/p>\n<p><img loading=\"lazy\" decoding=\"async\" class=\"alignnone size-large wp-image-25616\" src=\"https:\/\/vocesparalelas.com.ar\/sitio\/wp-content\/uploads\/2019\/12\/GOBIERNO-BANDERA-01-800x533.jpg\" alt=\"\" width=\"800\" height=\"533\" srcset=\"https:\/\/vocesparalelas.com.ar\/sitio\/wp-content\/uploads\/2019\/12\/GOBIERNO-BANDERA-01.jpg 800w, https:\/\/vocesparalelas.com.ar\/sitio\/wp-content\/uploads\/2019\/12\/GOBIERNO-BANDERA-01-300x200.jpg 300w, https:\/\/vocesparalelas.com.ar\/sitio\/wp-content\/uploads\/2019\/12\/GOBIERNO-BANDERA-01-768x512.jpg 768w\" sizes=\"auto, (max-width: 800px) 100vw, 800px\" \/><\/p>\n","protected":false},"excerpt":{"rendered":"<p>El Instituto Provincial de la Vivienda del Ministerio de \u00a0Obras y Servicios P\u00fablicos del Gobierno de San Juan informa que<\/p>\n","protected":false},"author":3,"featured_media":51936,"comment_status":"closed","ping_status":"closed","sticky":false,"template":"","format":"standard","meta":{"_acf_changed":false,"_seopress_robots_primary_cat":"none","_seopress_titles_title":"","_seopress_titles_desc":"","_seopress_robots_index":"","colormag_page_container_layout":"default_layout","colormag_page_sidebar_layout":"default_layout","footnotes":""},"categories":[6],"tags":[],"class_list":["post-64108","post","type-post","status-publish","format-standard","has-post-thumbnail","hentry","category-eventos"],"acf":[],"_links":{"self":[{"href":"https:\/\/vocesparalelas.com.ar\/sitio\/wp-json\/wp\/v2\/posts\/64108","targetHints":{"allow":["GET"]}}],"collection":[{"href":"https:\/\/vocesparalelas.com.ar\/sitio\/wp-json\/wp\/v2\/posts"}],"about":[{"href":"https:\/\/vocesparalelas.com.ar\/sitio\/wp-json\/wp\/v2\/types\/post"}],"author":[{"embeddable":true,"href":"https:\/\/vocesparalelas.com.ar\/sitio\/wp-json\/wp\/v2\/users\/3"}],"replies":[{"embeddable":true,"href":"https:\/\/vocesparalelas.com.ar\/sitio\/wp-json\/wp\/v2\/comments?post=64108"}],"version-history":[{"count":1,"href":"https:\/\/vocesparalelas.com.ar\/sitio\/wp-json\/wp\/v2\/posts\/64108\/revisions"}],"predecessor-version":[{"id":64111,"href":"https:\/\/vocesparalelas.com.ar\/sitio\/wp-json\/wp\/v2\/posts\/64108\/revisions\/64111"}],"wp:featuredmedia":[{"embeddable":true,"href":"https:\/\/vocesparalelas.com.ar\/sitio\/wp-json\/wp\/v2\/media\/51936"}],"wp:attachment":[{"href":"https:\/\/vocesparalelas.com.ar\/sitio\/wp-json\/wp\/v2\/media?parent=64108"}],"wp:term":[{"taxonomy":"category","embeddable":true,"href":"https:\/\/vocesparalelas.com.ar\/sitio\/wp-json\/wp\/v2\/categories?post=64108"},{"taxonomy":"post_tag","embeddable":true,"href":"https:\/\/vocesparalelas.com.ar\/sitio\/wp-json\/wp\/v2\/tags?post=64108"}],"curies":[{"name":"wp","href":"https:\/\/api.w.org\/{rel}","templated":true}]}}