{"id":64097,"date":"2023-10-05T21:49:40","date_gmt":"2023-10-06T00:49:40","guid":{"rendered":"https:\/\/vocesparalelas.com.ar\/sitio\/?p=64097"},"modified":"2023-10-05T23:27:11","modified_gmt":"2023-10-06T02:27:11","slug":"congreso-nacional-y-provincial-de-politicas-publicas-2023-de-la-fcefn-de-la-unsj","status":"publish","type":"post","link":"https:\/\/vocesparalelas.com.ar\/sitio\/congreso-nacional-y-provincial-de-politicas-publicas-2023-de-la-fcefn-de-la-unsj\/","title":{"rendered":"Congreso Nacional y Provincial de Pol\u00edticas P\u00fablicas 2023 de la FCEFN de la UNSJ"},"content":{"rendered":"<p>Por novena vez se realiza el Congreso Nacional y Provincial de Pol\u00edticas P\u00fablicas &#8211; CONAPPU &#8211; el Jueves, 5 y el Viernes, 6 de Octubre, a las 9 hs.; en la Facultad de Ciencias Exactas, F\u00edsicas y Naturales de la UNSJ. La mayor parte de los paneles se realizan en el subsuelo de la Unidad Acad\u00e9mica. El Congreso es abierto a toda la comunidad.<\/p>\n<p>Organizado por estudiantes de las Unidades Acad\u00e9micas de la UNSJ, el CONAPPU busca contribuir a la formaci\u00f3n de cuadros pol\u00edticos; formaci\u00f3n de j\u00f3venes estudiantes y futuros profesionales comprometidos con la realidad socioecon\u00f3mica, cultural y ambiental; comprender la importancia de la intervenci\u00f3n planificada en el dise\u00f1o de pol\u00edticas p\u00fablicas, sociales y ambientales como la \u00fanica alternativa de transformaci\u00f3n de la realidad; reconocer y exponer las desigualdades sociales que generan los poderes pol\u00edticos y econ\u00f3micos del mundo que explotan a las grandes masas populares; elaborar conclusiones como lineamientos generales para el accionar de j\u00f3venes.<\/p>\n<p>El CONAPPU cuenta con conferencias, paneles, mesas de di\u00e1logo, ponencias, actividades culturales en simult\u00e1neo.<\/p>\n<p><strong><span style=\"color: #339966;\">Ejes Tem\u00e1ticos<\/span><\/strong><\/p>\n<ul>\n<li>Recursos estrat\u00e9gicos,<\/li>\n<li>Acceso a la tierra,<\/li>\n<li>Crisis ambiental,<\/li>\n<li>Arraigo Federal y<\/li>\n<li>El conocimiento cient\u00edfico como recurso soberano.<\/li>\n<\/ul>\n<p><span style=\"color: #339966;\"><strong>Para m\u00e1s informaci\u00f3n, ingresar en:<\/strong><\/span><\/p>\n<p><a href=\"https:\/\/www.instagram.com\/conappusanjuan\/?hl=es\" target=\"_blank\" rel=\"noopener\"><strong>Instagram<\/strong><\/a><\/p>\n<p><a href=\"https:\/\/www.facebook.com\/conappusj\" target=\"_blank\" rel=\"noopener\"><strong>Facebook<\/strong>\u00a0<\/a><\/p>\n<p><a href=\"https:\/\/www.youtube.com\/results?search_query=Conappu+San+Juan+\" target=\"_blank\" rel=\"noopener\"><strong>YouTube\u00a0<\/strong><\/a><\/p>\n<p>&nbsp;<\/p>\n<p><img loading=\"lazy\" decoding=\"async\" class=\"alignnone size-large wp-image-22760\" src=\"https:\/\/vocesparalelas.com.ar\/sitio\/wp-content\/uploads\/2019\/08\/FCEFN-UNSJ-INGRESO-800x600.jpg\" alt=\"\" width=\"800\" height=\"600\" srcset=\"https:\/\/vocesparalelas.com.ar\/sitio\/wp-content\/uploads\/2019\/08\/FCEFN-UNSJ-INGRESO-800x600.jpg 800w, https:\/\/vocesparalelas.com.ar\/sitio\/wp-content\/uploads\/2019\/08\/FCEFN-UNSJ-INGRESO-300x225.jpg 300w, https:\/\/vocesparalelas.com.ar\/sitio\/wp-content\/uploads\/2019\/08\/FCEFN-UNSJ-INGRESO-768x576.jpg 768w, https:\/\/vocesparalelas.com.ar\/sitio\/wp-content\/uploads\/2019\/08\/FCEFN-UNSJ-INGRESO.jpg 1000w\" sizes=\"auto, (max-width: 800px) 100vw, 800px\" \/> <img loading=\"lazy\" decoding=\"async\" class=\"alignnone size-large wp-image-22761\" src=\"https:\/\/vocesparalelas.com.ar\/sitio\/wp-content\/uploads\/2019\/08\/FCEFN-UNSJ-LOGO-800x600.jpg\" alt=\"\" width=\"800\" height=\"600\" srcset=\"https:\/\/vocesparalelas.com.ar\/sitio\/wp-content\/uploads\/2019\/08\/FCEFN-UNSJ-LOGO-800x600.jpg 800w, https:\/\/vocesparalelas.com.ar\/sitio\/wp-content\/uploads\/2019\/08\/FCEFN-UNSJ-LOGO-300x225.jpg 300w, https:\/\/vocesparalelas.com.ar\/sitio\/wp-content\/uploads\/2019\/08\/FCEFN-UNSJ-LOGO-768x576.jpg 768w, https:\/\/vocesparalelas.com.ar\/sitio\/wp-content\/uploads\/2019\/08\/FCEFN-UNSJ-LOGO.jpg 1000w\" sizes=\"auto, (max-width: 800px) 100vw, 800px\" \/><\/p>\n<p>&nbsp;<\/p>\n","protected":false},"excerpt":{"rendered":"<p>Por novena vez se realiza el Congreso Nacional y Provincial de Pol\u00edticas P\u00fablicas &#8211; CONAPPU &#8211; el Jueves, 5 y<\/p>\n","protected":false},"author":3,"featured_media":63959,"comment_status":"closed","ping_status":"closed","sticky":false,"template":"","format":"standard","meta":{"_acf_changed":false,"_seopress_robots_primary_cat":"none","_seopress_titles_title":"","_seopress_titles_desc":"","_seopress_robots_index":"","colormag_page_container_layout":"default_layout","colormag_page_sidebar_layout":"default_layout","footnotes":""},"categories":[1],"tags":[],"class_list":["post-64097","post","type-post","status-publish","format-standard","has-post-thumbnail","hentry","category-destacadas"],"acf":[],"_links":{"self":[{"href":"https:\/\/vocesparalelas.com.ar\/sitio\/wp-json\/wp\/v2\/posts\/64097","targetHints":{"allow":["GET"]}}],"collection":[{"href":"https:\/\/vocesparalelas.com.ar\/sitio\/wp-json\/wp\/v2\/posts"}],"about":[{"href":"https:\/\/vocesparalelas.com.ar\/sitio\/wp-json\/wp\/v2\/types\/post"}],"author":[{"embeddable":true,"href":"https:\/\/vocesparalelas.com.ar\/sitio\/wp-json\/wp\/v2\/users\/3"}],"replies":[{"embeddable":true,"href":"https:\/\/vocesparalelas.com.ar\/sitio\/wp-json\/wp\/v2\/comments?post=64097"}],"version-history":[{"count":1,"href":"https:\/\/vocesparalelas.com.ar\/sitio\/wp-json\/wp\/v2\/posts\/64097\/revisions"}],"predecessor-version":[{"id":64100,"href":"https:\/\/vocesparalelas.com.ar\/sitio\/wp-json\/wp\/v2\/posts\/64097\/revisions\/64100"}],"wp:featuredmedia":[{"embeddable":true,"href":"https:\/\/vocesparalelas.com.ar\/sitio\/wp-json\/wp\/v2\/media\/63959"}],"wp:attachment":[{"href":"https:\/\/vocesparalelas.com.ar\/sitio\/wp-json\/wp\/v2\/media?parent=64097"}],"wp:term":[{"taxonomy":"category","embeddable":true,"href":"https:\/\/vocesparalelas.com.ar\/sitio\/wp-json\/wp\/v2\/categories?post=64097"},{"taxonomy":"post_tag","embeddable":true,"href":"https:\/\/vocesparalelas.com.ar\/sitio\/wp-json\/wp\/v2\/tags?post=64097"}],"curies":[{"name":"wp","href":"https:\/\/api.w.org\/{rel}","templated":true}]}}