{"id":64078,"date":"2023-10-03T22:10:20","date_gmt":"2023-10-04T01:10:20","guid":{"rendered":"https:\/\/vocesparalelas.com.ar\/sitio\/?p=64078"},"modified":"2023-10-03T23:41:49","modified_gmt":"2023-10-04T02:41:49","slug":"invitacion-para-visitar-la-provincia-de-san-juan-y-recorrer-la-fabrica-de-paneles-solares","status":"publish","type":"post","link":"https:\/\/vocesparalelas.com.ar\/sitio\/invitacion-para-visitar-la-provincia-de-san-juan-y-recorrer-la-fabrica-de-paneles-solares\/","title":{"rendered":"Invitaci\u00f3n para visitar la provincia de San Juan y recorrer la f\u00e1brica de paneles solares"},"content":{"rendered":"<p>El gobernador de San Juan, Dr. Sergio U\u00f1ac, se reuni\u00f3 en la jornada del Martes, 03 de Octubre, con el ministro de Econom\u00eda de la Naci\u00f3n, Dr. Sergio Massa, con quien dialog\u00f3 sobre distintos aspectos de la actualidad pol\u00edtica y econ\u00f3mica nacional y provincial.<\/p>\n<p>En ese sentido, abordaron detalles de las obras en construcci\u00f3n que se llevan adelante en la provincia y del fuerte impulso provincial al desarrollo de las energ\u00edas renovables.<\/p>\n<p>Durante el encuentro, que tuvo lugar en la sede de la cartera econ\u00f3mica, U\u00f1ac invit\u00f3 al ministro Massa a visitar la provincia de San Juan para recorrer la f\u00e1brica de paneles solares y participar de un conversatorio que se realiza en San Juan con fecha y horario a confirmar.<\/p>\n","protected":false},"excerpt":{"rendered":"<p>El gobernador de San Juan, Dr. Sergio U\u00f1ac, se reuni\u00f3 en la jornada del Martes, 03 de Octubre, con el<\/p>\n","protected":false},"author":3,"featured_media":61171,"comment_status":"closed","ping_status":"closed","sticky":false,"template":"","format":"standard","meta":{"_acf_changed":false,"_seopress_robots_primary_cat":"none","_seopress_titles_title":"","_seopress_titles_desc":"","_seopress_robots_index":"","colormag_page_container_layout":"default_layout","colormag_page_sidebar_layout":"default_layout","footnotes":""},"categories":[1],"tags":[],"class_list":["post-64078","post","type-post","status-publish","format-standard","has-post-thumbnail","hentry","category-destacadas"],"acf":[],"_links":{"self":[{"href":"https:\/\/vocesparalelas.com.ar\/sitio\/wp-json\/wp\/v2\/posts\/64078","targetHints":{"allow":["GET"]}}],"collection":[{"href":"https:\/\/vocesparalelas.com.ar\/sitio\/wp-json\/wp\/v2\/posts"}],"about":[{"href":"https:\/\/vocesparalelas.com.ar\/sitio\/wp-json\/wp\/v2\/types\/post"}],"author":[{"embeddable":true,"href":"https:\/\/vocesparalelas.com.ar\/sitio\/wp-json\/wp\/v2\/users\/3"}],"replies":[{"embeddable":true,"href":"https:\/\/vocesparalelas.com.ar\/sitio\/wp-json\/wp\/v2\/comments?post=64078"}],"version-history":[{"count":1,"href":"https:\/\/vocesparalelas.com.ar\/sitio\/wp-json\/wp\/v2\/posts\/64078\/revisions"}],"predecessor-version":[{"id":64081,"href":"https:\/\/vocesparalelas.com.ar\/sitio\/wp-json\/wp\/v2\/posts\/64078\/revisions\/64081"}],"wp:featuredmedia":[{"embeddable":true,"href":"https:\/\/vocesparalelas.com.ar\/sitio\/wp-json\/wp\/v2\/media\/61171"}],"wp:attachment":[{"href":"https:\/\/vocesparalelas.com.ar\/sitio\/wp-json\/wp\/v2\/media?parent=64078"}],"wp:term":[{"taxonomy":"category","embeddable":true,"href":"https:\/\/vocesparalelas.com.ar\/sitio\/wp-json\/wp\/v2\/categories?post=64078"},{"taxonomy":"post_tag","embeddable":true,"href":"https:\/\/vocesparalelas.com.ar\/sitio\/wp-json\/wp\/v2\/tags?post=64078"}],"curies":[{"name":"wp","href":"https:\/\/api.w.org\/{rel}","templated":true}]}}