{"id":64074,"date":"2023-10-03T23:04:59","date_gmt":"2023-10-04T02:04:59","guid":{"rendered":"https:\/\/vocesparalelas.com.ar\/sitio\/?p=64074"},"modified":"2023-10-04T00:50:51","modified_gmt":"2023-10-04T03:50:51","slug":"feria-de-emprendedores-san-juan-dia-de-la-madre","status":"publish","type":"post","link":"https:\/\/vocesparalelas.com.ar\/sitio\/feria-de-emprendedores-san-juan-dia-de-la-madre\/","title":{"rendered":"Feria de Emprendedores San Juan \u00abD\u00eda de la Madre\u00bb"},"content":{"rendered":"<p>En un evento que promete ser una vidriera para la creatividad y el talento local, el Programa Hilar San Juan, dependiente del Ministerio de Desarrollo Humano y Promoci\u00f3n Social del Gobierno de San Juan y coordinado por la Direcci\u00f3n de Emprendedores Sociales, realiza la Feria de Emprendedores, el Viernes, 6 de Octubre, a partir de las 9 hs.; en la Plaza Seca del Centro C\u00edvico.<\/p>\n<p>Esta iniciativa se da en contexto del D\u00eda de los Emprendedores, destacando el esp\u00edritu innovador y perseverante de los emprendedores locales. Adem\u00e1s, servir\u00e1 como una oportunidad perfecta para adelantar los preparativos del D\u00eda de la Madre y encontrar regalos \u00fanicos y especiales para todas las madres.<\/p>\n<p>Adem\u00e1s, quienes realicen una compra, tienen la posibilidad de participar en el sorteo de una ruana tejida de manera artesanal, prenda que adquiri\u00f3 mayor popularidad luego del concurso \u201cLa Mejor Ruana Sanjuanina\u201d.<\/p>\n<p><img loading=\"lazy\" decoding=\"async\" class=\"alignnone size-large wp-image-62668\" src=\"https:\/\/vocesparalelas.com.ar\/sitio\/wp-content\/uploads\/2023\/08\/RUANA-SANJUANINA-01-800x534.jpg\" alt=\"\" width=\"800\" height=\"534\" srcset=\"https:\/\/vocesparalelas.com.ar\/sitio\/wp-content\/uploads\/2023\/08\/RUANA-SANJUANINA-01-800x534.jpg 800w, https:\/\/vocesparalelas.com.ar\/sitio\/wp-content\/uploads\/2023\/08\/RUANA-SANJUANINA-01-300x200.jpg 300w, https:\/\/vocesparalelas.com.ar\/sitio\/wp-content\/uploads\/2023\/08\/RUANA-SANJUANINA-01-768x512.jpg 768w, https:\/\/vocesparalelas.com.ar\/sitio\/wp-content\/uploads\/2023\/08\/RUANA-SANJUANINA-01.jpg 1024w\" sizes=\"auto, (max-width: 800px) 100vw, 800px\" \/><\/p>\n<p>La Feria de Emprendedores cuenta con la participaci\u00f3n de m\u00e1s de 100 trabajadores de la econom\u00eda social, quienes exhiben una amplia gama de productos originales y creativos que abarcan desde artesan\u00edas y joyer\u00eda hasta productos gourmet y ropa de dise\u00f1o. Los visitantes pueden disfrutar de una experiencia de compra \u00fanica mientras apoyan a los emprendedores de la regi\u00f3n.<\/p>\n<p>En ese sentido, la directora de Emprendedores Sociales, Ver\u00f3nica D\u00edas, invit\u00f3 a toda la comunidad a participar y destac\u00f3 esta pol\u00edtica p\u00fablica provincial como \u201cuna forma de fortalecer la econom\u00eda solidaria, brindando apoyo a los peque\u00f1os emprendedores sanjuaninos\u201d.<\/p>\n<p>Cabe destacar, que uno de los objetivos del Programa \u201cHilar San Juan\u201d, es la visibilizaci\u00f3n y la generaci\u00f3n de espacios de conexi\u00f3n entre emprendedores y sus potenciales consumidores. En ese sentido, cuenta adem\u00e1s con 6 locales en la provincia de San Juan, y un punto de venta en la provincia de Buenos Aires. Tambi\u00e9n posee un sitio web que agrupa los vendedores.<\/p>\n<p>&nbsp;<\/p>\n<p>&nbsp;<\/p>\n","protected":false},"excerpt":{"rendered":"<p>En un evento que promete ser una vidriera para la creatividad y el talento local, el Programa Hilar San Juan,<\/p>\n","protected":false},"author":3,"featured_media":16160,"comment_status":"closed","ping_status":"closed","sticky":false,"template":"","format":"standard","meta":{"_acf_changed":false,"_seopress_robots_primary_cat":"none","_seopress_titles_title":"","_seopress_titles_desc":"","_seopress_robots_index":"","colormag_page_container_layout":"default_layout","colormag_page_sidebar_layout":"default_layout","footnotes":""},"categories":[6],"tags":[],"class_list":["post-64074","post","type-post","status-publish","format-standard","has-post-thumbnail","hentry","category-eventos"],"acf":[],"_links":{"self":[{"href":"https:\/\/vocesparalelas.com.ar\/sitio\/wp-json\/wp\/v2\/posts\/64074","targetHints":{"allow":["GET"]}}],"collection":[{"href":"https:\/\/vocesparalelas.com.ar\/sitio\/wp-json\/wp\/v2\/posts"}],"about":[{"href":"https:\/\/vocesparalelas.com.ar\/sitio\/wp-json\/wp\/v2\/types\/post"}],"author":[{"embeddable":true,"href":"https:\/\/vocesparalelas.com.ar\/sitio\/wp-json\/wp\/v2\/users\/3"}],"replies":[{"embeddable":true,"href":"https:\/\/vocesparalelas.com.ar\/sitio\/wp-json\/wp\/v2\/comments?post=64074"}],"version-history":[{"count":1,"href":"https:\/\/vocesparalelas.com.ar\/sitio\/wp-json\/wp\/v2\/posts\/64074\/revisions"}],"predecessor-version":[{"id":64077,"href":"https:\/\/vocesparalelas.com.ar\/sitio\/wp-json\/wp\/v2\/posts\/64074\/revisions\/64077"}],"wp:featuredmedia":[{"embeddable":true,"href":"https:\/\/vocesparalelas.com.ar\/sitio\/wp-json\/wp\/v2\/media\/16160"}],"wp:attachment":[{"href":"https:\/\/vocesparalelas.com.ar\/sitio\/wp-json\/wp\/v2\/media?parent=64074"}],"wp:term":[{"taxonomy":"category","embeddable":true,"href":"https:\/\/vocesparalelas.com.ar\/sitio\/wp-json\/wp\/v2\/categories?post=64074"},{"taxonomy":"post_tag","embeddable":true,"href":"https:\/\/vocesparalelas.com.ar\/sitio\/wp-json\/wp\/v2\/tags?post=64074"}],"curies":[{"name":"wp","href":"https:\/\/api.w.org\/{rel}","templated":true}]}}