{"id":64064,"date":"2023-10-03T19:02:39","date_gmt":"2023-10-03T22:02:39","guid":{"rendered":"https:\/\/vocesparalelas.com.ar\/sitio\/?p=64064"},"modified":"2023-10-05T23:31:10","modified_gmt":"2023-10-06T02:31:10","slug":"entregaron-39-diplomas-de-grado-a-los-profesionales-egresados-2022-2023-de-la-faud-de-la-unsj","status":"publish","type":"post","link":"https:\/\/vocesparalelas.com.ar\/sitio\/entregaron-39-diplomas-de-grado-a-los-profesionales-egresados-2022-2023-de-la-faud-de-la-unsj\/","title":{"rendered":"Entregaron 39 diplomas de grado a los profesionales egresados 2022-2023 de la FAUD de la UNSJ"},"content":{"rendered":"<p>Se entregaron\u00a039 diplomas de grado, adem\u00e1s de distinguir el desempe\u00f1o de estudiantes que obtuvieron los mejores promedios.<\/p>\n<p>Este a\u00f1o la medalla de oro le fue otorgada a la D.G. Agustina Negri. Por su parte, el Esp. Arq. Mario Flumiani, presidente del Colegio de Arquitectos, entreg\u00f3 la distinci\u00f3n a la egresada Arq. Carolina Vidal, con mejor promedio de la carrera Arquitectura y Urbanismo promoci\u00f3n 2023.<\/p>\n<p>Estuvieron presentes el Rector de la UNSJ, Mg. Ing. Tadeo Berenguer; la Vicerrectora, Dra. Anal\u00eda Ponce; el Decano de la FAUD, Arq. Guillermo Velasco; la Vicedecana, Esp. D.I.G. Natalia Sevilla Posleman; dem\u00e1s autoridades de la FAUD y de la UNSJ.<\/p>\n<p>Antes de comenzar la entrega de diplomas se pronunciaron los discursos de despedida en el siguiente orden: Mariana Altamira en nombre de los flamantes graduados, el profesor Gustavo Herrer\u00eda por parte de los docentes, el decano de la FAUD de la UNSJ, Arq. Guillermo Velasco y el rector de la UNSJ, Ing. Tadeo Berenguer.<\/p>\n<p>La D.G. Mariana Altamira destac\u00f3 el esfuerzo y los casos de estudiantes que con mucho sacrificio logran alcanzar un t\u00edtulo universitario.\u00a0\u201cDe cada situaci\u00f3n nos llevamos una enorme gratificaci\u00f3n por haber superado obst\u00e1culos y haber aprendido en el proceso, porque no s\u00f3lo somos estudiantes de la carrera, sino de la vida misma\u201d, manifest\u00f3 Mariana. \u201cLos felicito por no bajar los brazos y por el compromiso con el que asumieron la elecci\u00f3n de su carrera universitaria\u201d,\u00a0concluy\u00f3.<\/p>\n<p>Seguidamente, el Prof. Gustavo Herrer\u00eda hizo referencia al camino transitado para llegar al momento de recibir el diploma.\u00a0\u201cLa meta parec\u00eda tan lejana teniendo en cuenta no s\u00f3lo el tiempo que consumir\u00eda transitar ese camino, sino tambi\u00e9n todo lo que el destino preparar\u00eda a cada uno de manera personal\u201d, expres\u00f3 el Dise\u00f1ador Industrial. En ese sentido, hizo referencia a que muchos de quienes recibieron los diplomas estudiaron en el marco de la pandemia.<\/p>\n<p>Luego, el Decano de la FAUD, Arq. Guillermo Velasco, cont\u00f3 la emoci\u00f3n que lo embarga en cada Acto de Colaci\u00f3n.\u00a0\u201cEste d\u00eda es de mucha felicidad, en el que uno ve sentados en estas butacas esperando que se les d\u00e9 el t\u00edtulo a muchos estudiantes que llegan a este d\u00eda despu\u00e9s de un gran esfuerzo y de un incesante trabajo\u201d, agreg\u00f3. Asimismo, Velasco hizo hincapi\u00e9 en la formaci\u00f3n brindada por la Universidad P\u00fablica. \u201cTienen que tener presente que la Universidad sostenida por toda la sociedad permiti\u00f3 que puedan graduarse\u201d, sostuvo.<\/p>\n<p>Finalmente, el Rector de la UNSJ, Ing. Tadeo Berenguer aludi\u00f3 a las caracter\u00edsticas que cada uno de los egresados de la FAUD tienen. \u201cHoy se transforman en los constructores de un gran emprendimiento que tiene como base nuestra formaci\u00f3n pero tiene un techo ilimitado\u201d, dijo el Rector.\u00a0\u201cArquitectos, arquitectas, dise\u00f1adores, dise\u00f1adoras, est\u00e1n formados para tener visiones alternativas sobre el desarrollo y la naturaleza, la relaci\u00f3n con el entorno natural y la sustentabilidad y el ser humano debe ser el punto de partida de vuestro trabajo\u201d, finaliz\u00f3.<\/p>\n<p>Posteriormente, fueron entregadas las resoluciones a los integrantes del nuevo cuerpo de bandera de la FAUD de la UNSJ<\/p>\n<ul>\n<li>Abanderada: Jimena Del Mar Tejada.<\/li>\n<li>Primera escolta: Dayana Acosta.<\/li>\n<li>Segunda escolta: Martina Dorgan.<\/li>\n<li>Primera escolta suplente: Carla Sessa Morales.<\/li>\n<li>Segunda escolta suplente: Magal\u00eda Sosa.<\/li>\n<li>Tercera escolta suplente: Agustina Silva.<\/li>\n<li>Cuarta escolta suplente: Ana Valentina Gallerano.<\/li>\n<\/ul>\n<p>Luego de la ceremonia de compromiso, comenz\u00f3 la entrega de los Diplomas a 24 egresados en Arquitectura y Urbanismo; 7 en Dise\u00f1o Industrial; y 13 en Dise\u00f1o Gr\u00e1fico, seg\u00fan el siguiente detalle:<\/p>\n<p><span style=\"color: #339966;\"><strong>ARQUITECTOS<\/strong><\/span><\/p>\n<ul>\n<li>ARQUITECTA -ARGUELLO MARTINEZ, Denise Tamara<\/li>\n<li>ARQUITECTA -AVILA GALVEZ, Yasm\u00edn Ayel\u00e9n<\/li>\n<li>ARQUITECTO -BERARDI, Daniel Alejandro<\/li>\n<li>ARQUITECTO &#8211; DE STEFANO, Ariel Eduardo<\/li>\n<li>ARQUITECTA &#8211; ELIZONDO MORLAS, Evelyn Dayana<\/li>\n<li>ARQUITECTO &#8211; FERNANDEZ SANTIVA\u00d1EZ, Math\u00edas Esteban<\/li>\n<li>ARQUITECTO &#8211; FRIAS, Javier Gustavo<\/li>\n<li>ARQUITECTO &#8211; FLORES, Diego Armando<\/li>\n<li>ARQUITECTO &#8211; GIOL, Jes\u00fas Alejandro<\/li>\n<li>ARQUITECTA &#8211; GOMEZ CACERES, Mar\u00eda Martina<\/li>\n<li>ARQUITECTA-\u00a0 MADCUR, Camila<\/li>\n<li>ARQUITECTO \u2013 MARTIN MURSRI, Rodrigo Emir<\/li>\n<li>ARQUITECTO &#8211; MONTENEGRO MARINERO, Pablo Andr\u00e9s<\/li>\n<li>ARQUITECTA &#8211; MU\u00d1OZ RUIZ, Mar\u00eda Luisa<\/li>\n<li>ARQUITECTA &#8211; OLIVERA BECERRA<\/li>\n<li>ARQUITECTA &#8211; PEREZ, Daniela Jaqueline<\/li>\n<li>ARQUITECTA &#8211; QUIROGA DIBELLA, Mar\u00eda Sol<\/li>\n<li>ARQUITECTO &#8211; SCALIA, Javier Alejandro<\/li>\n<li>ARQUITECTA &#8211; SENDRA TELLES, Mar\u00eda Gabriela<\/li>\n<li>ARQUITECTA &#8211; VARONA MARTINEZ, Mar\u00eda Guadalupe<\/li>\n<li>ARQUITECTA &#8211; VIDAL PEREZ, Carolina Bel\u00e9n<\/li>\n<\/ul>\n<p><span style=\"color: #339966;\"><strong>DISE\u00d1ADORES INDUSTRIALES<\/strong><\/span><\/p>\n<ul>\n<li>DISE\u00d1ADORA INDUSTRIAL- ALTAMIRA ROMERO, Mariana Del Rocio<\/li>\n<li>DISE\u00d1ADORA INDUSTRIAL &#8211; AMADO MOLLI, Cecilia Mariana<\/li>\n<li>DISE\u00d1ADORA INDUSTRIAL &#8211; ARGUMOSA ORO, Melisa Anabel<\/li>\n<li>DISE\u00d1ADORA INDUSTRIAL &#8211; GODOY PEREZ, Mar\u00eda Sol<\/li>\n<li>DISE\u00d1ADORA INDUSTRIAL &#8211; GUI\u00d1AZ\u00da ROLDAN, Micaela del Rosario<\/li>\n<li>DISE\u00d1ADOR INDUSTRIAL &#8211; SOSA, Jorge Gerardo<\/li>\n<\/ul>\n<p><span style=\"color: #339966;\"><strong>DISE\u00d1ADORES GRAFICOS<\/strong><\/span><\/p>\n<ul>\n<li>DISE\u00d1ADORA GR\u00c1FICA &#8211; ALCAYAGA, Mar\u00eda Silvana<\/li>\n<li>DISE\u00d1ADORA GR\u00c1FICA\u00a0 -AMAYA, Ivana Vanesa<\/li>\n<li>DISE\u00d1ADORA GRAFICA \u2013 CANONICA AUGER<\/li>\n<li>DISE\u00d1ADORA GRAFICA -ESTRADA, Mayra Gisella<\/li>\n<li>DISE\u00d1ADORA GRAFICA &#8211; GARCIA, Eliana Bel\u00e9n<\/li>\n<li>DISE\u00d1ADORA GRAFICA &#8211; NEGRI IRIMIA, Agustina<\/li>\n<li>DISE\u00d1ADORA GRAFICA -POHL, Ana Irene<\/li>\n<li>DISE\u00d1ADORA GRAFICA -SALAS, Mariana Daniela<\/li>\n<li>DISE\u00d1ADORA GRAFICA -SALAS VARGAS, Jimena Milagros<\/li>\n<li>DISE\u00d1ADORA GRAFICA -TROTTEYN GARCIA, Trinidad Mal\u00e9n<\/li>\n<li>DISE\u00d1ADORA GRAFICA -VENTIMIGLIA CANGIALOSI, Mar\u00eda Luciana<\/li>\n<\/ul>\n<p>&nbsp;<\/p>\n<p><img loading=\"lazy\" decoding=\"async\" class=\"alignnone size-full wp-image-43789\" src=\"https:\/\/vocesparalelas.com.ar\/sitio\/wp-content\/uploads\/2021\/11\/FAUD-LOGO-NUEVO.jpg\" alt=\"\" width=\"800\" height=\"533\" srcset=\"https:\/\/vocesparalelas.com.ar\/sitio\/wp-content\/uploads\/2021\/11\/FAUD-LOGO-NUEVO.jpg 800w, https:\/\/vocesparalelas.com.ar\/sitio\/wp-content\/uploads\/2021\/11\/FAUD-LOGO-NUEVO-300x200.jpg 300w, https:\/\/vocesparalelas.com.ar\/sitio\/wp-content\/uploads\/2021\/11\/FAUD-LOGO-NUEVO-768x512.jpg 768w\" sizes=\"auto, (max-width: 800px) 100vw, 800px\" \/><\/p>\n","protected":false},"excerpt":{"rendered":"<p>Se entregaron\u00a039 diplomas de grado, adem\u00e1s de distinguir el desempe\u00f1o de estudiantes que obtuvieron los mejores promedios. Este a\u00f1o la<\/p>\n","protected":false},"author":3,"featured_media":64067,"comment_status":"closed","ping_status":"closed","sticky":false,"template":"","format":"standard","meta":{"_acf_changed":false,"_seopress_robots_primary_cat":"none","_seopress_titles_title":"","_seopress_titles_desc":"","_seopress_robots_index":"","colormag_page_container_layout":"default_layout","colormag_page_sidebar_layout":"default_layout","footnotes":""},"categories":[10],"tags":[],"class_list":["post-64064","post","type-post","status-publish","format-standard","has-post-thumbnail","hentry","category-opiniones"],"acf":[],"_links":{"self":[{"href":"https:\/\/vocesparalelas.com.ar\/sitio\/wp-json\/wp\/v2\/posts\/64064","targetHints":{"allow":["GET"]}}],"collection":[{"href":"https:\/\/vocesparalelas.com.ar\/sitio\/wp-json\/wp\/v2\/posts"}],"about":[{"href":"https:\/\/vocesparalelas.com.ar\/sitio\/wp-json\/wp\/v2\/types\/post"}],"author":[{"embeddable":true,"href":"https:\/\/vocesparalelas.com.ar\/sitio\/wp-json\/wp\/v2\/users\/3"}],"replies":[{"embeddable":true,"href":"https:\/\/vocesparalelas.com.ar\/sitio\/wp-json\/wp\/v2\/comments?post=64064"}],"version-history":[{"count":1,"href":"https:\/\/vocesparalelas.com.ar\/sitio\/wp-json\/wp\/v2\/posts\/64064\/revisions"}],"predecessor-version":[{"id":64068,"href":"https:\/\/vocesparalelas.com.ar\/sitio\/wp-json\/wp\/v2\/posts\/64064\/revisions\/64068"}],"wp:featuredmedia":[{"embeddable":true,"href":"https:\/\/vocesparalelas.com.ar\/sitio\/wp-json\/wp\/v2\/media\/64067"}],"wp:attachment":[{"href":"https:\/\/vocesparalelas.com.ar\/sitio\/wp-json\/wp\/v2\/media?parent=64064"}],"wp:term":[{"taxonomy":"category","embeddable":true,"href":"https:\/\/vocesparalelas.com.ar\/sitio\/wp-json\/wp\/v2\/categories?post=64064"},{"taxonomy":"post_tag","embeddable":true,"href":"https:\/\/vocesparalelas.com.ar\/sitio\/wp-json\/wp\/v2\/tags?post=64064"}],"curies":[{"name":"wp","href":"https:\/\/api.w.org\/{rel}","templated":true}]}}