{"id":64061,"date":"2023-10-03T20:30:15","date_gmt":"2023-10-03T23:30:15","guid":{"rendered":"https:\/\/vocesparalelas.com.ar\/sitio\/?p=64061"},"modified":"2023-10-05T00:16:11","modified_gmt":"2023-10-05T03:16:11","slug":"reconocimiento-lider-del-ranking-de-latinoamerica-para-el-ing-americo-sirvente-de-la-fcefn-de-la-unsj","status":"publish","type":"post","link":"https:\/\/vocesparalelas.com.ar\/sitio\/reconocimiento-lider-del-ranking-de-latinoamerica-para-el-ing-americo-sirvente-de-la-fcefn-de-la-unsj\/","title":{"rendered":"Reconocimiento \u00abL\u00edder del ranking de Latinoam\u00e9rica\u00bb para el Ing. Am\u00e9rico Sirvente de la FCEFN de la UNSJ"},"content":{"rendered":"<p>La Facultad de Ciencias Exactas, F\u00edsicas y Naturales de la Universidad Nacional de San Juan obtuvo el reconocimiento \u00abL\u00edder del ranking de Latinoam\u00e9rica\u00bb\u00a0 de conferencias que imparti\u00f3 el Ing. Am\u00e9rico Sirvente, logrando un impacto en la comunidad acad\u00e9mica y cient\u00edfica.<\/p>\n<p>Es importante destacar que el Ing. Am\u00e9rico Sirvente es docente investigador de la FCEFN de la UNSJ y especialista en el desarrollo de la ciencia y la tecnolog\u00eda al servicio de la comunidad de todos los niveles educativos de la Provincia de San Juan, Rep\u00fablica Argentina con alcance internacional. Adem\u00e1s, es el creador del Centro Tecnol\u00f3gico Educativo de la Unidad Acad\u00e9mica.<\/p>\n<p>Por ello, Voces Paralelas desarroll\u00f3 una entrevista period\u00edstica al Ing. Am\u00e9rico Sirvente, quien explic\u00f3 que el reconocimiento se obtuvo desde una Plataforma Mentesalacarta.com en Internet y que le ha permitido que los asociados que conforman una lista de conferencistas, capacitadores y coachs, que son entrenadores.<\/p>\n<p><iframe loading=\"lazy\" title=\"FCEFN UNSJ ING AMERICO SIRVENTE\" width=\"800\" height=\"450\" src=\"https:\/\/www.youtube.com\/embed\/q86TgDgB_tE?feature=oembed\" frameborder=\"0\" allow=\"accelerometer; autoplay; clipboard-write; encrypted-media; gyroscope; picture-in-picture; web-share\" allowfullscreen><\/iframe><\/p>\n<p>Captura de la P\u00e1gina Web de la Plataforma Mentesalacarta.com donde se puede observar que la comunidad lo vot\u00f3 3524 asociados obteniendo la calificaci\u00f3n de 5 estrellas\u00a0 que le permiti\u00f3 obtener el reconocimiento \u00abL\u00edder del ranking de Latinoam\u00e9rica\u00bb.<\/p>\n<p><img loading=\"lazy\" decoding=\"async\" class=\"alignnone size-large wp-image-64072 aligncenter\" src=\"https:\/\/vocesparalelas.com.ar\/sitio\/wp-content\/uploads\/2023\/10\/MENTE-SALA-498x800.jpg\" alt=\"\" width=\"498\" height=\"800\" srcset=\"https:\/\/vocesparalelas.com.ar\/sitio\/wp-content\/uploads\/2023\/10\/MENTE-SALA-498x800.jpg 498w, https:\/\/vocesparalelas.com.ar\/sitio\/wp-content\/uploads\/2023\/10\/MENTE-SALA-187x300.jpg 187w, https:\/\/vocesparalelas.com.ar\/sitio\/wp-content\/uploads\/2023\/10\/MENTE-SALA.jpg 637w\" sizes=\"auto, (max-width: 498px) 100vw, 498px\" \/><\/p>\n<figure id=\"attachment_26107\" aria-describedby=\"caption-attachment-26107\" style=\"width: 800px\" class=\"wp-caption alignnone\"><img loading=\"lazy\" decoding=\"async\" class=\"size-large wp-image-26107\" src=\"https:\/\/vocesparalelas.com.ar\/sitio\/wp-content\/uploads\/2020\/01\/FCEFN-UNSJ-EDIFICIO-800x489.jpg\" alt=\"\" width=\"800\" height=\"489\" srcset=\"https:\/\/vocesparalelas.com.ar\/sitio\/wp-content\/uploads\/2020\/01\/FCEFN-UNSJ-EDIFICIO.jpg 800w, https:\/\/vocesparalelas.com.ar\/sitio\/wp-content\/uploads\/2020\/01\/FCEFN-UNSJ-EDIFICIO-300x183.jpg 300w, https:\/\/vocesparalelas.com.ar\/sitio\/wp-content\/uploads\/2020\/01\/FCEFN-UNSJ-EDIFICIO-768x469.jpg 768w\" sizes=\"auto, (max-width: 800px) 100vw, 800px\" \/><figcaption id=\"caption-attachment-26107\" class=\"wp-caption-text\">Edificio de la FCEFN de la UNSJ<\/figcaption><\/figure>\n<p><img loading=\"lazy\" decoding=\"async\" class=\"alignnone size-large wp-image-22761\" src=\"https:\/\/vocesparalelas.com.ar\/sitio\/wp-content\/uploads\/2019\/08\/FCEFN-UNSJ-LOGO-800x600.jpg\" alt=\"\" width=\"800\" height=\"600\" srcset=\"https:\/\/vocesparalelas.com.ar\/sitio\/wp-content\/uploads\/2019\/08\/FCEFN-UNSJ-LOGO-800x600.jpg 800w, https:\/\/vocesparalelas.com.ar\/sitio\/wp-content\/uploads\/2019\/08\/FCEFN-UNSJ-LOGO-300x225.jpg 300w, https:\/\/vocesparalelas.com.ar\/sitio\/wp-content\/uploads\/2019\/08\/FCEFN-UNSJ-LOGO-768x576.jpg 768w, https:\/\/vocesparalelas.com.ar\/sitio\/wp-content\/uploads\/2019\/08\/FCEFN-UNSJ-LOGO.jpg 1000w\" sizes=\"auto, (max-width: 800px) 100vw, 800px\" \/><\/p>\n","protected":false},"excerpt":{"rendered":"<p>La Facultad de Ciencias Exactas, F\u00edsicas y Naturales de la Universidad Nacional de San Juan obtuvo el reconocimiento \u00abL\u00edder del<\/p>\n","protected":false},"author":3,"featured_media":64071,"comment_status":"closed","ping_status":"closed","sticky":false,"template":"","format":"standard","meta":{"_acf_changed":false,"_seopress_robots_primary_cat":"none","_seopress_titles_title":"","_seopress_titles_desc":"","_seopress_robots_index":"","colormag_page_container_layout":"default_layout","colormag_page_sidebar_layout":"default_layout","footnotes":""},"categories":[8,7],"tags":[],"class_list":["post-64061","post","type-post","status-publish","format-standard","has-post-thumbnail","hentry","category-concursos","category-videos"],"acf":[],"_links":{"self":[{"href":"https:\/\/vocesparalelas.com.ar\/sitio\/wp-json\/wp\/v2\/posts\/64061","targetHints":{"allow":["GET"]}}],"collection":[{"href":"https:\/\/vocesparalelas.com.ar\/sitio\/wp-json\/wp\/v2\/posts"}],"about":[{"href":"https:\/\/vocesparalelas.com.ar\/sitio\/wp-json\/wp\/v2\/types\/post"}],"author":[{"embeddable":true,"href":"https:\/\/vocesparalelas.com.ar\/sitio\/wp-json\/wp\/v2\/users\/3"}],"replies":[{"embeddable":true,"href":"https:\/\/vocesparalelas.com.ar\/sitio\/wp-json\/wp\/v2\/comments?post=64061"}],"version-history":[{"count":1,"href":"https:\/\/vocesparalelas.com.ar\/sitio\/wp-json\/wp\/v2\/posts\/64061\/revisions"}],"predecessor-version":[{"id":64073,"href":"https:\/\/vocesparalelas.com.ar\/sitio\/wp-json\/wp\/v2\/posts\/64061\/revisions\/64073"}],"wp:featuredmedia":[{"embeddable":true,"href":"https:\/\/vocesparalelas.com.ar\/sitio\/wp-json\/wp\/v2\/media\/64071"}],"wp:attachment":[{"href":"https:\/\/vocesparalelas.com.ar\/sitio\/wp-json\/wp\/v2\/media?parent=64061"}],"wp:term":[{"taxonomy":"category","embeddable":true,"href":"https:\/\/vocesparalelas.com.ar\/sitio\/wp-json\/wp\/v2\/categories?post=64061"},{"taxonomy":"post_tag","embeddable":true,"href":"https:\/\/vocesparalelas.com.ar\/sitio\/wp-json\/wp\/v2\/tags?post=64061"}],"curies":[{"name":"wp","href":"https:\/\/api.w.org\/{rel}","templated":true}]}}