{"id":64052,"date":"2023-10-03T14:00:52","date_gmt":"2023-10-03T17:00:52","guid":{"rendered":"https:\/\/vocesparalelas.com.ar\/sitio\/?p=64052"},"modified":"2023-10-05T00:09:36","modified_gmt":"2023-10-05T03:09:36","slug":"convocan-profesionales-para-cargos-docentes-en-la-eucs-de-la-unsj-para-la-carrera-de-grado-de-medicina","status":"publish","type":"post","link":"https:\/\/vocesparalelas.com.ar\/sitio\/convocan-profesionales-para-cargos-docentes-en-la-eucs-de-la-unsj-para-la-carrera-de-grado-de-medicina\/","title":{"rendered":"Convocan Profesionales para cargos docentes en la EUCS de la UNSJ para la Carrera de Grado de Medicina"},"content":{"rendered":"<p>Luego de creada la carrera de Medicina, para formar el cuerpo acad\u00e9mico de esa propuesta la Escuela Universitaria de Ciencias de la Salud &#8211; EUCS &#8211; de la UNSJ lanza la b\u00fasqueda de profesionales para cubrir cargos docentes conforme las \u00c1reas del Plan de Estudios vigente, Ord. 19\/23-CS.<\/p>\n<p><span style=\"color: #ff0000;\"><strong>\u00c1rea Cuerpo Social<\/strong><\/span><\/p>\n<ul>\n<li>\u00c1rea Cuerpo Social Orientaci\u00f3n Antropolog\u00eda m\u00e9dica\\ sociolog\u00eda de la salud<\/li>\n<li>\u00c1rea Cuerpo Social Orientaci\u00f3n Salud Colectiva, Pol\u00edticas P\u00fablicas<\/li>\n<li>\u00c1rea Cuerpo Social Orientaci\u00f3n Medicina Legal<\/li>\n<li>\u00c1rea Cuerpo Social Orientaci\u00f3n Salud Colectiva, Gesti\u00f3n<\/li>\n<li>\u00c1rea Cuerpo Social Orientaci\u00f3n Epidemiologia<\/li>\n<\/ul>\n<p><strong><span style=\"color: #ff0000;\">\u00c1rea Cuerpo Individual: Estructura y Funcionamiento<\/span><\/strong><\/p>\n<ul>\n<li>\u00c1rea Cuerpo Individual: Estructura y Funcionamiento Orientaci\u00f3n Nutrici\u00f3n, crecimiento y desarrollo<\/li>\n<li>\u00c1rea Cuerpo Individual: Estructura y Funcionamiento Orientaci\u00f3n Biolog\u00eda Celular y Microbiolog\u00eda<\/li>\n<li>\u00c1rea Cuerpo Individual: Estructura y Funcionamiento Orientaci\u00f3n Gen\u00e9tica\\Embriolog\u00eda<\/li>\n<li>\u00c1rea Cuerpo Individual: Estructura y Funcionamiento. Orientaci\u00f3n Fisiolog\u00eda<\/li>\n<li>\u00c1rea Cuerpo Individual: Estructura y Funcionamiento. Orientaci\u00f3n Farmacolog\u00eda Cl\u00ednica<\/li>\n<li>\u00c1rea Cuerpo Individual: Estructura y Funcionamiento. Orientaci\u00f3n Estructura<\/li>\n<\/ul>\n<p><strong><span style=\"color: #ff0000;\">\u00c1rea Cuerpo en Relaci\u00f3n al Proceso Salud \u2013Enfermedad-Atenci\u00f3n-Cuidados<\/span><\/strong><\/p>\n<ul>\n<li>\u00c1rea Cuerpo en Relaci\u00f3n al Proceso Salud \u2013 Enfermedad-Atenci\u00f3n-Cuidados Orientaci\u00f3n Relaci\u00f3n m\u00e9dico paciente ambulatorio<\/li>\n<li>\u00c1rea Cuerpo en Relaci\u00f3n al Proceso Salud \u2013 Enfermedad-Atenci\u00f3n-Cuidados Orientaci\u00f3n Bio\u00e9tica<\/li>\n<li>\u00c1rea Cuerpo en Relaci\u00f3n al Proceso Salud \u2013Enfermedad-Atenci\u00f3n- Cuidados Orientaci\u00f3n Relaci\u00f3n m\u00e9dico paciente Emergencias<\/li>\n<li>\u00c1rea Cuerpo en Relaci\u00f3n al Proceso Salud \u2013 Enfermedad-Atenci\u00f3n-Cuidados Orientaci\u00f3n Relaci\u00f3n m\u00e9dico paciente Internaci\u00f3n<\/li>\n<li>\u00c1rea Cuerpo en Relaci\u00f3n al Proceso Salud \u2013Enfermedad- Atenci\u00f3n-Cuidados Orientaci\u00f3n Salud Mental<\/li>\n<\/ul>\n<p><span style=\"color: #ff0000;\"><strong>La presentaci\u00f3n de documentaci\u00f3n es en la Escuela Universitaria de Ciencias de la Salud de la UNSJ, Rawson 1850, Departamento Albard\u00f3n, Provincia de San Juan, desde el 4 al 6 de Octubre de 2023:\u00a0<\/strong><\/span><\/p>\n<ul>\n<li>04 de Octubre de 2023, de 8:00 a 12:00 hs.<\/li>\n<li>05 de Octubre de 2023, de 8:00 a 12:00 \u2013 de 15:00 a 18:00 hs.<\/li>\n<li>06 de Octubre de 2023, de 8:00 a 12:00 \u2013 de 15:00 a 18:00 hs.<\/li>\n<\/ul>\n<p><span style=\"color: #ff0000;\"><strong>Los profesionales interesados deben presentar por Mesa de Entrada y Salida de la EUCS de la UNSJ, as\u00ed como remitir v\u00eda correo electr\u00f3nico, la siguiente documentaci\u00f3n:<\/strong><\/span><\/p>\n<ul>\n<li>Curr\u00edculum Vitae actualizado impreso y una copia digitalizada en PDF de plataforma SIGEVA, CVar y\/o CONEAU Global.<\/li>\n<li>Fotocopia de Documento Nacional de Identidad<\/li>\n<li>Firma de Declaraci\u00f3n Jurada de veracidad de los datos presentados.<\/li>\n<li>Firma de conformidad con las pautas establecidas para el ingreso a la carrera.<\/li>\n<li>La documentaci\u00f3n solicitada deber\u00e1 ser enviada por correo electr\u00f3nico a:\u00a0<a href=\"concursos@eucs.unsj.edu.ar\">concursos@eucs.unsj.edu.ar<\/a><\/li>\n<li>Se deber\u00e1 dejar una copia de toda la documentaci\u00f3n en la Escuela Universitaria de Ciencias de la Salud, calle Rawson 1850 &#8211; Albard\u00f3n<\/li>\n<\/ul>\n<p><span style=\"color: #ff0000;\"><strong>Normativas<\/strong><\/span><\/p>\n<ul>\n<li><span style=\"color: #000000;\">Ord. 19\/2023-CS \u2013 Creaci\u00f3n de la Carrera de Medicina<\/span><\/li>\n<li><span style=\"color: #000000;\">Ord. 13\/2023-CS \u2013 R\u00e9gimen para cobertura de cargos interinos, transitorios (nuevos) vacantes y\/o reemplazantes, por el t\u00e9rmino de 1 (un) a\u00f1o.<\/span><\/li>\n<\/ul>\n<p><span style=\"color: #ff0000;\"><strong>Los archivos adjuntos comprimidos de las convocatorias de las \u00e1reas y de las normativas se encuentran en<\/strong><\/span><\/p>\n<p><a href=\"http:\/\/www.unsj.edu.ar\/home\/noticias_detalles\/7644\/1\">http:\/\/www.unsj.edu.ar\/home\/noticias_detalles\/7644\/1<\/a><\/p>\n<p>&nbsp;<\/p>\n<p><img loading=\"lazy\" decoding=\"async\" class=\"alignnone size-full wp-image-53945\" src=\"https:\/\/vocesparalelas.com.ar\/sitio\/wp-content\/uploads\/2022\/10\/UNSJ-LOGO-50-FINAL.jpg\" alt=\"\" width=\"800\" height=\"476\" srcset=\"https:\/\/vocesparalelas.com.ar\/sitio\/wp-content\/uploads\/2022\/10\/UNSJ-LOGO-50-FINAL.jpg 800w, https:\/\/vocesparalelas.com.ar\/sitio\/wp-content\/uploads\/2022\/10\/UNSJ-LOGO-50-FINAL-300x179.jpg 300w, https:\/\/vocesparalelas.com.ar\/sitio\/wp-content\/uploads\/2022\/10\/UNSJ-LOGO-50-FINAL-768x457.jpg 768w\" sizes=\"auto, (max-width: 800px) 100vw, 800px\" \/> <img loading=\"lazy\" decoding=\"async\" class=\"alignnone size-full wp-image-54035\" src=\"https:\/\/vocesparalelas.com.ar\/sitio\/wp-content\/uploads\/2022\/11\/UNSJ-LOGO-10.jpg\" alt=\"\" width=\"800\" height=\"533\" srcset=\"https:\/\/vocesparalelas.com.ar\/sitio\/wp-content\/uploads\/2022\/11\/UNSJ-LOGO-10.jpg 800w, https:\/\/vocesparalelas.com.ar\/sitio\/wp-content\/uploads\/2022\/11\/UNSJ-LOGO-10-300x200.jpg 300w, https:\/\/vocesparalelas.com.ar\/sitio\/wp-content\/uploads\/2022\/11\/UNSJ-LOGO-10-768x512.jpg 768w\" sizes=\"auto, (max-width: 800px) 100vw, 800px\" \/><\/p>\n<p>&nbsp;<\/p>\n","protected":false},"excerpt":{"rendered":"<p>Luego de creada la carrera de Medicina, para formar el cuerpo acad\u00e9mico de esa propuesta la Escuela Universitaria de Ciencias<\/p>\n","protected":false},"author":3,"featured_media":22965,"comment_status":"closed","ping_status":"closed","sticky":false,"template":"","format":"standard","meta":{"_acf_changed":false,"_seopress_robots_primary_cat":"none","_seopress_titles_title":"","_seopress_titles_desc":"","_seopress_robots_index":"","colormag_page_container_layout":"default_layout","colormag_page_sidebar_layout":"default_layout","footnotes":""},"categories":[2],"tags":[],"class_list":["post-64052","post","type-post","status-publish","format-standard","has-post-thumbnail","hentry","category-convocatorias"],"acf":[],"_links":{"self":[{"href":"https:\/\/vocesparalelas.com.ar\/sitio\/wp-json\/wp\/v2\/posts\/64052","targetHints":{"allow":["GET"]}}],"collection":[{"href":"https:\/\/vocesparalelas.com.ar\/sitio\/wp-json\/wp\/v2\/posts"}],"about":[{"href":"https:\/\/vocesparalelas.com.ar\/sitio\/wp-json\/wp\/v2\/types\/post"}],"author":[{"embeddable":true,"href":"https:\/\/vocesparalelas.com.ar\/sitio\/wp-json\/wp\/v2\/users\/3"}],"replies":[{"embeddable":true,"href":"https:\/\/vocesparalelas.com.ar\/sitio\/wp-json\/wp\/v2\/comments?post=64052"}],"version-history":[{"count":1,"href":"https:\/\/vocesparalelas.com.ar\/sitio\/wp-json\/wp\/v2\/posts\/64052\/revisions"}],"predecessor-version":[{"id":64055,"href":"https:\/\/vocesparalelas.com.ar\/sitio\/wp-json\/wp\/v2\/posts\/64052\/revisions\/64055"}],"wp:featuredmedia":[{"embeddable":true,"href":"https:\/\/vocesparalelas.com.ar\/sitio\/wp-json\/wp\/v2\/media\/22965"}],"wp:attachment":[{"href":"https:\/\/vocesparalelas.com.ar\/sitio\/wp-json\/wp\/v2\/media?parent=64052"}],"wp:term":[{"taxonomy":"category","embeddable":true,"href":"https:\/\/vocesparalelas.com.ar\/sitio\/wp-json\/wp\/v2\/categories?post=64052"},{"taxonomy":"post_tag","embeddable":true,"href":"https:\/\/vocesparalelas.com.ar\/sitio\/wp-json\/wp\/v2\/tags?post=64052"}],"curies":[{"name":"wp","href":"https:\/\/api.w.org\/{rel}","templated":true}]}}