{"id":64040,"date":"2023-10-02T22:17:08","date_gmt":"2023-10-03T01:17:08","guid":{"rendered":"https:\/\/vocesparalelas.com.ar\/sitio\/?p=64040"},"modified":"2023-10-03T00:17:34","modified_gmt":"2023-10-03T03:17:34","slug":"duelo-provincial-en-san-juan-por-el-fallecimiento-de-juan-jose-chica","status":"publish","type":"post","link":"https:\/\/vocesparalelas.com.ar\/sitio\/duelo-provincial-en-san-juan-por-el-fallecimiento-de-juan-jose-chica\/","title":{"rendered":"Duelo provincial en San Juan por el fallecimiento de Juan Jos\u00e9 Chica"},"content":{"rendered":"<p>A ra\u00edz del fallecimiento de Juan Jos\u00e9 Chica, el Gobierno de San Juan decret\u00f3 duelo provincial mientras duren las exequias de quien se desempe\u00f1\u00f3 como diputado provincial.<\/p>\n<p>El decreto firmado por el gobernador Dr. Sergio U\u00f1ac explica que Chica \u201cconsagr\u00f3 su vida a la actividad pol\u00edtica, sindical y deportiva, ocupando diversos e importantes cargos dirigenciales en numerosas entidades\u201d.<\/p>\n<p>El texto agrega que \u201ccon su desaparici\u00f3n f\u00edsica, la provincia de San Juan pierde a una figura de relevantes condiciones morales, intelectuales y pol\u00edticas\u00bb.<\/p>\n<p>Finalmente, se\u00f1ala que \u201cel Gobierno de San Juan rinde homenaje p\u00f3stumo a quien desde la funci\u00f3n p\u00fablica brind\u00f3 su capacidad y patriotismo al servicio de la comunidad, manifestando su m\u00e1s profundo pesar y acompa\u00f1ando en el dolor a todos sus familiares\u201d.<\/p>\n<p>&nbsp;<\/p>\n","protected":false},"excerpt":{"rendered":"<p>A ra\u00edz del fallecimiento de Juan Jos\u00e9 Chica, el Gobierno de San Juan decret\u00f3 duelo provincial mientras duren las exequias<\/p>\n","protected":false},"author":3,"featured_media":25616,"comment_status":"closed","ping_status":"closed","sticky":false,"template":"","format":"standard","meta":{"_acf_changed":false,"_seopress_robots_primary_cat":"none","_seopress_titles_title":"","_seopress_titles_desc":"","_seopress_robots_index":"","colormag_page_container_layout":"default_layout","colormag_page_sidebar_layout":"default_layout","footnotes":""},"categories":[1],"tags":[],"class_list":["post-64040","post","type-post","status-publish","format-standard","has-post-thumbnail","hentry","category-destacadas"],"acf":[],"_links":{"self":[{"href":"https:\/\/vocesparalelas.com.ar\/sitio\/wp-json\/wp\/v2\/posts\/64040","targetHints":{"allow":["GET"]}}],"collection":[{"href":"https:\/\/vocesparalelas.com.ar\/sitio\/wp-json\/wp\/v2\/posts"}],"about":[{"href":"https:\/\/vocesparalelas.com.ar\/sitio\/wp-json\/wp\/v2\/types\/post"}],"author":[{"embeddable":true,"href":"https:\/\/vocesparalelas.com.ar\/sitio\/wp-json\/wp\/v2\/users\/3"}],"replies":[{"embeddable":true,"href":"https:\/\/vocesparalelas.com.ar\/sitio\/wp-json\/wp\/v2\/comments?post=64040"}],"version-history":[{"count":1,"href":"https:\/\/vocesparalelas.com.ar\/sitio\/wp-json\/wp\/v2\/posts\/64040\/revisions"}],"predecessor-version":[{"id":64043,"href":"https:\/\/vocesparalelas.com.ar\/sitio\/wp-json\/wp\/v2\/posts\/64040\/revisions\/64043"}],"wp:featuredmedia":[{"embeddable":true,"href":"https:\/\/vocesparalelas.com.ar\/sitio\/wp-json\/wp\/v2\/media\/25616"}],"wp:attachment":[{"href":"https:\/\/vocesparalelas.com.ar\/sitio\/wp-json\/wp\/v2\/media?parent=64040"}],"wp:term":[{"taxonomy":"category","embeddable":true,"href":"https:\/\/vocesparalelas.com.ar\/sitio\/wp-json\/wp\/v2\/categories?post=64040"},{"taxonomy":"post_tag","embeddable":true,"href":"https:\/\/vocesparalelas.com.ar\/sitio\/wp-json\/wp\/v2\/tags?post=64040"}],"curies":[{"name":"wp","href":"https:\/\/api.w.org\/{rel}","templated":true}]}}