{"id":64035,"date":"2023-10-02T23:11:03","date_gmt":"2023-10-03T02:11:03","guid":{"rendered":"https:\/\/vocesparalelas.com.ar\/sitio\/?p=64035"},"modified":"2023-10-04T00:20:22","modified_gmt":"2023-10-04T03:20:22","slug":"el-principito-de-rachel-portman-en-san-juan","status":"publish","type":"post","link":"https:\/\/vocesparalelas.com.ar\/sitio\/el-principito-de-rachel-portman-en-san-juan\/","title":{"rendered":"\u201cEl Principito\u201d de Rachel Portman en San Juan"},"content":{"rendered":"<p class=\"p1\"><span class=\"s1\">El Teatro del Bicentenario, dependiente del Ministerio de Turismo y Cultura del Gobierno de San Juan, presenta \u201cEl Principito\u201d, una \u00f3pera para toda la familia con m\u00fasica original de la ganadora del \u00d3scar, Rachel Portman. Una producci\u00f3n del Teatro Col\u00f3n con puesta en escena del TB, que sube a escena el 4 y 5 de Noviembre, a las 18 hs,\u00a0<\/span><\/p>\n<p class=\"p1\"><span class=\"s1\">El Principito cuenta la historia de un ni\u00f1o que viene de un asteroide lejano y, a trav\u00e9s de sus viajes, descubre lo importante de la vida. Esta obra tuvo una difusi\u00f3n planetaria y fue adaptada a todos los formatos, desde el teatro, el cine, la televisi\u00f3n y el ballet. La compositora brit\u00e1nica Rachel Portman, ganadora del Oscar por la banda sonora de la pel\u00edcula Emma, plasm\u00f3 una partitura oper\u00edstica que deleita a todas las audiencias.<\/span><\/p>\n<p><iframe loading=\"lazy\" title=\"EL PRINCIPITO EN EL TB SAN JUAN\" width=\"800\" height=\"450\" src=\"https:\/\/www.youtube.com\/embed\/ZTpwCzBgG7Y?feature=oembed\" frameborder=\"0\" allow=\"accelerometer; autoplay; clipboard-write; encrypted-media; gyroscope; picture-in-picture; web-share\" allowfullscreen><\/iframe><\/p>\n<p class=\"p1\"><span class=\"s1\">Con una impresionante formaci\u00f3n de m\u00e1s de 85 artistas, &#8216;El Principito&#8217; se presenta como una extraordinaria \u00f3pera que fusiona la m\u00fasica original con el brillante libreto de Nicholas Wright, traducido al espa\u00f1ol por Mariana Ciolfi e Iv\u00e1n Rutkauskas. Bajo la direcci\u00f3n de escena de Ciolfi, direcci\u00f3n musical de Ezequiel Silberstein y un equipo creativo integrado por Mat\u00edas Ot\u00e1lora, Stella Maris M\u00fcller y Fabricio Ballarati, esta producci\u00f3n promete una experiencia sonora y visual excepcional.<\/span><\/p>\n<p class=\"p1\"><span class=\"s1\">La soprano Virginia Savastano asume el rol principal, dando vida de manera magistral al entra\u00f1able Principito. La acompa\u00f1an el bar\u00edtono Alejandro Spies y la contralto Claudia Lepe interpretando a los inolvidables personajes de esta obra, en una propuesta que cautivar\u00e1 a los amantes de la novela m\u00e1s famosa de todos los tiempos.<\/span><\/p>\n<p class=\"p1\"><span class=\"s1\">En el escenario, se unen talentosos artistas locales del Opera Training 2023, el programa de formaci\u00f3n para cantantes l\u00edricos del TB dirigido por la internacionalmente reconocida soprano Ver\u00f3nica Cangemi. Adem\u00e1s, participa el Coro de Ni\u00f1os y J\u00f3venes de la Universidad Nacional de San Juan, dirigido por Jorge Fuentes; y la Camerata San Juan, que asegura un deleite para todos los p\u00fablicos en la adaptaci\u00f3n de este cl\u00e1sico para grandes y chicos.<\/span><\/p>\n<p class=\"p1\"><span class=\"s1\">Esta producci\u00f3n, que cuenta a su vez, con una importante perspectiva de accesibilidad e inclusi\u00f3n, es posible gracias al respaldo de la Fundaci\u00f3n Amigos del Teatro del Bicentenario con el patrocinio de Se\u00f1or Gonz\u00e1lez, concesionario oficial Toyota en San Juan, Supermercado Salvador Gonz\u00e1lez y Le Pont S.A., concesionario oficial Citr\u00f6en en San Juan, quienes colaboran a trav\u00e9s de la Ley de Mecenazgo 2023. Asimismo, el Proyecto Josemar\u00eda colabora con el Teatro en pos de la concreci\u00f3n de objetivos de desarrollo comunitarios en com\u00fan. De igual manera, la Fundaci\u00f3n Banco San Juan apoya el proyecto.<\/span><\/p>\n<p class=\"p1\"><span class=\"s2\">El Principito, de Rachel Portman<\/span><\/p>\n<p class=\"p1\"><span class=\"s2\">\u00d3pera para toda la familia.<\/span><\/p>\n<p class=\"p1\"><span class=\"s2\">Sala Principal del Teatro del Bicentenario<\/span><\/p>\n<p class=\"p1\"><span class=\"s2\">4 y 5 de noviembre, a las 18hs.<\/span><\/p>\n<p class=\"p1\"><span class=\"s2\">Las entradas de $2000, $3000, $3500, $4500 y $5000, en venta en Boleter\u00eda del TB con descuentos exclusivos<\/span><\/p>\n<p class=\"p1\"><span class=\"s2\">Horario de Boleter\u00eda: de lunes a viernes de 9:30 a 14hs o de 16 a 20hs, y los s\u00e1bados de 10 a 13:30hs; tambi\u00e9n a trav\u00e9s de\u00a0<a href=\"http:\/\/www.tuentrada.com\/\"><span class=\"s3\">www.tuentrada.com<\/span><\/a><\/span><\/p>\n<p>&nbsp;<\/p>\n<p><img loading=\"lazy\" decoding=\"async\" class=\"alignnone size-large wp-image-24321\" src=\"https:\/\/vocesparalelas.com.ar\/sitio\/wp-content\/uploads\/2019\/10\/TEATRO-DEL-BICENTENARIO-100-800x503.jpg\" alt=\"\" width=\"800\" height=\"503\" srcset=\"https:\/\/vocesparalelas.com.ar\/sitio\/wp-content\/uploads\/2019\/10\/TEATRO-DEL-BICENTENARIO-100.jpg 800w, https:\/\/vocesparalelas.com.ar\/sitio\/wp-content\/uploads\/2019\/10\/TEATRO-DEL-BICENTENARIO-100-300x189.jpg 300w, https:\/\/vocesparalelas.com.ar\/sitio\/wp-content\/uploads\/2019\/10\/TEATRO-DEL-BICENTENARIO-100-768x483.jpg 768w\" sizes=\"auto, (max-width: 800px) 100vw, 800px\" \/><\/p>\n","protected":false},"excerpt":{"rendered":"<p>El Teatro del Bicentenario, dependiente del Ministerio de Turismo y Cultura del Gobierno de San Juan, presenta \u201cEl Principito\u201d, una<\/p>\n","protected":false},"author":3,"featured_media":64038,"comment_status":"closed","ping_status":"closed","sticky":false,"template":"","format":"standard","meta":{"_acf_changed":false,"_seopress_robots_primary_cat":"none","_seopress_titles_title":"","_seopress_titles_desc":"","_seopress_robots_index":"","colormag_page_container_layout":"default_layout","colormag_page_sidebar_layout":"default_layout","footnotes":""},"categories":[20,7],"tags":[],"class_list":["post-64035","post","type-post","status-publish","format-standard","has-post-thumbnail","hentry","category-cartelera","category-videos"],"acf":[],"_links":{"self":[{"href":"https:\/\/vocesparalelas.com.ar\/sitio\/wp-json\/wp\/v2\/posts\/64035","targetHints":{"allow":["GET"]}}],"collection":[{"href":"https:\/\/vocesparalelas.com.ar\/sitio\/wp-json\/wp\/v2\/posts"}],"about":[{"href":"https:\/\/vocesparalelas.com.ar\/sitio\/wp-json\/wp\/v2\/types\/post"}],"author":[{"embeddable":true,"href":"https:\/\/vocesparalelas.com.ar\/sitio\/wp-json\/wp\/v2\/users\/3"}],"replies":[{"embeddable":true,"href":"https:\/\/vocesparalelas.com.ar\/sitio\/wp-json\/wp\/v2\/comments?post=64035"}],"version-history":[{"count":3,"href":"https:\/\/vocesparalelas.com.ar\/sitio\/wp-json\/wp\/v2\/posts\/64035\/revisions"}],"predecessor-version":[{"id":64060,"href":"https:\/\/vocesparalelas.com.ar\/sitio\/wp-json\/wp\/v2\/posts\/64035\/revisions\/64060"}],"wp:featuredmedia":[{"embeddable":true,"href":"https:\/\/vocesparalelas.com.ar\/sitio\/wp-json\/wp\/v2\/media\/64038"}],"wp:attachment":[{"href":"https:\/\/vocesparalelas.com.ar\/sitio\/wp-json\/wp\/v2\/media?parent=64035"}],"wp:term":[{"taxonomy":"category","embeddable":true,"href":"https:\/\/vocesparalelas.com.ar\/sitio\/wp-json\/wp\/v2\/categories?post=64035"},{"taxonomy":"post_tag","embeddable":true,"href":"https:\/\/vocesparalelas.com.ar\/sitio\/wp-json\/wp\/v2\/tags?post=64035"}],"curies":[{"name":"wp","href":"https:\/\/api.w.org\/{rel}","templated":true}]}}