{"id":64027,"date":"2023-10-02T22:23:07","date_gmt":"2023-10-03T01:23:07","guid":{"rendered":"https:\/\/vocesparalelas.com.ar\/sitio\/?p=64027"},"modified":"2023-10-02T22:52:14","modified_gmt":"2023-10-03T01:52:14","slug":"avances-del-plan-de-respuesta-en-adaptacion-y-mitigacion-al-cambio-climatico-en-san-juan","status":"publish","type":"post","link":"https:\/\/vocesparalelas.com.ar\/sitio\/avances-del-plan-de-respuesta-en-adaptacion-y-mitigacion-al-cambio-climatico-en-san-juan\/","title":{"rendered":"Avances del Plan de Respuesta en Adaptaci\u00f3n y Mitigaci\u00f3n al Cambio Clim\u00e1tico en San Juan"},"content":{"rendered":"<p>En el marco del Plan de Respuesta en Adaptaci\u00f3n y Mitigaci\u00f3n al Cambio Clim\u00e1tico, la Secretar\u00eda de Estado de Ambiente y Desarrollo Sustentable del Gobierno de San Juan a trav\u00e9s del Observatorio Ambiental San Juan, present\u00f3 a representantes de \u00e1reas ambientales de municipios, los avances alcanzados en esta materia y las propuestas de acci\u00f3n para ejecutar en cada jurisdicci\u00f3n.<\/p>\n<p>La Ley Nacional N\u00ba 27520, de Presupuestos M\u00ednimos de Adaptaci\u00f3n y Mitigaci\u00f3n al Cambio Clim\u00e1tico Global, exige elaborar y articular las pol\u00edticas de cambio clim\u00e1tico en el pa\u00eds, y garantizar su implementaci\u00f3n de manera consensuada y transparente en todo el territorio.<\/p>\n<p>La provincia de San Juan a trav\u00e9s de las leyes 1800-L de creaci\u00f3n del Observatorio Ambiental donde se encuentra la Agencia de Cambio Clim\u00e1tico, y 2287-A, que determina que la Secretar\u00eda de Ambiente es la autoridad de aplicaci\u00f3n de esta ley nacional, se encuentra avanzando en el Plan provincial.<\/p>\n<p>Por ello, Voces Paralelas desarroll\u00f3 una entrevista period\u00edstica al director del Observatorio Ambiental, Ing. Bruno Grillo, quien describi\u00f3 la importancia del encuentro con referentes de los municipios de San Juan y aclar\u00f3 que las reuniones contin\u00faan porque es un compromiso que se deben asumir entre los habitantes.<\/p>\n<p><iframe loading=\"lazy\" title=\"AMBIENTE SAN JUAN ING ANDRES GRILLO\" width=\"800\" height=\"450\" src=\"https:\/\/www.youtube.com\/embed\/1o4Fu8GbxSo?feature=oembed\" frameborder=\"0\" allow=\"accelerometer; autoplay; clipboard-write; encrypted-media; gyroscope; picture-in-picture; web-share\" allowfullscreen><\/iframe><\/p>\n<p>&nbsp;<\/p>\n<p><img loading=\"lazy\" decoding=\"async\" class=\"alignnone size-full wp-image-64031\" src=\"https:\/\/vocesparalelas.com.ar\/sitio\/wp-content\/uploads\/2023\/10\/AMBIENTE-OBSERVATORIO-02.jpg\" alt=\"\" width=\"800\" height=\"533\" srcset=\"https:\/\/vocesparalelas.com.ar\/sitio\/wp-content\/uploads\/2023\/10\/AMBIENTE-OBSERVATORIO-02.jpg 800w, https:\/\/vocesparalelas.com.ar\/sitio\/wp-content\/uploads\/2023\/10\/AMBIENTE-OBSERVATORIO-02-300x200.jpg 300w, https:\/\/vocesparalelas.com.ar\/sitio\/wp-content\/uploads\/2023\/10\/AMBIENTE-OBSERVATORIO-02-768x512.jpg 768w\" sizes=\"auto, (max-width: 800px) 100vw, 800px\" \/><\/p>\n<p>Al final del encuentro los representantes de las Municipalidades completaron la escala de los riesgos en su departamento.<\/p>\n<ul>\n<li>Riesgo de afectaci\u00f3n a los ecosistemas por aumento en la extensi\u00f3n, ocurrencia y propagaci\u00f3n de incendios.<\/li>\n<li>Riesgo de disminuci\u00f3n de acceso al agua segura para consumo en la poblaci\u00f3n urbana y rural (dispersa y agrupada).<\/li>\n<li>P\u00e9rdida de las fuentes de ingresos monetarios por afectaciones a la calidad y el caudal de agua disponible para producci\u00f3n econ\u00f3mica industrial &#8211; comercial (no agropecuaria)<\/li>\n<li>Riesgo de p\u00e9rdida de productividad primaria, fragmentaci\u00f3n y reducci\u00f3n de vegas altoandinas.<\/li>\n<li>Extinci\u00f3n de flora y fauna aut\u00f3ctona por variaciones de temperaturas. Profundizaci\u00f3n en los procesos de desertificaci\u00f3n y erosi\u00f3n de los suelos<\/li>\n<li>Afectaci\u00f3n de zonas de veranada de vicu\u00f1as y guanacos como tambi\u00e9n otros herb\u00edvoros y el ganado dom\u00e9stico.<\/li>\n<li>Riesgo de afectaci\u00f3n en las poblaciones de flora y fauna por degradaci\u00f3n de ambientes de humedales.<\/li>\n<li>Riesgo de afectaci\u00f3n a los acu\u00edferos por contaminaci\u00f3n<\/li>\n<\/ul>\n<p><img loading=\"lazy\" decoding=\"async\" class=\"alignnone size-large wp-image-18375\" src=\"https:\/\/vocesparalelas.com.ar\/sitio\/wp-content\/uploads\/2019\/01\/AMBIENTE-CARTEL-800x496.jpg\" alt=\"\" width=\"800\" height=\"496\" srcset=\"https:\/\/vocesparalelas.com.ar\/sitio\/wp-content\/uploads\/2019\/01\/AMBIENTE-CARTEL-800x496.jpg 800w, https:\/\/vocesparalelas.com.ar\/sitio\/wp-content\/uploads\/2019\/01\/AMBIENTE-CARTEL-300x186.jpg 300w, https:\/\/vocesparalelas.com.ar\/sitio\/wp-content\/uploads\/2019\/01\/AMBIENTE-CARTEL-768x476.jpg 768w, https:\/\/vocesparalelas.com.ar\/sitio\/wp-content\/uploads\/2019\/01\/AMBIENTE-CARTEL.jpg 1000w\" sizes=\"auto, (max-width: 800px) 100vw, 800px\" \/><\/p>\n<p>&nbsp;<\/p>\n","protected":false},"excerpt":{"rendered":"<p>En el marco del Plan de Respuesta en Adaptaci\u00f3n y Mitigaci\u00f3n al Cambio Clim\u00e1tico, la Secretar\u00eda de Estado de Ambiente<\/p>\n","protected":false},"author":3,"featured_media":64030,"comment_status":"closed","ping_status":"closed","sticky":false,"template":"","format":"standard","meta":{"_acf_changed":false,"_seopress_robots_primary_cat":"none","_seopress_titles_title":"","_seopress_titles_desc":"","_seopress_robots_index":"","colormag_page_container_layout":"default_layout","colormag_page_sidebar_layout":"default_layout","footnotes":""},"categories":[1,7],"tags":[],"class_list":["post-64027","post","type-post","status-publish","format-standard","has-post-thumbnail","hentry","category-destacadas","category-videos"],"acf":[],"_links":{"self":[{"href":"https:\/\/vocesparalelas.com.ar\/sitio\/wp-json\/wp\/v2\/posts\/64027","targetHints":{"allow":["GET"]}}],"collection":[{"href":"https:\/\/vocesparalelas.com.ar\/sitio\/wp-json\/wp\/v2\/posts"}],"about":[{"href":"https:\/\/vocesparalelas.com.ar\/sitio\/wp-json\/wp\/v2\/types\/post"}],"author":[{"embeddable":true,"href":"https:\/\/vocesparalelas.com.ar\/sitio\/wp-json\/wp\/v2\/users\/3"}],"replies":[{"embeddable":true,"href":"https:\/\/vocesparalelas.com.ar\/sitio\/wp-json\/wp\/v2\/comments?post=64027"}],"version-history":[{"count":3,"href":"https:\/\/vocesparalelas.com.ar\/sitio\/wp-json\/wp\/v2\/posts\/64027\/revisions"}],"predecessor-version":[{"id":64034,"href":"https:\/\/vocesparalelas.com.ar\/sitio\/wp-json\/wp\/v2\/posts\/64027\/revisions\/64034"}],"wp:featuredmedia":[{"embeddable":true,"href":"https:\/\/vocesparalelas.com.ar\/sitio\/wp-json\/wp\/v2\/media\/64030"}],"wp:attachment":[{"href":"https:\/\/vocesparalelas.com.ar\/sitio\/wp-json\/wp\/v2\/media?parent=64027"}],"wp:term":[{"taxonomy":"category","embeddable":true,"href":"https:\/\/vocesparalelas.com.ar\/sitio\/wp-json\/wp\/v2\/categories?post=64027"},{"taxonomy":"post_tag","embeddable":true,"href":"https:\/\/vocesparalelas.com.ar\/sitio\/wp-json\/wp\/v2\/tags?post=64027"}],"curies":[{"name":"wp","href":"https:\/\/api.w.org\/{rel}","templated":true}]}}