{"id":63928,"date":"2023-09-28T23:08:42","date_gmt":"2023-09-29T02:08:42","guid":{"rendered":"https:\/\/vocesparalelas.com.ar\/sitio\/?p=63928"},"modified":"2023-10-02T01:15:18","modified_gmt":"2023-10-02T04:15:18","slug":"campana-nacional-por-la-alfabetizacion-en-san-juan","status":"publish","type":"post","link":"https:\/\/vocesparalelas.com.ar\/sitio\/campana-nacional-por-la-alfabetizacion-en-san-juan\/","title":{"rendered":"Campa\u00f1a Nacional por la Alfabetizaci\u00f3n en San Juan"},"content":{"rendered":"<p>En el Centro de capacitaci\u00f3n del Banco San Juan, se desarrollo la Campa\u00f1a Nacional por la Alfabetizaci\u00f3n en San Juan.<\/p>\n<p>Por ello, \u00abArgentinos por la Educaci\u00f3n\u00bb y Fundaci\u00f3n Banco San Juan invitan a ser parte de la Campa\u00f1a Nacional por la Alfabetizaci\u00f3n para conversar sobre el desaf\u00edo de la alfabetizaci\u00f3n inicial.<\/p>\n<p>Adem\u00e1s, proponen reflexionar sobre el rol de los distintos sectores y actores para contribuir con la mejora de la educaci\u00f3n.<\/p>\n<p>Por ello, Voces Paralelas desarroll\u00f3 una entrevista period\u00edstica a la Secretaria Ejecutiva de la Fundaci\u00f3n Banco San Juan, Prof. Laura Ad\u00e1moli, quien destac\u00f3 la importancia del tema de educaci\u00f3n, m\u00e1s en estos momentos que es preocupante por los resultados evaluativos.<\/p>\n<p><iframe loading=\"lazy\" title=\"FBSJ SEC EJECUTIVA PROF LAURA ADAMOLI\" width=\"800\" height=\"450\" src=\"https:\/\/www.youtube.com\/embed\/fywOesII_ZE?feature=oembed\" frameborder=\"0\" allow=\"accelerometer; autoplay; clipboard-write; encrypted-media; gyroscope; picture-in-picture; web-share\" allowfullscreen><\/iframe><\/p>\n<p>&nbsp;<\/p>\n<p>Argentinos por la Educaci\u00f3n quieren que la educaci\u00f3n sea una prioridad y para ello, el Lic. Federico Del Carpio lo present\u00f3 con la participaci\u00f3n de referentes de distintas organizaci\u00f3n de la Educaci\u00f3n de San Juan.<\/p>\n<p><iframe loading=\"lazy\" title=\"FBSJ LIC FEDERICO DEL CARPIO\" width=\"800\" height=\"450\" src=\"https:\/\/www.youtube.com\/embed\/D0Hu_4ZWq2s?feature=oembed\" frameborder=\"0\" allow=\"accelerometer; autoplay; clipboard-write; encrypted-media; gyroscope; picture-in-picture; web-share\" allowfullscreen><\/iframe><\/p>\n<p>&nbsp;<\/p>\n<p>Posteriormente, el Prof. Mariano Narodowski, explic\u00f3 la necesidad de reforzar la educaci\u00f3n no con cambios sino proponer otras miradas para convocar a los alumnos a sumarse al gran desaf\u00edo.<\/p>\n<p><iframe loading=\"lazy\" title=\"FBSJ PROF MARIANO NARODOWSKI\" width=\"800\" height=\"450\" src=\"https:\/\/www.youtube.com\/embed\/KMOiG9dUvxU?feature=oembed\" frameborder=\"0\" allow=\"accelerometer; autoplay; clipboard-write; encrypted-media; gyroscope; picture-in-picture; web-share\" allowfullscreen><\/iframe><\/p>\n<p>Luego, los presentes expresaron distintas posturas para proponer compromisos entre todos sobre la educaci\u00f3n<\/p>\n<p><img loading=\"lazy\" decoding=\"async\" class=\"alignnone size-full wp-image-63932\" src=\"https:\/\/vocesparalelas.com.ar\/sitio\/wp-content\/uploads\/2023\/09\/FBS-ALFABETIZACION-01.jpg\" alt=\"\" width=\"800\" height=\"533\" srcset=\"https:\/\/vocesparalelas.com.ar\/sitio\/wp-content\/uploads\/2023\/09\/FBS-ALFABETIZACION-01.jpg 800w, https:\/\/vocesparalelas.com.ar\/sitio\/wp-content\/uploads\/2023\/09\/FBS-ALFABETIZACION-01-300x200.jpg 300w, https:\/\/vocesparalelas.com.ar\/sitio\/wp-content\/uploads\/2023\/09\/FBS-ALFABETIZACION-01-768x512.jpg 768w\" sizes=\"auto, (max-width: 800px) 100vw, 800px\" \/><\/p>\n<p>&nbsp;<\/p>\n<p>&nbsp;<\/p>\n<p>&nbsp;<\/p>\n","protected":false},"excerpt":{"rendered":"<p>En el Centro de capacitaci\u00f3n del Banco San Juan, se desarrollo la Campa\u00f1a Nacional por la Alfabetizaci\u00f3n en San Juan.<\/p>\n","protected":false},"author":3,"featured_media":63931,"comment_status":"closed","ping_status":"closed","sticky":false,"template":"","format":"standard","meta":{"_acf_changed":false,"_seopress_robots_primary_cat":"none","_seopress_titles_title":"","_seopress_titles_desc":"","_seopress_robots_index":"","colormag_page_container_layout":"default_layout","colormag_page_sidebar_layout":"default_layout","footnotes":""},"categories":[10,7],"tags":[],"class_list":["post-63928","post","type-post","status-publish","format-standard","has-post-thumbnail","hentry","category-opiniones","category-videos"],"acf":[],"_links":{"self":[{"href":"https:\/\/vocesparalelas.com.ar\/sitio\/wp-json\/wp\/v2\/posts\/63928","targetHints":{"allow":["GET"]}}],"collection":[{"href":"https:\/\/vocesparalelas.com.ar\/sitio\/wp-json\/wp\/v2\/posts"}],"about":[{"href":"https:\/\/vocesparalelas.com.ar\/sitio\/wp-json\/wp\/v2\/types\/post"}],"author":[{"embeddable":true,"href":"https:\/\/vocesparalelas.com.ar\/sitio\/wp-json\/wp\/v2\/users\/3"}],"replies":[{"embeddable":true,"href":"https:\/\/vocesparalelas.com.ar\/sitio\/wp-json\/wp\/v2\/comments?post=63928"}],"version-history":[{"count":1,"href":"https:\/\/vocesparalelas.com.ar\/sitio\/wp-json\/wp\/v2\/posts\/63928\/revisions"}],"predecessor-version":[{"id":63933,"href":"https:\/\/vocesparalelas.com.ar\/sitio\/wp-json\/wp\/v2\/posts\/63928\/revisions\/63933"}],"wp:featuredmedia":[{"embeddable":true,"href":"https:\/\/vocesparalelas.com.ar\/sitio\/wp-json\/wp\/v2\/media\/63931"}],"wp:attachment":[{"href":"https:\/\/vocesparalelas.com.ar\/sitio\/wp-json\/wp\/v2\/media?parent=63928"}],"wp:term":[{"taxonomy":"category","embeddable":true,"href":"https:\/\/vocesparalelas.com.ar\/sitio\/wp-json\/wp\/v2\/categories?post=63928"},{"taxonomy":"post_tag","embeddable":true,"href":"https:\/\/vocesparalelas.com.ar\/sitio\/wp-json\/wp\/v2\/tags?post=63928"}],"curies":[{"name":"wp","href":"https:\/\/api.w.org\/{rel}","templated":true}]}}