{"id":63886,"date":"2023-09-29T17:00:03","date_gmt":"2023-09-29T20:00:03","guid":{"rendered":"https:\/\/vocesparalelas.com.ar\/sitio\/?p=63886"},"modified":"2023-10-03T01:06:55","modified_gmt":"2023-10-03T04:06:55","slug":"xiii-jornadas-hospitalarias-dr-jorge-oliva-inteligencia-artificial-en-salud-en-el-hmq-de-san-juan","status":"publish","type":"post","link":"https:\/\/vocesparalelas.com.ar\/sitio\/xiii-jornadas-hospitalarias-dr-jorge-oliva-inteligencia-artificial-en-salud-en-el-hmq-de-san-juan\/","title":{"rendered":"XIII Jornadas Hospitalarias Dr. Jorge Oliva \u00abInteligencia Artificial en Salud\u00bb en el HMQ de San Juan"},"content":{"rendered":"<p>El Directorio y el Comit\u00e9 de Docencia e Investigaci\u00f3n del Hospital Dr. Marcial Quiroga convocan a la presentaci\u00f3n de trabajos cient\u00edficos para las XIII Jornadas Hospitalarias Dr. Jorge Oliva \u00abInteligencia Artificial en Salud\u00bb, que se desarrollan el 2 y 3 de Noviembre de 2023.<\/p>\n<p>Por ello, Voces Paralelas desarroll\u00f3 una entrevista period\u00edstica al Director Ejecutivo del Hospital Dr. Marcial Quiroga, Dr. Andr\u00e9s Escudero, quien describi\u00f3 la importancia del evento porque es lo que se viene para la salud.<\/p>\n<p><iframe loading=\"lazy\" title=\"HMQ DR ANDR\u00c9S ESCUDERO\" width=\"800\" height=\"450\" src=\"https:\/\/www.youtube.com\/embed\/pfYCrN2tghk?feature=oembed\" frameborder=\"0\" allow=\"accelerometer; autoplay; clipboard-write; encrypted-media; gyroscope; picture-in-picture; web-share\" allowfullscreen><\/iframe><\/p>\n<p>La recepci\u00f3n de los trabajos cient\u00edficos est\u00e1 abierta y deben enviarse por mail a\u00a0<span id=\"cloakcb61034cc9571baae77dac746f2d8e9f\"><a href=\"mailto:investigacionresidenciashmq@gmail.com\">investigacionresidenciashmq@gmail.com<\/a><\/span>.<\/p>\n<p>La fecha l\u00edmite para el env\u00edo de res\u00famenes es el Domingo, 15 de Octubre de 2023. No se aceptan trabajos enviados despu\u00e9s de esta fecha.<\/p>\n<p><img loading=\"lazy\" decoding=\"async\" class=\"alignnone size-full wp-image-63890\" src=\"https:\/\/vocesparalelas.com.ar\/sitio\/wp-content\/uploads\/2023\/09\/SALUD-INTELIGENCIA.jpg\" alt=\"\" width=\"800\" height=\"501\" srcset=\"https:\/\/vocesparalelas.com.ar\/sitio\/wp-content\/uploads\/2023\/09\/SALUD-INTELIGENCIA.jpg 800w, https:\/\/vocesparalelas.com.ar\/sitio\/wp-content\/uploads\/2023\/09\/SALUD-INTELIGENCIA-300x188.jpg 300w, https:\/\/vocesparalelas.com.ar\/sitio\/wp-content\/uploads\/2023\/09\/SALUD-INTELIGENCIA-768x481.jpg 768w\" sizes=\"auto, (max-width: 800px) 100vw, 800px\" \/><\/p>\n<p>En archivo adjunto se encuentra el \u201cReglamento de Presentaci\u00f3n de Trabajos Cient\u00edficos\u201d, en el que se detallan las instrucciones y requisitos para su confecci\u00f3n. Todos aquellos interesados pueden participar del evento cient\u00edfico m\u00e1s importante del a\u00f1o que organiza el Hospital Dr. Marcial Quiroga, el cual cuenta con los disertantes m\u00e1s destacados del pa\u00eds.<\/p>\n<p><a href=\"https:\/\/vocesparalelas.com.ar\/sitio\/wp-content\/uploads\/2023\/09\/REGLAMENTO-DE-PRESENTACION-DE-TRABAJOS-CIENTIFICOS-JORNADAS-HOSPITALARIAS-2023.pdf\">REGLAMENTO-DE-PRESENTACION-DE-TRABAJOS-CIENTIFICOS-JORNADAS-HOSPITALARIAS-2023<\/a><\/p>\n<p>&nbsp;<\/p>\n<p><img loading=\"lazy\" decoding=\"async\" class=\"alignnone size-full wp-image-50515\" src=\"https:\/\/vocesparalelas.com.ar\/sitio\/wp-content\/uploads\/2022\/07\/HMQ-FRENTE.jpg\" alt=\"\" width=\"800\" height=\"600\" srcset=\"https:\/\/vocesparalelas.com.ar\/sitio\/wp-content\/uploads\/2022\/07\/HMQ-FRENTE.jpg 800w, https:\/\/vocesparalelas.com.ar\/sitio\/wp-content\/uploads\/2022\/07\/HMQ-FRENTE-300x225.jpg 300w, https:\/\/vocesparalelas.com.ar\/sitio\/wp-content\/uploads\/2022\/07\/HMQ-FRENTE-768x576.jpg 768w\" sizes=\"auto, (max-width: 800px) 100vw, 800px\" \/><\/p>\n","protected":false},"excerpt":{"rendered":"<p>El Directorio y el Comit\u00e9 de Docencia e Investigaci\u00f3n del Hospital Dr. Marcial Quiroga convocan a la presentaci\u00f3n de trabajos<\/p>\n","protected":false},"author":3,"featured_media":63943,"comment_status":"closed","ping_status":"closed","sticky":false,"template":"","format":"standard","meta":{"_acf_changed":false,"_seopress_robots_primary_cat":"none","_seopress_titles_title":"","_seopress_titles_desc":"","_seopress_robots_index":"","colormag_page_container_layout":"default_layout","colormag_page_sidebar_layout":"default_layout","footnotes":""},"categories":[15,7],"tags":[],"class_list":["post-63886","post","type-post","status-publish","format-standard","has-post-thumbnail","hentry","category-posgrados","category-videos"],"acf":[],"_links":{"self":[{"href":"https:\/\/vocesparalelas.com.ar\/sitio\/wp-json\/wp\/v2\/posts\/63886","targetHints":{"allow":["GET"]}}],"collection":[{"href":"https:\/\/vocesparalelas.com.ar\/sitio\/wp-json\/wp\/v2\/posts"}],"about":[{"href":"https:\/\/vocesparalelas.com.ar\/sitio\/wp-json\/wp\/v2\/types\/post"}],"author":[{"embeddable":true,"href":"https:\/\/vocesparalelas.com.ar\/sitio\/wp-json\/wp\/v2\/users\/3"}],"replies":[{"embeddable":true,"href":"https:\/\/vocesparalelas.com.ar\/sitio\/wp-json\/wp\/v2\/comments?post=63886"}],"version-history":[{"count":4,"href":"https:\/\/vocesparalelas.com.ar\/sitio\/wp-json\/wp\/v2\/posts\/63886\/revisions"}],"predecessor-version":[{"id":63944,"href":"https:\/\/vocesparalelas.com.ar\/sitio\/wp-json\/wp\/v2\/posts\/63886\/revisions\/63944"}],"wp:featuredmedia":[{"embeddable":true,"href":"https:\/\/vocesparalelas.com.ar\/sitio\/wp-json\/wp\/v2\/media\/63943"}],"wp:attachment":[{"href":"https:\/\/vocesparalelas.com.ar\/sitio\/wp-json\/wp\/v2\/media?parent=63886"}],"wp:term":[{"taxonomy":"category","embeddable":true,"href":"https:\/\/vocesparalelas.com.ar\/sitio\/wp-json\/wp\/v2\/categories?post=63886"},{"taxonomy":"post_tag","embeddable":true,"href":"https:\/\/vocesparalelas.com.ar\/sitio\/wp-json\/wp\/v2\/tags?post=63886"}],"curies":[{"name":"wp","href":"https:\/\/api.w.org\/{rel}","templated":true}]}}