{"id":63880,"date":"2023-09-28T19:46:49","date_gmt":"2023-09-28T22:46:49","guid":{"rendered":"https:\/\/vocesparalelas.com.ar\/sitio\/?p=63880"},"modified":"2023-10-05T00:21:13","modified_gmt":"2023-10-05T03:21:13","slug":"el-hospital-dr-guillermo-rawson-es-subsede-de-la-uba-para-los-medicos-residentes-de-san-juan","status":"publish","type":"post","link":"https:\/\/vocesparalelas.com.ar\/sitio\/el-hospital-dr-guillermo-rawson-es-subsede-de-la-uba-para-los-medicos-residentes-de-san-juan\/","title":{"rendered":"El Hospital Dr. Guillermo Rawson es subsede de la UBA para los M\u00e9dicos Residentes de San Juan"},"content":{"rendered":"<p>La concreci\u00f3n de este objetivo implica una\u00a0gran oportunidad de desarrollo profesional\u00a0para los m\u00e9dicos del Hospital, que de esta manera pueden acceder a trav\u00e9s del Hospital de Cl\u00ednicas de Buenos Aires al curso de especialista universitario de Otorrinolaringolog\u00eda. Con ello los residentes que est\u00e1n cursando la especialidad en San Juan van a poder acceder al t\u00edtulo\u00a0sin necesidad de tener que radicarse en Buenos Aires o viajar con regularidad, especializ\u00e1ndose\u00a0en la mejor universidad de Iberoam\u00e9rica.<\/p>\n<p>Los alumnos van a poder cursar\u00a0desde San Juan en forma on line con clases semanales y rendir los ex\u00e1menes en San Juan y el final del curso se rinde en Buenos Aires. \u201cEsto nos ha dado la apertura muy buena a la Universidad de Buenos Aires, ya que\u00a0otras \u00e1reas del hospital van a poder aspirar a utilizar este tipo de convenio\u00a0y nos va a ayudar mucho para el desarrollo de la carrera universitaria\u201d, se\u00f1ala el\u00a0Dr. Leonardo Nefa,\u00a0Director Asociado en dicha subsede\u00a0y tambi\u00e9n adscripto en car\u00e1cter de Docente Libre para la carrera en cuesti\u00f3n, pudiendo dictar Asignaturas, Cursos, Seminarios, Ateneos o Ciclos de Conferencias en el Ciclo de Postgrado.<\/p>\n<p>El cuerpo docente integrado por los m\u00e9dicos de Planta del servicio de Otorrinolaringolog\u00eda, liderado por el Dr. Castor S\u00e1nchez Hidalgo e integrado por los doctores Julieta Portillo, Sebasti\u00e1n Lifschitz, Orlando Rodr\u00edguez, Melisa Victoria y Mat\u00edas Garc\u00eda.<\/p>\n<p><img loading=\"lazy\" decoding=\"async\" class=\"alignnone size-full wp-image-63883\" src=\"https:\/\/vocesparalelas.com.ar\/sitio\/wp-content\/uploads\/2023\/09\/HGR-UBA.jpg\" alt=\"\" width=\"800\" height=\"447\" srcset=\"https:\/\/vocesparalelas.com.ar\/sitio\/wp-content\/uploads\/2023\/09\/HGR-UBA.jpg 800w, https:\/\/vocesparalelas.com.ar\/sitio\/wp-content\/uploads\/2023\/09\/HGR-UBA-300x168.jpg 300w, https:\/\/vocesparalelas.com.ar\/sitio\/wp-content\/uploads\/2023\/09\/HGR-UBA-768x429.jpg 768w\" sizes=\"auto, (max-width: 800px) 100vw, 800px\" \/><\/p>\n<p><span style=\"color: #ff0000;\"><strong>Los m\u00e9dicos residentes del servicio que comienzan con la especializaci\u00f3n<\/strong><\/span><\/p>\n<ul>\n<li>Dra. Mariana Pe\u00f1a,<\/li>\n<li>Dra. Agostina Vila y<\/li>\n<li>Dra. Virginia Zinni<\/li>\n<\/ul>\n<p>El camino para llegar a ser subsede de la UBA no es sencillo, ya que hay que cumplir con precisas especificaciones edilicias y de equipamiento, de sost\u00e9n y soporte t\u00e9cnico para el acceso y la formaci\u00f3n de los residentes. \u201cPor supuesto que nos han evaluado previamente y eso\u00a0es tambi\u00e9n muy valioso porque nos pone en un muy buen lugar\u00a0y detr\u00e1s nuestro otros colegas que tambi\u00e9n se han formado en el Hospital de Cl\u00ednicas y est\u00e1n distribuidos en el interior del pa\u00eds est\u00e1n tratando de firmar este convenio, es decir que\u00a0hemos sido punta de lanza para que otros puedan sumarse\u201d se\u00f1ala el Dr. Leonardo Nefa.<\/p>\n<p>\u201cHasta ahora somos los \u00fanicos entre los hospitales inscriptos que han logrado ser subsede, gracias a que en nuestro hospital tenemos varios sectores que han ayudado mucho a completar los requerimientos que nos ped\u00edan, evidentemente en otros hospitales del pa\u00eds no tienen esas estructuras. Los que est\u00e1n buscando este objetivo que alcanzamos nosotros son\u00a0Tucum\u00e1n, Jujuy, Tandil y Bah\u00eda Blanca\u201d, expres\u00f3 el Dr. Leonardo Nefa.<\/p>\n<p>Para el director de esta flamante subsede la importancia de lograrlo es inmensa porque \u201cen San Juan no somos muchos los otorrinolaring\u00f3logos que tienen la especializaci\u00f3n, unos seis. Esto nos va a permitir que\u00a0m\u00e1s m\u00e9dicos puedan ser especialistas universitarios de la UBA, una de las cien universidades m\u00e1s prestigiosas del mundo. Esto nos permite una\u00a0formaci\u00f3n acad\u00e9mica continua, es muy importante\u201d. El requisito principal para acceder a la especializaci\u00f3n es estar\u00a0dentro de una residencia m\u00e9dica, es decir cursando un proceso de formaci\u00f3n, por ello est\u00e1 orientada principalmente a residentes.<\/p>\n<p><span style=\"color: #339966;\"><strong>Sigue avanzando el convenio con el Poder Judicial<\/strong><\/span><\/p>\n<p>El Dr. Leonardo Nefa tambi\u00e9n inform\u00f3 que el otro aspecto saliente desde el punto de vista acad\u00e9mico\u00a0que sostiene el servicio de ORL, el\u00a0convenio de reciprocidad con el Poder Judicial\u00a0para la apertura al\u00a0Laboratorio de Disecci\u00f3n del \u00e1rea judicial, sigue avanzando satisfactoriamente \u201cHemos podido montar un\u00a0laboratorio de fresado de hueso temporal\u00a0para poder hacer\u00a0simulaciones quir\u00fargicas\u00a0en material cadav\u00e9rico, lo cual es una\u00a0gran ventaja\u00a0para todos los residentes, igual\u00e1ndolos con los\u00a0mejores centros del pa\u00eds\u00a0en cuanto al acceso a las mejores opciones de pr\u00e1ctica quir\u00fargica, lo cual los har\u00e1 llegar con un entrenamiento \u00f3ptimo cuando tengan que llegar a las cirug\u00edas.<\/p>\n<p><img loading=\"lazy\" decoding=\"async\" class=\"alignnone size-full wp-image-27493\" src=\"https:\/\/vocesparalelas.com.ar\/sitio\/wp-content\/uploads\/2020\/04\/HOSPITAL-RAWSON-10.jpg\" alt=\"\" width=\"800\" height=\"533\" srcset=\"https:\/\/vocesparalelas.com.ar\/sitio\/wp-content\/uploads\/2020\/04\/HOSPITAL-RAWSON-10.jpg 800w, https:\/\/vocesparalelas.com.ar\/sitio\/wp-content\/uploads\/2020\/04\/HOSPITAL-RAWSON-10-300x200.jpg 300w, https:\/\/vocesparalelas.com.ar\/sitio\/wp-content\/uploads\/2020\/04\/HOSPITAL-RAWSON-10-768x512.jpg 768w\" sizes=\"auto, (max-width: 800px) 100vw, 800px\" \/><\/p>\n","protected":false},"excerpt":{"rendered":"<p>La concreci\u00f3n de este objetivo implica una\u00a0gran oportunidad de desarrollo profesional\u00a0para los m\u00e9dicos del Hospital, que de esta manera pueden<\/p>\n","protected":false},"author":3,"featured_media":33004,"comment_status":"closed","ping_status":"closed","sticky":false,"template":"","format":"standard","meta":{"_acf_changed":false,"_seopress_robots_primary_cat":"none","_seopress_titles_title":"","_seopress_titles_desc":"","_seopress_robots_index":"","colormag_page_container_layout":"default_layout","colormag_page_sidebar_layout":"default_layout","footnotes":""},"categories":[15],"tags":[],"class_list":["post-63880","post","type-post","status-publish","format-standard","has-post-thumbnail","hentry","category-posgrados"],"acf":[],"_links":{"self":[{"href":"https:\/\/vocesparalelas.com.ar\/sitio\/wp-json\/wp\/v2\/posts\/63880","targetHints":{"allow":["GET"]}}],"collection":[{"href":"https:\/\/vocesparalelas.com.ar\/sitio\/wp-json\/wp\/v2\/posts"}],"about":[{"href":"https:\/\/vocesparalelas.com.ar\/sitio\/wp-json\/wp\/v2\/types\/post"}],"author":[{"embeddable":true,"href":"https:\/\/vocesparalelas.com.ar\/sitio\/wp-json\/wp\/v2\/users\/3"}],"replies":[{"embeddable":true,"href":"https:\/\/vocesparalelas.com.ar\/sitio\/wp-json\/wp\/v2\/comments?post=63880"}],"version-history":[{"count":2,"href":"https:\/\/vocesparalelas.com.ar\/sitio\/wp-json\/wp\/v2\/posts\/63880\/revisions"}],"predecessor-version":[{"id":63885,"href":"https:\/\/vocesparalelas.com.ar\/sitio\/wp-json\/wp\/v2\/posts\/63880\/revisions\/63885"}],"wp:featuredmedia":[{"embeddable":true,"href":"https:\/\/vocesparalelas.com.ar\/sitio\/wp-json\/wp\/v2\/media\/33004"}],"wp:attachment":[{"href":"https:\/\/vocesparalelas.com.ar\/sitio\/wp-json\/wp\/v2\/media?parent=63880"}],"wp:term":[{"taxonomy":"category","embeddable":true,"href":"https:\/\/vocesparalelas.com.ar\/sitio\/wp-json\/wp\/v2\/categories?post=63880"},{"taxonomy":"post_tag","embeddable":true,"href":"https:\/\/vocesparalelas.com.ar\/sitio\/wp-json\/wp\/v2\/tags?post=63880"}],"curies":[{"name":"wp","href":"https:\/\/api.w.org\/{rel}","templated":true}]}}