{"id":63851,"date":"2023-09-27T10:41:44","date_gmt":"2023-09-27T13:41:44","guid":{"rendered":"https:\/\/vocesparalelas.com.ar\/sitio\/?p=63851"},"modified":"2023-09-28T23:51:41","modified_gmt":"2023-09-29T02:51:41","slug":"se-acreditan-los-haberes-septiembre-2023-para-la-administracion-publica-de-san-juan","status":"publish","type":"post","link":"https:\/\/vocesparalelas.com.ar\/sitio\/se-acreditan-los-haberes-septiembre-2023-para-la-administracion-publica-de-san-juan\/","title":{"rendered":"Se acreditan los haberes \u00abSeptiembre 2023\u00bb para la Administraci\u00f3n P\u00fablica de San Juan"},"content":{"rendered":"<p>La Secretar\u00eda de Hacienda y Finanzas del Gobierno de San Juan inform\u00f3 que los haberes correspondientes al mes de \u00abSeptiembre 2023\u00bb para la Administraci\u00f3n P\u00fablica Provincial se acreditan en las cuentas sueldos el S\u00e1bado, 30 de Septiembre de 2023.<\/p>\n<p>Asimismo, para este mes y seg\u00fan lo acordado en la\u00a0paritaria 2023, se aplica la cl\u00e1usula de actualizaci\u00f3n salarial, que implica el 12,4% de aumento\u00a0sobre la base salarial del mes de agosto.<\/p>\n<p>As\u00ed, los haberes correspondientes al mes de septiembre alcanzar\u00e1n un incremento acumulado del 97,9%, cumpliendo con lo acordado con los sectores gremiales.<\/p>\n<p><img loading=\"lazy\" decoding=\"async\" class=\"alignnone size-large wp-image-25616\" src=\"https:\/\/vocesparalelas.com.ar\/sitio\/wp-content\/uploads\/2019\/12\/GOBIERNO-BANDERA-01-800x533.jpg\" alt=\"\" width=\"800\" height=\"533\" srcset=\"https:\/\/vocesparalelas.com.ar\/sitio\/wp-content\/uploads\/2019\/12\/GOBIERNO-BANDERA-01.jpg 800w, https:\/\/vocesparalelas.com.ar\/sitio\/wp-content\/uploads\/2019\/12\/GOBIERNO-BANDERA-01-300x200.jpg 300w, https:\/\/vocesparalelas.com.ar\/sitio\/wp-content\/uploads\/2019\/12\/GOBIERNO-BANDERA-01-768x512.jpg 768w\" sizes=\"auto, (max-width: 800px) 100vw, 800px\" \/><\/p>\n","protected":false},"excerpt":{"rendered":"<p>La Secretar\u00eda de Hacienda y Finanzas del Gobierno de San Juan inform\u00f3 que los haberes correspondientes al mes de \u00abSeptiembre<\/p>\n","protected":false},"author":3,"featured_media":5039,"comment_status":"closed","ping_status":"closed","sticky":false,"template":"","format":"standard","meta":{"_acf_changed":false,"_seopress_robots_primary_cat":"none","_seopress_titles_title":"","_seopress_titles_desc":"","_seopress_robots_index":"","colormag_page_container_layout":"default_layout","colormag_page_sidebar_layout":"default_layout","footnotes":""},"categories":[6],"tags":[],"class_list":["post-63851","post","type-post","status-publish","format-standard","has-post-thumbnail","hentry","category-eventos"],"acf":[],"_links":{"self":[{"href":"https:\/\/vocesparalelas.com.ar\/sitio\/wp-json\/wp\/v2\/posts\/63851","targetHints":{"allow":["GET"]}}],"collection":[{"href":"https:\/\/vocesparalelas.com.ar\/sitio\/wp-json\/wp\/v2\/posts"}],"about":[{"href":"https:\/\/vocesparalelas.com.ar\/sitio\/wp-json\/wp\/v2\/types\/post"}],"author":[{"embeddable":true,"href":"https:\/\/vocesparalelas.com.ar\/sitio\/wp-json\/wp\/v2\/users\/3"}],"replies":[{"embeddable":true,"href":"https:\/\/vocesparalelas.com.ar\/sitio\/wp-json\/wp\/v2\/comments?post=63851"}],"version-history":[{"count":1,"href":"https:\/\/vocesparalelas.com.ar\/sitio\/wp-json\/wp\/v2\/posts\/63851\/revisions"}],"predecessor-version":[{"id":63854,"href":"https:\/\/vocesparalelas.com.ar\/sitio\/wp-json\/wp\/v2\/posts\/63851\/revisions\/63854"}],"wp:featuredmedia":[{"embeddable":true,"href":"https:\/\/vocesparalelas.com.ar\/sitio\/wp-json\/wp\/v2\/media\/5039"}],"wp:attachment":[{"href":"https:\/\/vocesparalelas.com.ar\/sitio\/wp-json\/wp\/v2\/media?parent=63851"}],"wp:term":[{"taxonomy":"category","embeddable":true,"href":"https:\/\/vocesparalelas.com.ar\/sitio\/wp-json\/wp\/v2\/categories?post=63851"},{"taxonomy":"post_tag","embeddable":true,"href":"https:\/\/vocesparalelas.com.ar\/sitio\/wp-json\/wp\/v2\/tags?post=63851"}],"curies":[{"name":"wp","href":"https:\/\/api.w.org\/{rel}","templated":true}]}}