{"id":63831,"date":"2023-09-26T23:21:21","date_gmt":"2023-09-27T02:21:21","guid":{"rendered":"https:\/\/vocesparalelas.com.ar\/sitio\/?p=63831"},"modified":"2023-09-28T01:17:44","modified_gmt":"2023-09-28T04:17:44","slug":"un-espacio-para-el-instituto-de-investigaciones-arqueologicas-y-museo-prof-mariano-gambier-de-la-ffha-de-la-unsj","status":"publish","type":"post","link":"https:\/\/vocesparalelas.com.ar\/sitio\/un-espacio-para-el-instituto-de-investigaciones-arqueologicas-y-museo-prof-mariano-gambier-de-la-ffha-de-la-unsj\/","title":{"rendered":"Un espacio para el Instituto de Investigaciones Arqueol\u00f3gicas y Museo Prof. Mariano Gambier de la FFHA de la UNSJ"},"content":{"rendered":"<p>El Instituto de Investigaciones Arqueol\u00f3gicas y Museo Prof. Mariano Gambier de la Facultad de Filosof\u00eda, Humanidades y Artes de la Universidad Nacional de San Juan, inaugur\u00f3 sus instalaciones en el subsuelo del Complejo Cultural y Deportivo La Superiora, Departamento Rawson.<\/p>\n<p>Por ello, Voces Paralelas desarroll\u00f3 una entrevista period\u00edstica a la Decana de la FFHA de la UNSJ, Mg. Myriam Arrabal, quien manifest\u00f3 que es un orgullo tener un espacio para el Museo para que la comunidad de San Juan pueda disfrutar y conocer la prehistoria de los primeros habitantes de San Juan.<\/p>\n<p><iframe loading=\"lazy\" title=\"FFHA UNSJ DECANA MG MYRIAN ARRABAL\" width=\"800\" height=\"450\" src=\"https:\/\/www.youtube.com\/embed\/p1xqE6JlnJ8?feature=oembed\" frameborder=\"0\" allow=\"accelerometer; autoplay; clipboard-write; encrypted-media; gyroscope; picture-in-picture; web-share\" allowfullscreen><\/iframe><\/p>\n<p>Es un espacio que se logr\u00f3 por gestiones realizada por la FFHA de la UNSJ, el Ministerio de Turismo y Cultura del Gobierno de San Juan y la Municipalidad de Rawson.<\/p>\n<p>Durante el acto, la Directora del Instituto de Investigaciones Arqueol\u00f3gicas y Museo Prof. Mariano Gambier, Mg. Claudia Mallea, muy emocionada agradeci\u00f3 el espacio a las autoridades y a la gran familia que se conform\u00f3 entre investigadores, gu\u00eda, alumnos y los que trabajan en \u00e9l.<\/p>\n<p><iframe loading=\"lazy\" title=\"FFHA UNSJ DIRECTORA\" width=\"800\" height=\"450\" src=\"https:\/\/www.youtube.com\/embed\/xCYmNVfYNsw?feature=oembed\" frameborder=\"0\" allow=\"accelerometer; autoplay; clipboard-write; encrypted-media; gyroscope; picture-in-picture; web-share\" allowfullscreen><\/iframe><\/p>\n<p>Luego, se realiz\u00f3 el tradicional corte de cinta para dejar inaugurado el espacio tan esperado por los investigadores y el p\u00fablico que necesita conocer los distintos periodos de la historia de San Juan en sus inicios.<\/p>\n<p><img loading=\"lazy\" decoding=\"async\" class=\"alignnone size-full wp-image-63838\" src=\"https:\/\/vocesparalelas.com.ar\/sitio\/wp-content\/uploads\/2023\/09\/FFHA-MUSEO-GAMBIER-05.jpg\" alt=\"\" width=\"800\" height=\"533\" srcset=\"https:\/\/vocesparalelas.com.ar\/sitio\/wp-content\/uploads\/2023\/09\/FFHA-MUSEO-GAMBIER-05.jpg 800w, https:\/\/vocesparalelas.com.ar\/sitio\/wp-content\/uploads\/2023\/09\/FFHA-MUSEO-GAMBIER-05-300x200.jpg 300w, https:\/\/vocesparalelas.com.ar\/sitio\/wp-content\/uploads\/2023\/09\/FFHA-MUSEO-GAMBIER-05-768x512.jpg 768w\" sizes=\"auto, (max-width: 800px) 100vw, 800px\" \/><\/p>\n<p><img loading=\"lazy\" decoding=\"async\" class=\"alignnone size-full wp-image-63839\" src=\"https:\/\/vocesparalelas.com.ar\/sitio\/wp-content\/uploads\/2023\/09\/FFHA-MUSEO-GAMBIER-06.jpg\" alt=\"\" width=\"800\" height=\"533\" srcset=\"https:\/\/vocesparalelas.com.ar\/sitio\/wp-content\/uploads\/2023\/09\/FFHA-MUSEO-GAMBIER-06.jpg 800w, https:\/\/vocesparalelas.com.ar\/sitio\/wp-content\/uploads\/2023\/09\/FFHA-MUSEO-GAMBIER-06-300x200.jpg 300w, https:\/\/vocesparalelas.com.ar\/sitio\/wp-content\/uploads\/2023\/09\/FFHA-MUSEO-GAMBIER-06-768x512.jpg 768w\" sizes=\"auto, (max-width: 800px) 100vw, 800px\" \/><\/p>\n<p>Posteriormente, los asistentes hicieron un recorrido por el museo tan esperado ya que permaneci\u00f3 cerrado para el p\u00fablico por mucho tiempo.<\/p>\n<p><img loading=\"lazy\" decoding=\"async\" class=\"alignnone size-full wp-image-63837\" src=\"https:\/\/vocesparalelas.com.ar\/sitio\/wp-content\/uploads\/2023\/09\/FFHA-MUSEO-GAMBIER-04.jpg\" alt=\"\" width=\"800\" height=\"533\" srcset=\"https:\/\/vocesparalelas.com.ar\/sitio\/wp-content\/uploads\/2023\/09\/FFHA-MUSEO-GAMBIER-04.jpg 800w, https:\/\/vocesparalelas.com.ar\/sitio\/wp-content\/uploads\/2023\/09\/FFHA-MUSEO-GAMBIER-04-300x200.jpg 300w, https:\/\/vocesparalelas.com.ar\/sitio\/wp-content\/uploads\/2023\/09\/FFHA-MUSEO-GAMBIER-04-768x512.jpg 768w\" sizes=\"auto, (max-width: 800px) 100vw, 800px\" \/><\/p>\n<p><img loading=\"lazy\" decoding=\"async\" class=\"alignnone size-full wp-image-63836\" src=\"https:\/\/vocesparalelas.com.ar\/sitio\/wp-content\/uploads\/2023\/09\/FFHA-MUSEO-GAMBIER-03.jpg\" alt=\"\" width=\"800\" height=\"533\" srcset=\"https:\/\/vocesparalelas.com.ar\/sitio\/wp-content\/uploads\/2023\/09\/FFHA-MUSEO-GAMBIER-03.jpg 800w, https:\/\/vocesparalelas.com.ar\/sitio\/wp-content\/uploads\/2023\/09\/FFHA-MUSEO-GAMBIER-03-300x200.jpg 300w, https:\/\/vocesparalelas.com.ar\/sitio\/wp-content\/uploads\/2023\/09\/FFHA-MUSEO-GAMBIER-03-768x512.jpg 768w\" sizes=\"auto, (max-width: 800px) 100vw, 800px\" \/><\/p>\n<p>El Museo tiene una sala de conferencias y distintas salas donde se exponen los objetos arqueol\u00f3gicos.<\/p>\n<p><img loading=\"lazy\" decoding=\"async\" class=\"alignnone size-full wp-image-63842\" src=\"https:\/\/vocesparalelas.com.ar\/sitio\/wp-content\/uploads\/2023\/09\/FFHA-MUSEO-GAMBIER-09.jpg\" alt=\"\" width=\"800\" height=\"533\" srcset=\"https:\/\/vocesparalelas.com.ar\/sitio\/wp-content\/uploads\/2023\/09\/FFHA-MUSEO-GAMBIER-09.jpg 800w, https:\/\/vocesparalelas.com.ar\/sitio\/wp-content\/uploads\/2023\/09\/FFHA-MUSEO-GAMBIER-09-300x200.jpg 300w, https:\/\/vocesparalelas.com.ar\/sitio\/wp-content\/uploads\/2023\/09\/FFHA-MUSEO-GAMBIER-09-768x512.jpg 768w\" sizes=\"auto, (max-width: 800px) 100vw, 800px\" \/> <img loading=\"lazy\" decoding=\"async\" class=\"alignnone size-full wp-image-63843\" src=\"https:\/\/vocesparalelas.com.ar\/sitio\/wp-content\/uploads\/2023\/09\/FFHA-MUSEO-GAMBIER-10.jpg\" alt=\"\" width=\"800\" height=\"533\" srcset=\"https:\/\/vocesparalelas.com.ar\/sitio\/wp-content\/uploads\/2023\/09\/FFHA-MUSEO-GAMBIER-10.jpg 800w, https:\/\/vocesparalelas.com.ar\/sitio\/wp-content\/uploads\/2023\/09\/FFHA-MUSEO-GAMBIER-10-300x200.jpg 300w, https:\/\/vocesparalelas.com.ar\/sitio\/wp-content\/uploads\/2023\/09\/FFHA-MUSEO-GAMBIER-10-768x512.jpg 768w\" sizes=\"auto, (max-width: 800px) 100vw, 800px\" \/><\/p>\n<p>El encuentro cerr\u00f3 con un \u00e1gape que signific\u00f3 un gran brindis de felicidad porque ya est\u00e1 abierto al p\u00fablico de Lunes a Viernes de 8.30 a 12.30 y de 14.30 a 18.30 hs.<\/p>\n<p><img loading=\"lazy\" decoding=\"async\" class=\"alignnone size-full wp-image-63835\" src=\"https:\/\/vocesparalelas.com.ar\/sitio\/wp-content\/uploads\/2023\/09\/FFHA-MUSEO-GAMBIER-02.jpg\" alt=\"\" width=\"800\" height=\"533\" srcset=\"https:\/\/vocesparalelas.com.ar\/sitio\/wp-content\/uploads\/2023\/09\/FFHA-MUSEO-GAMBIER-02.jpg 800w, https:\/\/vocesparalelas.com.ar\/sitio\/wp-content\/uploads\/2023\/09\/FFHA-MUSEO-GAMBIER-02-300x200.jpg 300w, https:\/\/vocesparalelas.com.ar\/sitio\/wp-content\/uploads\/2023\/09\/FFHA-MUSEO-GAMBIER-02-768x512.jpg 768w\" sizes=\"auto, (max-width: 800px) 100vw, 800px\" \/><\/p>\n<p>&nbsp;<\/p>\n<p><img loading=\"lazy\" decoding=\"async\" class=\"alignnone size-full wp-image-60412\" src=\"https:\/\/vocesparalelas.com.ar\/sitio\/wp-content\/uploads\/2023\/06\/FFHA-EDIFICIO.jpg\" alt=\"\" width=\"800\" height=\"429\" srcset=\"https:\/\/vocesparalelas.com.ar\/sitio\/wp-content\/uploads\/2023\/06\/FFHA-EDIFICIO.jpg 800w, https:\/\/vocesparalelas.com.ar\/sitio\/wp-content\/uploads\/2023\/06\/FFHA-EDIFICIO-300x161.jpg 300w, https:\/\/vocesparalelas.com.ar\/sitio\/wp-content\/uploads\/2023\/06\/FFHA-EDIFICIO-768x412.jpg 768w\" sizes=\"auto, (max-width: 800px) 100vw, 800px\" \/><\/p>\n","protected":false},"excerpt":{"rendered":"<p>El Instituto de Investigaciones Arqueol\u00f3gicas y Museo Prof. Mariano Gambier de la Facultad de Filosof\u00eda, Humanidades y Artes de la<\/p>\n","protected":false},"author":3,"featured_media":63834,"comment_status":"closed","ping_status":"closed","sticky":false,"template":"","format":"standard","meta":{"_acf_changed":false,"_seopress_robots_primary_cat":"none","_seopress_titles_title":"","_seopress_titles_desc":"","_seopress_robots_index":"","colormag_page_container_layout":"default_layout","colormag_page_sidebar_layout":"default_layout","footnotes":""},"categories":[10,7],"tags":[],"class_list":["post-63831","post","type-post","status-publish","format-standard","has-post-thumbnail","hentry","category-opiniones","category-videos"],"acf":[],"_links":{"self":[{"href":"https:\/\/vocesparalelas.com.ar\/sitio\/wp-json\/wp\/v2\/posts\/63831","targetHints":{"allow":["GET"]}}],"collection":[{"href":"https:\/\/vocesparalelas.com.ar\/sitio\/wp-json\/wp\/v2\/posts"}],"about":[{"href":"https:\/\/vocesparalelas.com.ar\/sitio\/wp-json\/wp\/v2\/types\/post"}],"author":[{"embeddable":true,"href":"https:\/\/vocesparalelas.com.ar\/sitio\/wp-json\/wp\/v2\/users\/3"}],"replies":[{"embeddable":true,"href":"https:\/\/vocesparalelas.com.ar\/sitio\/wp-json\/wp\/v2\/comments?post=63831"}],"version-history":[{"count":4,"href":"https:\/\/vocesparalelas.com.ar\/sitio\/wp-json\/wp\/v2\/posts\/63831\/revisions"}],"predecessor-version":[{"id":63873,"href":"https:\/\/vocesparalelas.com.ar\/sitio\/wp-json\/wp\/v2\/posts\/63831\/revisions\/63873"}],"wp:featuredmedia":[{"embeddable":true,"href":"https:\/\/vocesparalelas.com.ar\/sitio\/wp-json\/wp\/v2\/media\/63834"}],"wp:attachment":[{"href":"https:\/\/vocesparalelas.com.ar\/sitio\/wp-json\/wp\/v2\/media?parent=63831"}],"wp:term":[{"taxonomy":"category","embeddable":true,"href":"https:\/\/vocesparalelas.com.ar\/sitio\/wp-json\/wp\/v2\/categories?post=63831"},{"taxonomy":"post_tag","embeddable":true,"href":"https:\/\/vocesparalelas.com.ar\/sitio\/wp-json\/wp\/v2\/tags?post=63831"}],"curies":[{"name":"wp","href":"https:\/\/api.w.org\/{rel}","templated":true}]}}