{"id":63783,"date":"2023-09-25T22:06:51","date_gmt":"2023-09-26T01:06:51","guid":{"rendered":"https:\/\/vocesparalelas.com.ar\/sitio\/?p=63783"},"modified":"2023-09-28T01:24:53","modified_gmt":"2023-09-28T04:24:53","slug":"inauguracion-y-recorrido-de-obras-en-el-servicio-penitenciario-provincial-de-san-juan","status":"publish","type":"post","link":"https:\/\/vocesparalelas.com.ar\/sitio\/inauguracion-y-recorrido-de-obras-en-el-servicio-penitenciario-provincial-de-san-juan\/","title":{"rendered":"Inauguraci\u00f3n y recorrido de obras en el Servicio Penitenciario Provincial de San Juan"},"content":{"rendered":"<p>En la jornada del Lunes, 25 de Septiembre de 2023, el gobernador de San Juan, Dr. Sergio U\u00f1ac se hizo presente en el Servicio Penitenciario Provincial para cumplir con un plan de trabajo que incluy\u00f3 la inauguraci\u00f3n del sector denominado Sub Ayudante de Guardia Graciela Ramona Mallea, recorri\u00f3 la obra del flamante Sector N\u00b05 de la Unidad de Chimbas, compuesto por 4 pabellones nuevos y entreg\u00f3 certificados a 32 agentes que se capacitaron en el 1er Curso B\u00e1sico Nacional de Operador T\u00e1ctico K9, Secci\u00f3n Canes.<\/p>\n<p>El acto estuvo encabezado por el primer mandatario y asistieron adem\u00e1s, el secretario de Seguridad y Orden P\u00fablico, Carlos Munisaga; diputados provinciales y los subsecretarios de Seguridad, Abel Hern\u00e1ndez; de Control Inspecci\u00f3n y Control de la Seguridad P\u00fablica, Ignacio Coronado, entre otros.<\/p>\n<p>El flamante recinto de Guardia y Cuadra del Sector N\u00b0 3 Graciela Mallea tiene como objetivo de brindar mayores comodidades y seguridad para el desempe\u00f1o de las funciones del lugar. Su nombre responde a la memoria de todas las efectivas penitenciarias fallecidas en funci\u00f3n activa.<\/p>\n<p>&nbsp;<\/p>\n<p><iframe loading=\"lazy\" title=\"El gobernador despleg\u00f3 una importante agenda de actividades en el Servicio Penitenciario Provincial\" width=\"800\" height=\"450\" src=\"https:\/\/www.youtube.com\/embed\/1MOvhV_jUiI?feature=oembed\" frameborder=\"0\" allow=\"accelerometer; autoplay; clipboard-write; encrypted-media; gyroscope; picture-in-picture; web-share\" allowfullscreen><\/iframe><\/p>\n<p>&nbsp;<\/p>\n<p>El espacio ser\u00e1 destinado al uso del personal penitenciario femenino donde se ubicar\u00e1 la guardia de prevenci\u00f3n. El recinto tiene una superficie total de 55 m2 y cuenta con los servicios b\u00e1sicos de instalaci\u00f3n el\u00e9ctrica, agua potable, cocina, comedor, lavadero, ba\u00f1os con duchas de agua fr\u00eda y caliente, ambiente de esparcimiento y mobiliario, entre otras comodidades.<\/p>\n<p>En este contexto, cabe destacar que las obras fueron llevadas a cabo por el Departamento de Obras Menores en conjunto con efectivos del \u00c1rea de Infraestructura y Laborterapia del servicio penitenciario, al igual que personas privadas de la libertad en contexto de su tratamiento carcelario.<\/p>\n<p>Adem\u00e1s, U\u00f1ac junto a su comitiva recorrieron las instalaciones del nuevo Sector N\u00b05 de la Unidad de Chimbas, edificado dentro de los par\u00e1metros de modernizaci\u00f3n, tanto en sus procesos administrativos, capacitaci\u00f3n de recursos humanos, como en la parte edilicia de la instituci\u00f3n. Este edificio resuelve necesidades concretas que garantizan la seguridad de la poblaci\u00f3n penitenciaria y el \u00f3ptimo desempe\u00f1o de los agentes. Est\u00e1 compuesto por 4 pabellones, que suman 236 celdas duales, nuevo cierre perimetral y obras complementarias.<\/p>\n<p>El acto cont\u00f3 con la bendici\u00f3n del capell\u00e1n An\u00edbal S\u00e1nchez.<\/p>\n<p>En el comienzo del acto,\u00a0U\u00f1ac\u00a0salud\u00f3 a los presentes y manifest\u00f3 que \u201ces un gusto comenzar la semana con concreciones. Es trascendente que el estado cumpla cabalmente con las funciones y obligaciones que le corresponden. Hay unas m\u00e1s demandadas que otras por la sociedad, como salud, seguridad y educaci\u00f3n. Durante<\/p>\n<p>mucho tiempo se escondi\u00f3 la esencia de la prestaci\u00f3n de \u00e9ste servicio. Tuvimos un trabajo coordinado, que nos permiti\u00f3 fortalecer los servicios de seguridad y justicia\u00bb.<\/p>\n<p>Continuando, el primer mandatario sum\u00f3 que \u201cprofesionales con mucha vocaci\u00f3n nos permitieron que \u00e9sta sea una provincia ordenada y que se pueda vivir en paz. Por eso el reconocimiento. Las profundas transformaciones realizadas en justicia y seguridad con sistema de Flagrancia, Penal Acusatorio, nos permitieron elevar el porcentaje de terminalidad de los juicio penales en la provincia, ten\u00edan como contracara la necesidad de que el estado pudiese ofrecer los lugares necesarios para que los condenados cumplieran con su condena y fue una obligaci\u00f3n en la que trabajamos\u201d y se refiri\u00f3 a las inauguraciones de las dependencias de hoy en el Servicio Penitenciario.<\/p>\n<p>Para concluir, puso el foco en que \u201ccreemos en un servicio de excelencia para con la sociedad sanjuanina, en \u00e9ste caso el reconocimiento a la totalidad el personal para quienes pretenden alcanzar una sociedad m\u00e1s justa\u201d.<\/p>\n<p>Seguidamente, Munisaga ratific\u00f3 la trayectoria de los agentes penitenciarios que contin\u00faan en actividad y a los que se retiraron. \u201cLa historia demostr\u00f3 que \u00e9sta instituci\u00f3n se revaloriz\u00f3 con obras que la mejoraron y la reconocieron institucionalmente. A partir de inversi\u00f3n y crecimiento, con infraestructura adecuada luego de a\u00f1os, m\u00e1s de 100, donde siempre se la margin\u00f3\u201d.<\/p>\n<p>En otra parte de su discurso,\u00a0Munisaga\u00a0destac\u00f3 que \u201choy se invierte en tecnolog\u00eda e instrucci\u00f3n, con aumento de la cantidad de efectivos, generando una convivencia necesaria para lograr buenos resultados. Agradezco la vocaci\u00f3n de cada uno de ustedes, que prestan un servicio complementario de la justicia y destinado a la reinserci\u00f3n social de los internos\u201d.<\/p>\n<p>Posteriormente,\u00a0Fern\u00e1ndez\u00a0hizo hincapi\u00e9 en el crecimiento de la instituci\u00f3n en los \u00faltimos 8 a\u00f1os y agradeci\u00f3 seguidamente el compromiso y la asistencia permanente para con la instituci\u00f3n. \u201cHoy somos 1500 hombres y mujeres que desempe\u00f1an una dif\u00edcil pero noble tarea brindando un servicio a la comunidad. Lo hemos dado todo, con profesionalismo y entrega\u201d.<\/p>\n<p>Luego, se refiri\u00f3 a los modelos de obra p\u00fablica, de administraci\u00f3n de justicia, revoluci\u00f3n deportiva, miner\u00eda y \u201ctambi\u00e9n ser\u00eda bueno poner de relieve el modelo de pol\u00edtica penitenciaria, destacado en modernidad y en el rol de sus agentes. Hoy se pone de manifiesto en la finalizaci\u00f3n del curso de adiestramiento de canes, como iniciativa de los propios agentes. Tenemos madurez y compromiso para continuar progresando\u201d.<\/p>\n<p>Por su parte,\u00a0<strong>Su\u00e1rez<\/strong>\u00a0expres\u00f3 que \u201ces un orgullo para nosotros realizar estos cursos, en el marco de la mejora del profesionalismo de los agentes penitenciarios\u201d y destac\u00f3 la acci\u00f3n de la Secretar\u00eda de Seguridad.<\/p>\n<p>Tambi\u00e9n agradeci\u00f3 al gobernador y a los instructores de los 32 agentes, a familiares. \u201cTuvimos 3 profesionales de otras fuerzas del servicio penitenciario: de La Rioja, Jujuy y Mendoza. Es el primer curso nacional de la parte de canes<\/p>\n<p>Para cerrar,\u00a0<strong>Maira Mallea<\/strong>\u00a0agradeci\u00f3 emocionada a las autoridades y a compa\u00f1eros de Graciela por tener siempre presente su memoria.<\/p>\n<p>Adem\u00e1s de los mencionados, se encontraban por la Municipalidad de Chimbas, secretario y subsecretario de Gobierno, Mario Guerri y Jos\u00e9 Flores; director de Obras Menores, Jorge Mattar y sub secretario, Marcelo Caglia; director de Servicio Penitenciario Provincial, Adriel Fern\u00e1ndez y sub director, Dar\u00edo Cuevas; jefe de Cuerpo del Servicio Penitenciario Provincial, Carlos Su\u00e1rez; personal penitenciario; Maira Mallea y Mariela Mallea, familiares de Graciela Mallea.<\/p>\n<p>&nbsp;<\/p>\n<h3>M\u00e1s sobre las obras<\/h3>\n<p>El dise\u00f1o de cada pabell\u00f3n responde a un esquema con celdas que se ubican alrededor de un espacio de uso com\u00fan, Sal\u00f3n de d\u00eda, vigilado desde un puesto de control remoto sin acceso ni contacto con el interno, ubicado estrat\u00e9gicamente para permitir, sin interferencias, la visualizaci\u00f3n a la esclusa de acceso, a las puertas de las celdas, sector de sanitarios y a trav\u00e9s de una superficie de carpinter\u00eda transparente, al patio de recreos.<\/p>\n<p>Las ventajas de este sistema apuntan a mejorar las condiciones particulares de los pabellones, tanto para el interno como para el personal penitenciario.<\/p>\n<p>El \u00e1rea destinada a los presidiarios est\u00e1 conformada por 58 celdas comunes y 1 para discapacitados, cuyas dimensiones (3.20m x 2.20m) y equipamiento (cama, taquilla, escritorio y banco) responden a est\u00e1ndares de seguridad penitenciarios.<\/p>\n<p>Posee Sal\u00f3n de d\u00eda, equipado con mesas y bancos fijos, sanitarios, duchas, lavabo y mesada con anafes, con equipamiento antivand\u00e1lico y patio de Recreos.<\/p>\n<p>Con respecto al espacio para el personal, se observa un puesto de control, ubicado para lograr una supervisi\u00f3n completa del pabell\u00f3n, con accesos y salidas totalmente independientes para resguardar la integridad del agente; sanitario y office.<\/p>\n<p>En \u00e9sta l\u00ednea, el sector destinado a Tratamiento incluye las \u00e1reas de Entrevistas: cada pabell\u00f3n cuenta con 3 salas de entrevistas para el trabajo de sic\u00f3logos, soci\u00f3logos, etc., destinado a las distintas etapas del tratamiento penitenciario; \u00c1reas de apoyo y servicio; sala de m\u00e1quinas; vigilancia; esclusa y salida de emergencia; esclusa y entrada antimot\u00edn y cabina para residuos.<\/p>\n<p>Los cuatro pabellones, unidos a trav\u00e9s de alambradas de seguridad, forman un gran espacio abierto (recinto penal) en el cual est\u00e1n ubicados los accesos hacia los mismos. Este espacio incluir\u00e1 veredas y espacios verdes, mantenidos por las propias PPL y podr\u00e1 formar parte de su laborterapia.<\/p>\n<p>Rodeando el recinto se encontrar\u00e1 un predio de seguridad hasta completar el sector con una doble alambrada de seguridad, que lo cierra. Este sector contempla tambi\u00e9n la construcci\u00f3n de Sala de bombas, transformadores, etc, necesarios para una total operatividad.<\/p>\n<h3>Obras complementarias<\/h3>\n<p>Contemplan espacios aptos para el tratamiento de los individuos, como as\u00ed tambi\u00e9n para optimizar el trabajo del personal penitenciario, dignificando la labor de uno y contribuyendo a la recuperaci\u00f3n de los internos y dispondr\u00e1n de espacios destinados a visitas familiares, \u00edntimas, S.U.M. para capacitaciones (tanto del Interno como del Personal), Guardia Interna, Enfermer\u00eda y Dep\u00f3sitos.<\/p>\n<p>Estas obras, junto con los pabellones, servicios y cierres se encuentran actualmente en etapa avanzada de construcci\u00f3n y conformar\u00e1n la Unidad N\u00ba5 dentro del penal de Chimbas, aleda\u00f1o a la Unidad N\u00ba 1.<\/p>\n<p>Si bien el dise\u00f1o de estos espacios responde a una arquitectura austera, con estrictas normas de seguridad tanto en su concepci\u00f3n como su materialidad, son un elemento de vital importancia para el tratamiento de la persona privada de la libertad, albergando lugares que dignifican la condici\u00f3n humana, que permitir\u00e1n reforzar sus v\u00ednculos afectivos y familiares. Espacios que van a evitar que la visita acceda a los pabellones y \u00e1reas restringidas que no son adecuados para tal fin.<\/p>\n<p>Las obras complementarias se conforman de la siguiente manera: edificio Tratamiento y Servicios: Visitas y S.U.M; sal\u00f3n de Visitas Familiares (de contacto) con capacidad para 200 personas, con sanitarios individuales, sanitario para discapacitados, sector de cocina, lavado y patio exterior equipado con juegos infantiles.<\/p>\n<p>Sal\u00f3n de Usos M\u00faltiples con capacidad para 200 personas, con sanitarios individuales, sanitario para discapacitados, sector de cocina; 2 Puestos de Control Penitenciario ubicados para lograr una supervisi\u00f3n completa tanto de los accesos como del interior de los salones; 11 dormitorios para Visitas \u00edntimas con ba\u00f1o privado; accesos controlados a trav\u00e9s de esclusas y box de requisa de internos. Guardia Interna: Puestos de Control 24 horas; Ret\u00e9n con office;-2 dormitorios para personal; Salud, Enfermer\u00eda, Consultorio M\u00e9dico.<\/p>\n<p>Superficie Total construida (pabellones, oficinas, veredas, rampas, calles, etc.): 15.100 m2, con avance de obra del 75%.<\/p>\n<h3>Curso B\u00e1sico Nacional de Operador T\u00e1ctico K9<\/h3>\n<p>El Servicio Penitenciario finaliza el 1er Curso B\u00e1sico Nacional de Operador T\u00e1ctico K9 La instituci\u00f3n penitenciaria alberg\u00f3 durante los \u00faltimos 20 d\u00edas las capacitaciones e instrucciones que recibieron los 32 efectivos penitenciarios seleccionados para esta actividad. Dentro de la n\u00f3mina tambi\u00e9n hubo agentes de Mendoza, Jujuy y La Rioja.<\/p>\n<p>El 5 de abril de 2010 fue la fecha en la que se fund\u00f3 la Divisi\u00f3n Canes en el SPP. Desde ese momento, todos los efectivos que pasaron por este lugar tuvieron el compromiso de capacitarse y formarse para un mejor desarrollo laboral.<\/p>\n<p>En diferentes circunstancias, fueron los agentes penitenciarios de San Juan los que tuvieron que viajar a otras provincias para desarrollar cursos de Canes K9, pero en este caso la instituci\u00f3n penitenciaria organiz\u00f3 y realiz\u00f3 el Curso Nacional de Operador T\u00e1ctico K9.<\/p>\n<p>Tras un proceso de selecci\u00f3n, eligieron a las mejores 32 postulaciones, de los cuales 24 agentes son del SPP de San Juan y 8 provienen de los servicios penitenciarios de Mendoza, Jujuy y La Rioja.<\/p>\n<p>Los cursantes fueron instruidos por 16 instructores, de los cuales 14 son de San Juan y 2 de Mendoza.<\/p>\n<p>El cursado se extendi\u00f3 hasta el 24 de septiembre y tuvo un per\u00edodo internado de 10 d\u00edas y luego jornada completa.<\/p>\n<p>All\u00ed, los efectivos penitenciarios recibieron distintas disertaciones te\u00f3ricas y pr\u00e1cticas entre las cuales se destacan: infanter\u00eda, instrucci\u00f3n y gu\u00eda de canes, medicina del can, primeros auxilios, bal\u00edstica, arma y tiro, uso racional de la fuerza, acondicionamiento f\u00edsico y disciplinas como detecci\u00f3n de explosivos, b\u00fasqueda y rescate, seguridad y narc\u00f3ticos.<\/p>\n<p>&nbsp;<\/p>\n<p>&nbsp;<\/p>\n","protected":false},"excerpt":{"rendered":"<p>En la jornada del Lunes, 25 de Septiembre de 2023, el gobernador de San Juan, Dr. Sergio U\u00f1ac se hizo<\/p>\n","protected":false},"author":3,"featured_media":63786,"comment_status":"closed","ping_status":"closed","sticky":false,"template":"","format":"standard","meta":{"_acf_changed":false,"_seopress_robots_primary_cat":"none","_seopress_titles_title":"","_seopress_titles_desc":"","_seopress_robots_index":"","colormag_page_container_layout":"default_layout","colormag_page_sidebar_layout":"default_layout","footnotes":""},"categories":[1,7],"tags":[],"class_list":["post-63783","post","type-post","status-publish","format-standard","has-post-thumbnail","hentry","category-destacadas","category-videos"],"acf":[],"_links":{"self":[{"href":"https:\/\/vocesparalelas.com.ar\/sitio\/wp-json\/wp\/v2\/posts\/63783","targetHints":{"allow":["GET"]}}],"collection":[{"href":"https:\/\/vocesparalelas.com.ar\/sitio\/wp-json\/wp\/v2\/posts"}],"about":[{"href":"https:\/\/vocesparalelas.com.ar\/sitio\/wp-json\/wp\/v2\/types\/post"}],"author":[{"embeddable":true,"href":"https:\/\/vocesparalelas.com.ar\/sitio\/wp-json\/wp\/v2\/users\/3"}],"replies":[{"embeddable":true,"href":"https:\/\/vocesparalelas.com.ar\/sitio\/wp-json\/wp\/v2\/comments?post=63783"}],"version-history":[{"count":1,"href":"https:\/\/vocesparalelas.com.ar\/sitio\/wp-json\/wp\/v2\/posts\/63783\/revisions"}],"predecessor-version":[{"id":63787,"href":"https:\/\/vocesparalelas.com.ar\/sitio\/wp-json\/wp\/v2\/posts\/63783\/revisions\/63787"}],"wp:featuredmedia":[{"embeddable":true,"href":"https:\/\/vocesparalelas.com.ar\/sitio\/wp-json\/wp\/v2\/media\/63786"}],"wp:attachment":[{"href":"https:\/\/vocesparalelas.com.ar\/sitio\/wp-json\/wp\/v2\/media?parent=63783"}],"wp:term":[{"taxonomy":"category","embeddable":true,"href":"https:\/\/vocesparalelas.com.ar\/sitio\/wp-json\/wp\/v2\/categories?post=63783"},{"taxonomy":"post_tag","embeddable":true,"href":"https:\/\/vocesparalelas.com.ar\/sitio\/wp-json\/wp\/v2\/tags?post=63783"}],"curies":[{"name":"wp","href":"https:\/\/api.w.org\/{rel}","templated":true}]}}