{"id":63764,"date":"2023-09-25T22:06:03","date_gmt":"2023-09-26T01:06:03","guid":{"rendered":"https:\/\/vocesparalelas.com.ar\/sitio\/?p=63764"},"modified":"2023-09-27T02:21:48","modified_gmt":"2023-09-27T05:21:48","slug":"1-encuentro-regional-sobre-curricularizacion-de-la-extension-universitaria","status":"publish","type":"post","link":"https:\/\/vocesparalelas.com.ar\/sitio\/1-encuentro-regional-sobre-curricularizacion-de-la-extension-universitaria\/","title":{"rendered":"1\u00b0 Encuentro Regional sobre Curricularizaci\u00f3n de la Extensi\u00f3n Universitaria\u00a0"},"content":{"rendered":"<p>El Martes, 26 de Septiembre, de 17 a 19 hs.; en la Sala Multimedia del subsuelo de la Facultad de Ciencias Exactas, F\u00edsicas y Naturales de la UNSJ, se desarrolla el encuentro \u201cLa Curricularizaci\u00f3n de la Extensi\u00f3n en Ciencias Exactas: Pr\u00e1cticas Socioeducativas como Herramientas transformadoras\u201d.<\/p>\n<p>Cuenta con la visita del especialista Lic. N\u00e9stor Cecchi, docente, investigador y extensionista de la Universidad Nacional de Mar del Plata, director del Centro de Estudios Sociales y Sindicales y Asesor Externo de Pr\u00e1cticas Educativas Territoriales en la Universidad Nacional del Centro, y en distintas universidades nacionales.<\/p>\n<p>Esta actividad regional est\u00e1\u00a0destinada a docentes, nodocentes. estudiantes, integrantes de organizaciones sociales\u00a0vinculadas con universidades y se enmarca en los procesos de curricularizaci\u00f3n de la Extensi\u00f3n.<\/p>\n<p><img loading=\"lazy\" decoding=\"async\" class=\"alignnone size-large wp-image-22761\" src=\"https:\/\/vocesparalelas.com.ar\/sitio\/wp-content\/uploads\/2019\/08\/FCEFN-UNSJ-LOGO-800x600.jpg\" alt=\"\" width=\"800\" height=\"600\" srcset=\"https:\/\/vocesparalelas.com.ar\/sitio\/wp-content\/uploads\/2019\/08\/FCEFN-UNSJ-LOGO-800x600.jpg 800w, https:\/\/vocesparalelas.com.ar\/sitio\/wp-content\/uploads\/2019\/08\/FCEFN-UNSJ-LOGO-300x225.jpg 300w, https:\/\/vocesparalelas.com.ar\/sitio\/wp-content\/uploads\/2019\/08\/FCEFN-UNSJ-LOGO-768x576.jpg 768w, https:\/\/vocesparalelas.com.ar\/sitio\/wp-content\/uploads\/2019\/08\/FCEFN-UNSJ-LOGO.jpg 1000w\" sizes=\"auto, (max-width: 800px) 100vw, 800px\" \/><\/p>\n<p><span style=\"color: #339966;\"><strong>Para m\u00e1s informaci\u00f3n<\/strong><\/span><\/p>\n<p><a href=\"consultasextensionunsj@gmail.com\">consultasextensionunsj@gmail.com<\/a><\/p>\n<p><strong><span style=\"color: #339966;\">Para inscripci\u00f3n y participaci\u00f3n en<\/span><\/strong><\/p>\n<p><a href=\"https:\/\/docs.google.com\/forms\/d\/e\/1FAIpQLSdNA8YJiZDKdIUWrSI2fzwqpCzYpisAaw0dsiBKet5Zu2zHpA\/viewform?pli=1\">https:\/\/docs.google.com\/forms\/d\/e\/1FAIpQLSdNA8YJiZDKdIUWrSI2fzwqpCzYpisAaw0dsiBKet5Zu2zHpA\/viewform?pli=1<\/a><\/p>\n<p><strong><span style=\"color: #339966;\">1\u00b0 Encuentro Regional sobre Curricularizaci\u00f3n de la Extensi\u00f3n Universitaria\u00a0<\/span><\/strong><\/p>\n<p><a href=\"https:\/\/vocesparalelas.com.ar\/sitio\/wp-content\/uploads\/2023\/09\/UNSJ-ENCUENTRO-CURRICULARIZACION.pdf\">UNSJ-ENCUENTRO-CURRICULARIZACI\u00d3N<\/a><\/p>\n<p>El 28 y 29 de Septiembre, de 8 a 18 hs.; en el Comedor Universitario \u201cJuan Guti\u00e9rrez\u201d del CUIM de la UNSJ, Departamento Rivadavia, se desarrolla el \u00ab1\u00b0 Encuentro Regional sobre Curricularizaci\u00f3n de la Extensi\u00f3n Universitaria\u00bb.<\/p>\n<p><strong><span style=\"color: #339966;\">Programa<\/span><\/strong><\/p>\n<p><strong><span style=\"color: #339966;\">Jueves, 28 Septiembre<\/span><\/strong><\/p>\n<ul>\n<li>08 hs. Acreditaciones<\/li>\n<li>09 hs. Apertura: Bienvenida de autoridades<\/li>\n<li>10 a 13 hs. Taller \u201cTeor\u00edas, metodolog\u00edas y pedagog\u00edas cr\u00edticas para la curricularizaci\u00f3n de la extensi\u00f3n\u201d a cargo de Dr. Humberto Tommasino &#8211; Udelar Uruguay &#8211; y Lic. N\u00e9stor Cecchi &#8211; UNMdP- Argentina.<\/li>\n<li>13 a 14 hs. Almuerzo<\/li>\n<li>14,30 a 17,30 hs. Ronda de Intercambios de Experiencias<\/li>\n<\/ul>\n<p><strong><span style=\"color: #339966;\">Viernes, 29 de Septiembre<\/span><\/strong><\/p>\n<ul>\n<li>09 hs. Acreditaciones<\/li>\n<li>10 a 12 hs. \u201cEn Territorio\u201d Foro de experiencias de acciones y organizaciones sociales de Centros Territoriales de Extensi\u00f3n Universitaria o programas territoriales. Con la participaci\u00f3n de Lic. Liliana Elsegood, Coordinadora de la Red Nacional de Extensi\u00f3n Universitaria-REXUNI-CIN.<\/li>\n<li>13 a 14 h. Almuerzo<\/li>\n<li>15 a 17 h. Mateada \u201cExtensi\u00f3n cr\u00edtica, curricularizaci\u00f3n: estudiantes universitarios y organizaciones sociales\u201d. Mateada \u201cExtensi\u00f3n cr\u00edtica, curricularizaci\u00f3n: docentes y nodocentes y organizaciones sociales\u201d. Mateada \u201cExtensi\u00f3n cr\u00edtica, curricularizaci\u00f3n: institutos preuniversitarios y organizaciones sociales\u201d<\/li>\n<li>17,30 a 18 hs. Conclusiones y cierre<\/li>\n<li>18 hs. Active Cultural Extensionista<\/li>\n<\/ul>\n<p><img loading=\"lazy\" decoding=\"async\" class=\"alignnone size-full wp-image-53945\" src=\"https:\/\/vocesparalelas.com.ar\/sitio\/wp-content\/uploads\/2022\/10\/UNSJ-LOGO-50-FINAL.jpg\" alt=\"\" width=\"800\" height=\"476\" srcset=\"https:\/\/vocesparalelas.com.ar\/sitio\/wp-content\/uploads\/2022\/10\/UNSJ-LOGO-50-FINAL.jpg 800w, https:\/\/vocesparalelas.com.ar\/sitio\/wp-content\/uploads\/2022\/10\/UNSJ-LOGO-50-FINAL-300x179.jpg 300w, https:\/\/vocesparalelas.com.ar\/sitio\/wp-content\/uploads\/2022\/10\/UNSJ-LOGO-50-FINAL-768x457.jpg 768w\" sizes=\"auto, (max-width: 800px) 100vw, 800px\" \/> <img loading=\"lazy\" decoding=\"async\" class=\"alignnone size-full wp-image-54035\" src=\"https:\/\/vocesparalelas.com.ar\/sitio\/wp-content\/uploads\/2022\/11\/UNSJ-LOGO-10.jpg\" alt=\"\" width=\"800\" height=\"533\" srcset=\"https:\/\/vocesparalelas.com.ar\/sitio\/wp-content\/uploads\/2022\/11\/UNSJ-LOGO-10.jpg 800w, https:\/\/vocesparalelas.com.ar\/sitio\/wp-content\/uploads\/2022\/11\/UNSJ-LOGO-10-300x200.jpg 300w, https:\/\/vocesparalelas.com.ar\/sitio\/wp-content\/uploads\/2022\/11\/UNSJ-LOGO-10-768x512.jpg 768w\" sizes=\"auto, (max-width: 800px) 100vw, 800px\" \/><\/p>\n","protected":false},"excerpt":{"rendered":"<p>El Martes, 26 de Septiembre, de 17 a 19 hs.; en la Sala Multimedia del subsuelo de la Facultad de<\/p>\n","protected":false},"author":3,"featured_media":4886,"comment_status":"closed","ping_status":"closed","sticky":false,"template":"","format":"standard","meta":{"_acf_changed":false,"_seopress_robots_primary_cat":"none","_seopress_titles_title":"","_seopress_titles_desc":"","_seopress_robots_index":"","colormag_page_container_layout":"default_layout","colormag_page_sidebar_layout":"default_layout","footnotes":""},"categories":[15],"tags":[],"class_list":["post-63764","post","type-post","status-publish","format-standard","has-post-thumbnail","hentry","category-posgrados"],"acf":[],"_links":{"self":[{"href":"https:\/\/vocesparalelas.com.ar\/sitio\/wp-json\/wp\/v2\/posts\/63764","targetHints":{"allow":["GET"]}}],"collection":[{"href":"https:\/\/vocesparalelas.com.ar\/sitio\/wp-json\/wp\/v2\/posts"}],"about":[{"href":"https:\/\/vocesparalelas.com.ar\/sitio\/wp-json\/wp\/v2\/types\/post"}],"author":[{"embeddable":true,"href":"https:\/\/vocesparalelas.com.ar\/sitio\/wp-json\/wp\/v2\/users\/3"}],"replies":[{"embeddable":true,"href":"https:\/\/vocesparalelas.com.ar\/sitio\/wp-json\/wp\/v2\/comments?post=63764"}],"version-history":[{"count":4,"href":"https:\/\/vocesparalelas.com.ar\/sitio\/wp-json\/wp\/v2\/posts\/63764\/revisions"}],"predecessor-version":[{"id":63778,"href":"https:\/\/vocesparalelas.com.ar\/sitio\/wp-json\/wp\/v2\/posts\/63764\/revisions\/63778"}],"wp:featuredmedia":[{"embeddable":true,"href":"https:\/\/vocesparalelas.com.ar\/sitio\/wp-json\/wp\/v2\/media\/4886"}],"wp:attachment":[{"href":"https:\/\/vocesparalelas.com.ar\/sitio\/wp-json\/wp\/v2\/media?parent=63764"}],"wp:term":[{"taxonomy":"category","embeddable":true,"href":"https:\/\/vocesparalelas.com.ar\/sitio\/wp-json\/wp\/v2\/categories?post=63764"},{"taxonomy":"post_tag","embeddable":true,"href":"https:\/\/vocesparalelas.com.ar\/sitio\/wp-json\/wp\/v2\/tags?post=63764"}],"curies":[{"name":"wp","href":"https:\/\/api.w.org\/{rel}","templated":true}]}}