{"id":63759,"date":"2023-09-25T20:31:43","date_gmt":"2023-09-25T23:31:43","guid":{"rendered":"https:\/\/vocesparalelas.com.ar\/sitio\/?p=63759"},"modified":"2023-09-27T02:19:34","modified_gmt":"2023-09-27T05:19:34","slug":"concurso-eco-egresados-para-los-alumnos-del-ultimo-ano-del-secundario-del-departamento-san-martin-de-san-juan","status":"publish","type":"post","link":"https:\/\/vocesparalelas.com.ar\/sitio\/concurso-eco-egresados-para-los-alumnos-del-ultimo-ano-del-secundario-del-departamento-san-martin-de-san-juan\/","title":{"rendered":"Concurso \u00abEco Egresados\u00bb para los alumnos del \u00faltimo a\u00f1o del Secundario del Departamento San Mart\u00edn de San Juan"},"content":{"rendered":"<p>Los estudiantes de nivel secundario del departamento San Mart\u00edn, de San Juan tienen la oportunidad de contribuir a la preservaci\u00f3n del ambiente y acercarse a la realizaci\u00f3n de su sue\u00f1o de viajar al finalizar sus estudios.<\/p>\n<p>Para ello, la Municipalidad de San Mart\u00edn junto a la Secretar\u00eda de Estado de Ambiente y Desarrollo Sustentable del Gobierno de San Juan presentaron el Programa Eco Egresados, a trav\u00e9s del cual se otorga premios a los estudiantes del \u00faltimo a\u00f1o de la educaci\u00f3n secundaria que logren recolectar la mayor cantidad de botellas de pl\u00e1stico durante Septiembre y Octubre de 2023. La suma total de los premios asciende a casi 2 millones de pesos.<\/p>\n<p>De la presentaci\u00f3n de Eco Egresados participaron el Secretario de Estado de Ambiente, Francisco Guevara; el Intendente de San Mart\u00edn, CPN Cristian Andino; el director de Articulaci\u00f3n, Nicol\u00e1s Espejo; y la Secretaria de Gobierno Dra. Anal\u00eda Becerra.<\/p>\n<p>Francisco Guevara expres\u00f3 que \u201cel problema principal que atraviesa el mundo es la generaci\u00f3n de pl\u00e1stico y la gran cantidad de toneladas que los seres humanos volvamos al planeta y desde este rinc\u00f3n del mundo, recolectar este pl\u00e1stico para despu\u00e9s transformarlo en materia prima de un nuevo producto, es un gran aporte a la econom\u00eda circular\u201d y agreg\u00f3 que \u201ctrav\u00e9s de Eco Egresados se busca generar conciencia ambiental, y es un verdadero desaf\u00edo ya que si bien participan los alumnos que est\u00e1n pr\u00f3ximos a egresarse del secundario tambi\u00e9n se suman otros cursos, amigos, familia y de esta forma se generan nuevas acciones para cuidar el ambiente\u201d.<\/p>\n<p>Respecto al aporte de la Secretar\u00eda de Ambiente al desarrollo de este programa, Guevara explic\u00f3 que \u201cdesde la Secretar\u00eda vamos a colaborar con Tablet para que puedan utilizar este soporte digital en materia educativa, adem\u00e1s colocaremos islas de separaci\u00f3n de residuos s\u00f3lidos urbanos en cada escuela\u201d<\/p>\n<p>Por su parte y respecto al formato de este programa, el CPN Cristian Andino dijo que \u201ccon mucha alegr\u00eda estamos lanzando nuevamente Eco Egresados, que consiste en una competencia entre todas las escuelas secundarias del departamento San Mart\u00edn, en recolecci\u00f3n de botellas pl\u00e1sticas. Este programa tiene dos objetivos, por un lado, poner en agenda todo lo vinculado al cuidado del ambiente con pol\u00edticas p\u00fablicas para vincular a los vecinos con estas, y al mismo tiempo buscamos colaborar desde el Estado provincial y municipal con los gastos de los chicos en su etapa de egreso.\u201d<\/p>\n<p>Adem\u00e1s de las Tablet que entrega la Secretar\u00eda de Estado de Ambiente, se entregan una serie de nueve premios en efectivo que van desde los 140 mil pesos hasta 300 mil.<\/p>\n<p>&nbsp;<\/p>\n<p><img loading=\"lazy\" decoding=\"async\" class=\"alignnone size-large wp-image-18375\" src=\"https:\/\/vocesparalelas.com.ar\/sitio\/wp-content\/uploads\/2019\/01\/AMBIENTE-CARTEL-800x496.jpg\" alt=\"\" width=\"800\" height=\"496\" srcset=\"https:\/\/vocesparalelas.com.ar\/sitio\/wp-content\/uploads\/2019\/01\/AMBIENTE-CARTEL-800x496.jpg 800w, https:\/\/vocesparalelas.com.ar\/sitio\/wp-content\/uploads\/2019\/01\/AMBIENTE-CARTEL-300x186.jpg 300w, https:\/\/vocesparalelas.com.ar\/sitio\/wp-content\/uploads\/2019\/01\/AMBIENTE-CARTEL-768x476.jpg 768w, https:\/\/vocesparalelas.com.ar\/sitio\/wp-content\/uploads\/2019\/01\/AMBIENTE-CARTEL.jpg 1000w\" sizes=\"auto, (max-width: 800px) 100vw, 800px\" \/><\/p>\n","protected":false},"excerpt":{"rendered":"<p>Los estudiantes de nivel secundario del departamento San Mart\u00edn, de San Juan tienen la oportunidad de contribuir a la preservaci\u00f3n<\/p>\n","protected":false},"author":3,"featured_media":63762,"comment_status":"closed","ping_status":"closed","sticky":false,"template":"","format":"standard","meta":{"_acf_changed":false,"_seopress_robots_primary_cat":"none","_seopress_titles_title":"","_seopress_titles_desc":"","_seopress_robots_index":"","colormag_page_container_layout":"default_layout","colormag_page_sidebar_layout":"default_layout","footnotes":""},"categories":[8],"tags":[],"class_list":["post-63759","post","type-post","status-publish","format-standard","has-post-thumbnail","hentry","category-concursos"],"acf":[],"_links":{"self":[{"href":"https:\/\/vocesparalelas.com.ar\/sitio\/wp-json\/wp\/v2\/posts\/63759","targetHints":{"allow":["GET"]}}],"collection":[{"href":"https:\/\/vocesparalelas.com.ar\/sitio\/wp-json\/wp\/v2\/posts"}],"about":[{"href":"https:\/\/vocesparalelas.com.ar\/sitio\/wp-json\/wp\/v2\/types\/post"}],"author":[{"embeddable":true,"href":"https:\/\/vocesparalelas.com.ar\/sitio\/wp-json\/wp\/v2\/users\/3"}],"replies":[{"embeddable":true,"href":"https:\/\/vocesparalelas.com.ar\/sitio\/wp-json\/wp\/v2\/comments?post=63759"}],"version-history":[{"count":1,"href":"https:\/\/vocesparalelas.com.ar\/sitio\/wp-json\/wp\/v2\/posts\/63759\/revisions"}],"predecessor-version":[{"id":63763,"href":"https:\/\/vocesparalelas.com.ar\/sitio\/wp-json\/wp\/v2\/posts\/63759\/revisions\/63763"}],"wp:featuredmedia":[{"embeddable":true,"href":"https:\/\/vocesparalelas.com.ar\/sitio\/wp-json\/wp\/v2\/media\/63762"}],"wp:attachment":[{"href":"https:\/\/vocesparalelas.com.ar\/sitio\/wp-json\/wp\/v2\/media?parent=63759"}],"wp:term":[{"taxonomy":"category","embeddable":true,"href":"https:\/\/vocesparalelas.com.ar\/sitio\/wp-json\/wp\/v2\/categories?post=63759"},{"taxonomy":"post_tag","embeddable":true,"href":"https:\/\/vocesparalelas.com.ar\/sitio\/wp-json\/wp\/v2\/tags?post=63759"}],"curies":[{"name":"wp","href":"https:\/\/api.w.org\/{rel}","templated":true}]}}