{"id":63747,"date":"2023-09-24T23:29:14","date_gmt":"2023-09-25T02:29:14","guid":{"rendered":"https:\/\/vocesparalelas.com.ar\/sitio\/?p=63747"},"modified":"2023-09-27T02:19:58","modified_gmt":"2023-09-27T05:19:58","slug":"llamado-para-cubrir-un-cargo-docente-en-el-ineaa-de-la-faud-de-la-unsj","status":"publish","type":"post","link":"https:\/\/vocesparalelas.com.ar\/sitio\/llamado-para-cubrir-un-cargo-docente-en-el-ineaa-de-la-faud-de-la-unsj\/","title":{"rendered":"Llamado para cubrir un cargo Docente en el INEAA de la FAUD de la UNSJ"},"content":{"rendered":"<div id=\"contentNoticia\">\n<p>La Facultad de Arquitectura, Urbanismo y Dise\u00f1o de la Universidad Nacional de San Juan, llama a concurso por Ordenanza 001\/2002-CD-FAUD para cubrir un cargo Docente, de acuerdo al siguiente detalle:<\/p>\n<p><span style=\"color: #0000ff;\"><strong>INEAA<\/strong><\/span><\/p>\n<p>Se llama a concurso por\u00a0Resoluci\u00f3n 1080-FAUD\/23<\/p>\n<ul>\n<li>UN (1) cargo de Profesor Jefe de Trabajos Pr\u00e1cticos, Car\u00e1cter Suplente Constituido, Dedicaci\u00f3n Simple, C\u00f3digos 21044\/1, para cumplir funciones en Instituto de Estudios de Arquitectura Ambiental &#8211; INEAA -, Campo de conocimiento: 3 \u2013 Sustentabilidad y Ambiente L\u00ednea de Investigaci\u00f3n: 19- Arquitectura Bioclim\u00e1tica<\/li>\n<\/ul>\n<p>Seg\u00fan el Art\u00edculo 6.3 de la Ordenanza N\u00ba 001-CD-FAUD-02, deben presentar: Una propuesta por escrito de un trabajo pr\u00e1ctico referido al tema: \u201cDeterminaci\u00f3n del perfil del aire y su influencia en el dimensionamiento de una ca\u00f1er\u00eda de baja entalp\u00eda para climatizaci\u00f3n pasiva en viviendas sociales en zonas \u00e1ridas urbanas\u201d.<\/p>\n<p>&nbsp;<\/p>\n<p><span style=\"color: #0000ff;\"><b>Inscripciones<\/b><\/span><\/p>\n<p>Se recibir\u00e1n en Mesa de Entradas de la Facultad de Arquitectura, Urbanismo y Dise\u00f1o de la Universidad Nacional de San Juan, a partir de las 08 (ocho) horas del d\u00eda 25 de Septiembre de 2023\u00a0y hasta las 12 (doce) horas del d\u00eda\u00a027 de Septiembre de 2023.<\/p>\n<p>Av. Ignacio de la Roza y Meglioli. Campo Universitario Islas Malvinas. Rivadavia San Juan.<\/p>\n<\/div>\n","protected":false},"excerpt":{"rendered":"<p>La Facultad de Arquitectura, Urbanismo y Dise\u00f1o de la Universidad Nacional de San Juan, llama a concurso por Ordenanza 001\/2002-CD-FAUD<\/p>\n","protected":false},"author":3,"featured_media":59158,"comment_status":"closed","ping_status":"closed","sticky":false,"template":"","format":"standard","meta":{"_acf_changed":false,"_seopress_robots_primary_cat":"none","_seopress_titles_title":"","_seopress_titles_desc":"","_seopress_robots_index":"","colormag_page_container_layout":"default_layout","colormag_page_sidebar_layout":"default_layout","footnotes":""},"categories":[8],"tags":[],"class_list":["post-63747","post","type-post","status-publish","format-standard","has-post-thumbnail","hentry","category-concursos"],"acf":[],"_links":{"self":[{"href":"https:\/\/vocesparalelas.com.ar\/sitio\/wp-json\/wp\/v2\/posts\/63747","targetHints":{"allow":["GET"]}}],"collection":[{"href":"https:\/\/vocesparalelas.com.ar\/sitio\/wp-json\/wp\/v2\/posts"}],"about":[{"href":"https:\/\/vocesparalelas.com.ar\/sitio\/wp-json\/wp\/v2\/types\/post"}],"author":[{"embeddable":true,"href":"https:\/\/vocesparalelas.com.ar\/sitio\/wp-json\/wp\/v2\/users\/3"}],"replies":[{"embeddable":true,"href":"https:\/\/vocesparalelas.com.ar\/sitio\/wp-json\/wp\/v2\/comments?post=63747"}],"version-history":[{"count":1,"href":"https:\/\/vocesparalelas.com.ar\/sitio\/wp-json\/wp\/v2\/posts\/63747\/revisions"}],"predecessor-version":[{"id":63750,"href":"https:\/\/vocesparalelas.com.ar\/sitio\/wp-json\/wp\/v2\/posts\/63747\/revisions\/63750"}],"wp:featuredmedia":[{"embeddable":true,"href":"https:\/\/vocesparalelas.com.ar\/sitio\/wp-json\/wp\/v2\/media\/59158"}],"wp:attachment":[{"href":"https:\/\/vocesparalelas.com.ar\/sitio\/wp-json\/wp\/v2\/media?parent=63747"}],"wp:term":[{"taxonomy":"category","embeddable":true,"href":"https:\/\/vocesparalelas.com.ar\/sitio\/wp-json\/wp\/v2\/categories?post=63747"},{"taxonomy":"post_tag","embeddable":true,"href":"https:\/\/vocesparalelas.com.ar\/sitio\/wp-json\/wp\/v2\/tags?post=63747"}],"curies":[{"name":"wp","href":"https:\/\/api.w.org\/{rel}","templated":true}]}}