{"id":63715,"date":"2023-09-22T22:33:13","date_gmt":"2023-09-23T01:33:13","guid":{"rendered":"https:\/\/vocesparalelas.com.ar\/sitio\/?p=63715"},"modified":"2023-09-22T22:35:03","modified_gmt":"2023-09-23T01:35:03","slug":"certificacion-en-calidad-para-el-hospital-dr-guillermo-rawson-de-san-juan","status":"publish","type":"post","link":"https:\/\/vocesparalelas.com.ar\/sitio\/certificacion-en-calidad-para-el-hospital-dr-guillermo-rawson-de-san-juan\/","title":{"rendered":"Certificaci\u00f3n en Calidad para el Hospital Dr. Guillermo Rawson de San Juan"},"content":{"rendered":"<p>La Dra. Mar\u00eda Teresita Ithurburu, directora nacional de Calidad en Servicios de Salud y Regulaci\u00f3n Sanitaria entreg\u00f3 la certificaci\u00f3n al Hospital Dr. Guillermo Rawson, durante las Jornadas de Salud.<\/p>\n<p>Luego, las autoridades del organismo realizaron un recorrido por el hospital y entregaron la certificaci\u00f3n al personal que particip\u00f3 en la implementaci\u00f3n de la evaluaci\u00f3n.<\/p>\n<p>Tambi\u00e9n, entregaron certificados la directora de Planificaci\u00f3n del Ministerio de Salud P\u00fablica, Dra. Marcela Rodr\u00edguez y la Lic. Rosa Palma, coordinadora de la Divisi\u00f3n Enfermer\u00eda, ambas integrantes del Comit\u00e9 de Calidad y Seguridad del paciente, junto al director ejecutivo del Hospital, Dr. Jorge Gir\u00f3n y la directora de Planificaci\u00f3n, Dra. Marianna M\u00edguez.<\/p>\n<p>Durante la reuni\u00f3n, la Dra. Ithurburu expres\u00f3 que el los sanjuaninos debemos sentir orgullo del Hospital Rawson ya que es un referente nacional al nivel de hospitales como el Garrahan y El Cruce. Tambi\u00e9n participaron los jefes de servicio del Hospital, donde la instituci\u00f3n, en base a los aspectos que basaron la certificaci\u00f3n, propuso mejoras en diversos aspectos para\u00a0seguir elevando los est\u00e1ndares de calidad.<\/p>\n<p><span style=\"color: #ff0000;\"><strong>Los sectores del Hospital Dr. Guillermo Rawson que recibieron la certificaci\u00f3n en calidad<\/strong><\/span><\/p>\n<ul>\n<li>Gesti\u00f3n de Calidad,<\/li>\n<li>Direcci\u00f3n, Mantenimiento, Higiene y Seguridad,<\/li>\n<li>Ingenier\u00eda Cl\u00ednica,<\/li>\n<li>Gesti\u00f3n de pacientes,<\/li>\n<li>Vacunatorio,<\/li>\n<li>Comit\u00e9 de Seguridad del Paciente,<\/li>\n<li>Infectolog\u00eda,<\/li>\n<li>Enfermer\u00eda,<\/li>\n<li>Servicio M\u00e9dico de Urgencias,<\/li>\n<li>Maternidad,<\/li>\n<li>Laboratorio,<\/li>\n<li>Morgue,<\/li>\n<li>Inform\u00e1tica,<\/li>\n<li>Recursos Humanos,<\/li>\n<li>Estad\u00edsticas y<\/li>\n<li>Empresas tercerizadas<\/li>\n<\/ul>\n<p><img loading=\"lazy\" decoding=\"async\" class=\"alignnone size-full wp-image-33004\" src=\"https:\/\/vocesparalelas.com.ar\/sitio\/wp-content\/uploads\/2020\/11\/HOSPITAL-RAWSON-AEREA.jpg\" alt=\"\" width=\"800\" height=\"490\" srcset=\"https:\/\/vocesparalelas.com.ar\/sitio\/wp-content\/uploads\/2020\/11\/HOSPITAL-RAWSON-AEREA.jpg 800w, https:\/\/vocesparalelas.com.ar\/sitio\/wp-content\/uploads\/2020\/11\/HOSPITAL-RAWSON-AEREA-300x184.jpg 300w, https:\/\/vocesparalelas.com.ar\/sitio\/wp-content\/uploads\/2020\/11\/HOSPITAL-RAWSON-AEREA-768x470.jpg 768w\" sizes=\"auto, (max-width: 800px) 100vw, 800px\" \/><\/p>\n","protected":false},"excerpt":{"rendered":"<p>La Dra. Mar\u00eda Teresita Ithurburu, directora nacional de Calidad en Servicios de Salud y Regulaci\u00f3n Sanitaria entreg\u00f3 la certificaci\u00f3n al<\/p>\n","protected":false},"author":3,"featured_media":63718,"comment_status":"closed","ping_status":"closed","sticky":false,"template":"","format":"standard","meta":{"_acf_changed":false,"_seopress_robots_primary_cat":"none","_seopress_titles_title":"","_seopress_titles_desc":"","_seopress_robots_index":"","colormag_page_container_layout":"default_layout","colormag_page_sidebar_layout":"default_layout","footnotes":""},"categories":[1],"tags":[],"class_list":["post-63715","post","type-post","status-publish","format-standard","has-post-thumbnail","hentry","category-destacadas"],"acf":[],"_links":{"self":[{"href":"https:\/\/vocesparalelas.com.ar\/sitio\/wp-json\/wp\/v2\/posts\/63715","targetHints":{"allow":["GET"]}}],"collection":[{"href":"https:\/\/vocesparalelas.com.ar\/sitio\/wp-json\/wp\/v2\/posts"}],"about":[{"href":"https:\/\/vocesparalelas.com.ar\/sitio\/wp-json\/wp\/v2\/types\/post"}],"author":[{"embeddable":true,"href":"https:\/\/vocesparalelas.com.ar\/sitio\/wp-json\/wp\/v2\/users\/3"}],"replies":[{"embeddable":true,"href":"https:\/\/vocesparalelas.com.ar\/sitio\/wp-json\/wp\/v2\/comments?post=63715"}],"version-history":[{"count":3,"href":"https:\/\/vocesparalelas.com.ar\/sitio\/wp-json\/wp\/v2\/posts\/63715\/revisions"}],"predecessor-version":[{"id":63721,"href":"https:\/\/vocesparalelas.com.ar\/sitio\/wp-json\/wp\/v2\/posts\/63715\/revisions\/63721"}],"wp:featuredmedia":[{"embeddable":true,"href":"https:\/\/vocesparalelas.com.ar\/sitio\/wp-json\/wp\/v2\/media\/63718"}],"wp:attachment":[{"href":"https:\/\/vocesparalelas.com.ar\/sitio\/wp-json\/wp\/v2\/media?parent=63715"}],"wp:term":[{"taxonomy":"category","embeddable":true,"href":"https:\/\/vocesparalelas.com.ar\/sitio\/wp-json\/wp\/v2\/categories?post=63715"},{"taxonomy":"post_tag","embeddable":true,"href":"https:\/\/vocesparalelas.com.ar\/sitio\/wp-json\/wp\/v2\/tags?post=63715"}],"curies":[{"name":"wp","href":"https:\/\/api.w.org\/{rel}","templated":true}]}}