{"id":63704,"date":"2023-09-22T22:11:16","date_gmt":"2023-09-23T01:11:16","guid":{"rendered":"https:\/\/vocesparalelas.com.ar\/sitio\/?p=63704"},"modified":"2023-09-25T00:08:54","modified_gmt":"2023-09-25T03:08:54","slug":"actividades-en-el-complejo-deportivo-el-palomar-de-la-unsj","status":"publish","type":"post","link":"https:\/\/vocesparalelas.com.ar\/sitio\/actividades-en-el-complejo-deportivo-el-palomar-de-la-unsj\/","title":{"rendered":"Actividades en el Complejo Deportivo \u00abEl Palomar\u00bb de la UNSJ"},"content":{"rendered":"<p>El Complejo Deportivo El Palomar, dependiente de la Secretar\u00eda de Bienestar Universitario de la UNSJ, se suma a las actividades de celebraci\u00f3n del 50\u00b0 Aniversario de vida de la UNSJ, desde el Lunes, 25 hasta el S\u00e1bado, 30 de Septiembre se desarrollan distintas actividades .<\/p>\n<p><strong><span style=\"color: #339966;\">Actividades<\/span><\/strong><\/p>\n<ul>\n<li>Las propuestas incluyen pintura de mural en vivo, torneo interfacultades mixto, juegos interprovinciales Institutos Preuniversitarios, cl\u00ednicas deportivas, kerm\u00e9s familiar, patio de folclore y kermes con m\u00fasica en vivo.<\/li>\n<li>Jueves, 28 de Septiembre hay cl\u00ednicas, desde las 18 hs.; con un conversatorio sobre G\u00e9nero y Deporte y a las 19.30 hs.; Psicolog\u00eda del Deporte.<\/li>\n<li>Viernes, 29 de Septiembre, a las 18 se desarrolla la cl\u00ednica Nutrici\u00f3n aplicada al deporte y, a las 19.30 hs., Deporte como estilo de vida.<\/li>\n<li>S\u00e1bado 30 de septiembre el cierre de las actividades es, desde las 17, con stands de comidas y se ofrece m\u00fasica en vivo, de 16 a 21 hs.; con la actuaci\u00f3n de King of Banana, D\u00fao Amanecer Guitarrero y Diego Villegas. En ese d\u00eda tambi\u00e9n se inaugura un gran mural que puede verse desde la avenida Paula Albarrac\u00edn.<\/li>\n<\/ul>\n<p><span style=\"color: #339966;\"><strong>Avances de mejoramiento<\/strong><\/span><\/p>\n<p>Las actividades se realizan en un contexto de diferentes obras efectuadas en El Palomar, como nuevas iluminaciones y otras refacciones.<\/p>\n<ul>\n<li>Iluminaron las canchas de f\u00fatbol y de rugby;<\/li>\n<li>Cambiaron toda la iluminaci\u00f3n del tr\u00e1nsito peatonal;<\/li>\n<li>Van iluminar la calle que da al costado Norte, que es una zona muy oscura y tienen compradas todas las iluminarias;<\/li>\n<li>Van a mejorar la iluminaci\u00f3n del estacionamiento;<\/li>\n<li>Se instalaron c\u00e1maras de seguridad en los accesos al predio;<\/li>\n<li>Trabajan continuamente en la parte de alba\u00f1iler\u00eda<\/li>\n<li>Est\u00e1n abocados a la construcci\u00f3n de la nueva cancha de hockey<\/li>\n<\/ul>\n<p><img loading=\"lazy\" decoding=\"async\" class=\"alignnone size-full wp-image-53945\" src=\"https:\/\/vocesparalelas.com.ar\/sitio\/wp-content\/uploads\/2022\/10\/UNSJ-LOGO-50-FINAL.jpg\" alt=\"\" width=\"800\" height=\"476\" srcset=\"https:\/\/vocesparalelas.com.ar\/sitio\/wp-content\/uploads\/2022\/10\/UNSJ-LOGO-50-FINAL.jpg 800w, https:\/\/vocesparalelas.com.ar\/sitio\/wp-content\/uploads\/2022\/10\/UNSJ-LOGO-50-FINAL-300x179.jpg 300w, https:\/\/vocesparalelas.com.ar\/sitio\/wp-content\/uploads\/2022\/10\/UNSJ-LOGO-50-FINAL-768x457.jpg 768w\" sizes=\"auto, (max-width: 800px) 100vw, 800px\" \/> <img loading=\"lazy\" decoding=\"async\" class=\"alignnone size-full wp-image-54035\" src=\"https:\/\/vocesparalelas.com.ar\/sitio\/wp-content\/uploads\/2022\/11\/UNSJ-LOGO-10.jpg\" alt=\"\" width=\"800\" height=\"533\" srcset=\"https:\/\/vocesparalelas.com.ar\/sitio\/wp-content\/uploads\/2022\/11\/UNSJ-LOGO-10.jpg 800w, https:\/\/vocesparalelas.com.ar\/sitio\/wp-content\/uploads\/2022\/11\/UNSJ-LOGO-10-300x200.jpg 300w, https:\/\/vocesparalelas.com.ar\/sitio\/wp-content\/uploads\/2022\/11\/UNSJ-LOGO-10-768x512.jpg 768w\" sizes=\"auto, (max-width: 800px) 100vw, 800px\" \/><\/p>\n<p>&nbsp;<\/p>\n<p>&nbsp;<\/p>\n","protected":false},"excerpt":{"rendered":"<p>El Complejo Deportivo El Palomar, dependiente de la Secretar\u00eda de Bienestar Universitario de la UNSJ, se suma a las actividades<\/p>\n","protected":false},"author":3,"featured_media":6496,"comment_status":"closed","ping_status":"closed","sticky":false,"template":"","format":"standard","meta":{"_acf_changed":false,"_seopress_robots_primary_cat":"none","_seopress_titles_title":"","_seopress_titles_desc":"","_seopress_robots_index":"","colormag_page_container_layout":"default_layout","colormag_page_sidebar_layout":"default_layout","footnotes":""},"categories":[6],"tags":[],"class_list":["post-63704","post","type-post","status-publish","format-standard","has-post-thumbnail","hentry","category-eventos"],"acf":[],"_links":{"self":[{"href":"https:\/\/vocesparalelas.com.ar\/sitio\/wp-json\/wp\/v2\/posts\/63704","targetHints":{"allow":["GET"]}}],"collection":[{"href":"https:\/\/vocesparalelas.com.ar\/sitio\/wp-json\/wp\/v2\/posts"}],"about":[{"href":"https:\/\/vocesparalelas.com.ar\/sitio\/wp-json\/wp\/v2\/types\/post"}],"author":[{"embeddable":true,"href":"https:\/\/vocesparalelas.com.ar\/sitio\/wp-json\/wp\/v2\/users\/3"}],"replies":[{"embeddable":true,"href":"https:\/\/vocesparalelas.com.ar\/sitio\/wp-json\/wp\/v2\/comments?post=63704"}],"version-history":[{"count":3,"href":"https:\/\/vocesparalelas.com.ar\/sitio\/wp-json\/wp\/v2\/posts\/63704\/revisions"}],"predecessor-version":[{"id":63709,"href":"https:\/\/vocesparalelas.com.ar\/sitio\/wp-json\/wp\/v2\/posts\/63704\/revisions\/63709"}],"wp:featuredmedia":[{"embeddable":true,"href":"https:\/\/vocesparalelas.com.ar\/sitio\/wp-json\/wp\/v2\/media\/6496"}],"wp:attachment":[{"href":"https:\/\/vocesparalelas.com.ar\/sitio\/wp-json\/wp\/v2\/media?parent=63704"}],"wp:term":[{"taxonomy":"category","embeddable":true,"href":"https:\/\/vocesparalelas.com.ar\/sitio\/wp-json\/wp\/v2\/categories?post=63704"},{"taxonomy":"post_tag","embeddable":true,"href":"https:\/\/vocesparalelas.com.ar\/sitio\/wp-json\/wp\/v2\/tags?post=63704"}],"curies":[{"name":"wp","href":"https:\/\/api.w.org\/{rel}","templated":true}]}}