{"id":63669,"date":"2023-09-21T19:14:33","date_gmt":"2023-09-21T22:14:33","guid":{"rendered":"https:\/\/vocesparalelas.com.ar\/sitio\/?p=63669"},"modified":"2023-09-22T01:15:31","modified_gmt":"2023-09-22T04:15:31","slug":"se-aprobo-una-ley-que-fija-honorarios-a-los-abogados-de-san-juan","status":"publish","type":"post","link":"https:\/\/vocesparalelas.com.ar\/sitio\/se-aprobo-una-ley-que-fija-honorarios-a-los-abogados-de-san-juan\/","title":{"rendered":"Se aprob\u00f3 una Ley que fija honorarios a los Abogados de San Juan"},"content":{"rendered":"<div class=\"itemFullText jbintrotext\">\n<p>La C\u00e1mara de Diputados aprob\u00f3 una nueva Ley que regula los honorarios de los profesionales de la Abogac\u00eda y se abroga la Ley N\u00ba 56-O. \u00a0Cabe se\u00f1alar que esta iniciativa presentada por la legisladora Celina Ramella fue impulsada por la comisi\u00f3n integrada por representantes del Foro de Abogados de San Juan y de la C\u00e1mara de Diputados.<\/p>\n<\/div>\n<div class=\"itemFullText\">\n<p>Asimismo, sancionaron otra Ley de autor\u00eda de la diputada Celina Ramella, por la que se habilita la donaci\u00f3n de un inmueble destinado a la Asociaci\u00f3n Civil Mamis Hockey San Juan.<\/p>\n<p>Tambi\u00e9n, los legisladores impusieron los nombres a diferentes instituciones educativas de los departamentos Rivadavia y Rawson.<\/p>\n<p>Por \u00faltimo, ratificaron cuatro convenios, uno firmado con la Administraci\u00f3n Nacional de Aviaci\u00f3n Civil; otro con la Secretar\u00eda de Pol\u00edticas Integrales sobre Drogas de la Naci\u00f3n Argentina (SEDRONAR); un tercero con la Administraci\u00f3n Nacional de Laboratorios e Institutos de Salud Dr. Carlos G. Malbr\u00e1n (ANLIS) y un cuarto con la Secretar\u00eda de Inclusi\u00f3n Social del Ministerio de Desarrollo Social de la Naci\u00f3n.<\/p>\n<p>La S\u00e9ptima Sesi\u00f3n estuvo encabezada por presidente de la C\u00e1mara de Diputados, vicegobernador Roberto Gattoni quien estuvo acompa\u00f1ado por los secretarios Legislativo, Nicol\u00e1s Alvo y Administrativo, Roberto Iglesias.<\/p>\n<p><span style=\"color: #de62a0;\"><strong>Detalles de los proyectos<\/strong><\/span><\/p>\n<p><span style=\"color: #de62a0;\"><strong>Honorarios de los profesionales de la Abogac\u00eda<\/strong><\/span><\/p>\n<p>Tras los argumentos explicados por la diputada Celina Ramella, el cuerpo legislativo otorg\u00f3 acuerdo al proyecto que abroga la Ley 56-O sobre el r\u00e9gimen de honorarios profesionales de los abogados que data del a\u00f1o 1959 y propone una nueva regulaci\u00f3n actualizada y adecuada a los cambios sociales, pol\u00edticos, institucionales, tecnol\u00f3gicos y econ\u00f3micos para adaptarlos a la realidad actual en el ejercicio profesional.\u00a0Previo a iniciar el tratamiento correspondiente, el vicegobernador Roberto Gattoni destac\u00f3 la presencia del presidente del Foro de Abogados, Marcelo \u00c1lvarez;\u00a0 la vicepresidente, Sof\u00eda Lloveras y miembros del mismo.<\/p>\n<p>Durante su exposici\u00f3n, la legisladora se\u00f1al\u00f3 que esta reforma de \u00edndole integral establece las siguientes disposiciones a destacar:<\/p>\n<ul>\n<li>El car\u00e1cter oneroso de la actividad profesional, sin admitir prueba en contrario.<\/li>\n<li>Se establece el car\u00e1cter alimentario de los honorarios de los abogados.<\/li>\n<li>El embargo especial a favor de los profesionales que deben percibir honorarios, embargo legal sobre todo valor, dinero, o cosa que eventualmente deba responder al pago de aquellos.<\/li>\n<li>La inembargabilidad de los honorarios que no superen la suma equivalente al Salario M\u00ednimo Vital y M\u00f3vil.<\/li>\n<li>La propiedad exclusiva de los mismos.<\/li>\n<li>Se crea la UMA (Unidad de Medida Arancelaria) para la regulaci\u00f3n de los mismos.<\/li>\n<li>Se establece la obligaci\u00f3n de los jueces de no dar por concluido el proceso judicial si no hay cancelaci\u00f3n de los honorarios profesionales.<\/li>\n<\/ul>\n<p>Por otro lado, Celina Ramella aclar\u00f3 que \u201cla concepci\u00f3n de la abogac\u00eda en s\u00ed misma, su misi\u00f3n p\u00fablica en defensa de la Constituci\u00f3n y de las instituciones republicanas, la defensa en juicio como valor y como instrumento, la valoraci\u00f3n del trabajo profesional con dignidad, y otros valores se mantienen inc\u00f3lumes sin variaciones\u201d. Seguidamente agreg\u00f3 \u201cla justa retribuci\u00f3n por el ejercicio profesional del abogado trasciende la esfera individual y familiar, para ubicarse en un plano social y cultural de especial relevancia. El abogado\/a, muchas veces, es jefe\/a de familia y requiere de medios patrimoniales para la subsistencia propia y la de su familia, pero tambi\u00e9n est\u00e1 ubicado social y culturalmente en un medio de elevada consideraci\u00f3n, por tanto, su profesi\u00f3n le presiona a proveerse de los recursos necesarios para alternar con sentimiento de igualdad, en un nivel, no de lujo, ni de ostentaci\u00f3n, sino en un grado de decoro m\u00ednimo que le exige su posici\u00f3n intelectual. El ejercicio liberal de la profesi\u00f3n, exige que se remuneren sus servicios de manera equitativa, pues, de otra manera, no podr\u00eda continuar con el mismo\u201d.<\/p>\n<p>Luego, sostuvo que \u201ccon el presente proyecto se trata de justipreciar y enaltecer el ejercicio liberal de la profesi\u00f3n en relaci\u00f3n a la magistratura. La profesi\u00f3n de abogado\/a requiere de una preparaci\u00f3n larga y costosa; con inversi\u00f3n de tiempo y dinero. Ello tiene un valor y ese valor se retribuye a trav\u00e9s del pago de los honorarios. El cobro de los honorarios por un servicio profesional prestado, proporciona al profesional de la abogac\u00eda una tranquilidad econ\u00f3mica que lo aleja de preocupaciones, que pudieran distraerlo de la profunda concentraci\u00f3n imprescindible para el desempe\u00f1o de una profesi\u00f3n plagada de dificultades t\u00e9cnicas y cient\u00edficas, cuando no, de peque\u00f1eces pr\u00e1cticas y de apasionadas tentaciones humanas. En este sentido, la ley que remunera el trabajo del abogado debe ser perfeccionada, con especial tratamiento de circunstancias que no exist\u00edan a la fecha de su entrada en vigencia o por la existencia de cuestiones dudosas o que han dado lugar a interpretaciones contrarias al esp\u00edritu de la ley y consecuentemente disvaliosas\u201d.<\/p>\n<p>En la oportunidad tambi\u00e9n hablaron y destacaron el trabajo en equipo las legisladoras Nancy Pic\u00f3n, Marcela Monti, Florencia Pe\u00f1aloza y el diputado Edgardo Sancassani.<\/p>\n<p><span style=\"color: #de62a0;\"><strong>Donaci\u00f3n de terreno para la Asociaci\u00f3n Civil Mamis Hockey San Juan<\/strong><\/span><\/p>\n<p>Despu\u00e9s, la Legislatura aprob\u00f3 otro proyecto de Ley remitido por la diputada Celina Ramella que tiene por objeto la donaci\u00f3n de un inmueble a favor de la Primera Agrupaci\u00f3n de Mamis Hockey San Juan.<\/p>\n<p>El terreno se encuentra ubicado en calle del Vivero s\/n, Departamento Rivadavia, con una superficie de tres hect\u00e1reas, cuatrocientos sesenta y siete con cuarenta y dos metros (3ha. 467,42m).<\/p>\n<p>Cabe se\u00f1alar que la presente donaci\u00f3n se efect\u00faa en los t\u00e9rminos de la Ley N\u00ba 672-A.<\/p>\n<p>Tambi\u00e9n, en este punto del orden del d\u00eda el titular del Poder Legislativo destac\u00f3 la presencia de la presidente de la Agrupaci\u00f3n de Mamis Hockey, Liliana Olivera y de los delegados y delegadas de la citada asociaci\u00f3n civil.<\/p>\n<p><span style=\"color: #de62a0;\"><strong>Imposici\u00f3n de nombres a escuelas<\/strong><\/span><\/p>\n<p>Por otro lado, los legisladores aprobaron cuatro proyectos de Ley presentados por el Poder Ejecutivo que proponen imponer los siguientes nombres a diferentes instituciones educativas ubicadas en los departamentos Rivadavia y Rawson.<\/p>\n<p>En primer lugar, el diputado Gast\u00f3n Berenguer fundament\u00f3 la propuesta de denominar Escuela Nivel Primario \u201cBandera Ciudadana\u201d a la escuela \u201cJuan Jos\u00e9 Castelli\u201d, turno tarde, departamento Rivadavia.<\/p>\n<p>Luego, el diputado Rub\u00e9n Carri\u00f3n habl\u00f3 como miembro informante del proyecto que propone nombrar Escuela \u201cGendarme Argentino\u201d a la escuela \u201cGeneral Mariano Bartolom\u00e9 Carreras\u201d, turno tarde, tambi\u00e9n del departamento Rivadavia.<\/p>\n<p>M\u00e1s tarde, el legislador Jos\u00e9 Luis Esteve inform\u00f3 los argumentos por los cuales se impone el nombre de \u201cMartha Graham\u201d al ENI N\u00ba 45 del departamento Rawson.<\/p>\n<p>Y, por \u00faltimo, el diputado Jorge Barifusa brind\u00f3 los fundamentos por los cuales se nombra Escuela de Nivel Inicial La Higuerita del Jard\u00edn a la Escuela de Nivel Inicial N\u00ba 62 del Departamento Rivadavia.<\/p>\n<p><span style=\"color: #de62a0;\"><strong>Convenio con la Administraci\u00f3n Nacional de Aviaci\u00f3n Civil<\/strong><\/span><\/p>\n<p>A su turno, la diputada Florencia Pe\u00f1aloza fundament\u00f3 el proyecto de Ley presentado por el Poder Ejecutivo que propone aprobar el Convenio de Cooperaci\u00f3n entre el Gobierno de la Provincia de San Juan, representado en ese acto por la ministra de Gobierno, Ana Fabiola Aubone y el Secretario de Estado de Seguridad y Orden P\u00fablico, Carlos Ariel Munisaga y la Administraci\u00f3n Nacional de Aviaci\u00f3n Civil (A.N.A.C.) representada por el Jefe de Aeropuerto San Juan, Marcelo Claudio Vill\u00e1n.<\/p>\n<p>El convenio result\u00f3 ratificado por la C\u00e1mara y tiene como objetivo asegurar la prestaci\u00f3n real y efectiva de recursos humanos, t\u00e9cnicos y materiales en salvaguarda de la vida y bienes en caso de siniestros de aeronaves sea indistintamente dentro o fuera del aeropuerto.<\/p>\n<p><span style=\"color: #de62a0;\"><strong>Plan Nacional de Seguridad Alimentaria Funcionamiento de Comedores Escolares<\/strong><\/span><\/p>\n<p>Luego, los legisladores aprobaron un proyecto de Ley remitido por el Poder Ejecutivo que propone ratificar el convenio de Ejecuci\u00f3n Plan Nacional Argentina Contra el Hambre Plan Nacional de Seguridad Alimentaria Funcionamiento de Comedores Escolares, suscripto el 6 de octubre de 2022, entre la Secretar\u00eda de Inclusi\u00f3n Social del Ministerio de Desarrollo Social de la Naci\u00f3n y el Ministerio de Desarrollo Humano y Promoci\u00f3n Social de la Provincia de San Juan.<\/p>\n<p>En la ocasi\u00f3n, el diputado Alfredo Ortiz explic\u00f3 los fundamentos de este punto del orden del d\u00eda y se\u00f1al\u00f3 que el acuerdo tiene por objeto financiar acciones tendientes a garantizar la Seguridad Alimentaria de personas en condiciones de vulnerabilidad social asistentes a comedores escolares de la Provincia de San Juan.<\/p>\n<p><span style=\"color: #de62a0;\"><strong>Convenio con la SEDRONAR<\/strong><\/span><\/p>\n<p>Adem\u00e1s, la C\u00e1mara de Diputados aprob\u00f3 el convenio Espec\u00edfico celebrado entre la Secretar\u00eda de Pol\u00edticas Integrales sobre Drogas de la Naci\u00f3n Argentina (SEDRONAR) y el Ministerio de Desarrollo Humano y Promoci\u00f3n Social de San Juan. En esta oportunidad explic\u00f3 la fundamentaci\u00f3n el diputado Federico Hensel.<\/p>\n<p>El legislador indic\u00f3 que el objeto de este asunto consiste en prestar asistencia financiera por la SEDRONAR para la ejecuci\u00f3n del Proyecto Observatorio Provincial de Consumo Problem\u00e1tico San Juan. Ello en el marco del Programa de Fortalecimiento de Observatorios Provinciales.<\/p>\n<p>Cabe recordar que SEDRONAR es el organismo responsable de elaborar pol\u00edticas y planificar estrategias, para el cuidado de las personas a trav\u00e9s de la atenci\u00f3n, la prevenci\u00f3n y la capacitaci\u00f3n en la materia de consumo y problem\u00e1tica de estupefacientes y sustancias psicoactivas.<\/p>\n<p><span style=\"color: #de62a0;\"><strong>Convenio con la Administraci\u00f3n Nacional de Laboratorios e Institutos de Salud<\/strong><\/span><\/p>\n<p>Por otra parte, la Legislatura ratific\u00f3 el Convenio Marco de Cooperaci\u00f3n firmado el 10 de febrero del 2023 entre el Ministerio de Salud P\u00fablica de la Provincia de San Juan, representado por la ministra, Alejandra Venerando, y la Administraci\u00f3n Nacional de Laboratorios e Institutos de Salud Dr. Carlos G. Malbr\u00e1n (ANLIS), representada por su titular, Pascual Armando Fidelio. El diputado Gustavo Rodr\u00edguez brind\u00f3 los argumentos de este punto del orden del d\u00eda.<\/p>\n<p>Durante su explicaci\u00f3n, inform\u00f3 que las partes de este acuerdo se comprometen a aunar esfuerzos para la realizaci\u00f3n de actividades conjuntas en temas de inter\u00e9s com\u00fan cuyo prop\u00f3sito se encauza en: a) la realizaci\u00f3n de estudios de investigaci\u00f3n, b) presentaci\u00f3n de asistencia t\u00e9cnica, c) apoyo para la capacitaci\u00f3n de recursos humanos, d) organizaci\u00f3n de cursos, seminarios, jornadas, el cual fue ratificado por el Poder Ejecutivo mediante Decreto y acompa\u00f1a la presente norma legal.<\/p>\n<p><span style=\"color: #de62a0;\"><strong>Resoluciones<\/strong><\/span><\/p>\n<p>Despu\u00e9s, los legisladores declararon de inter\u00e9s:<\/p>\n<ul>\n<li>Cultural, Cient\u00edfico y Educativo, el \u201cI Simposio Internacional de Estudios Medievales: Ficciones Pol\u00edticas en Edad Media y Modernidad Temprana\u201d, a realizarse el d\u00eda 26 y 27 de octubre del corriente a\u00f1o. (Diputado Andr\u00e9s Chanampa)<\/li>\n<li>Cient\u00edfico, Educativo, y Cultural, \u201cLa EXPOSALUD\u201d denominada Calidad de Vida 2023 \u201cPrimero la Salud\u201d, a realizarse los d\u00edas 2, 3, y 4 de noviembre en el Complejo Cultural y Deportivo La Superiora, departamento Rawson. (Diputado Andr\u00e9s Chanampa)<\/li>\n<li>Deportivo, cultural y social, la participaci\u00f3n de la Uni\u00f3n Judicial de San Juan en las Olimp\u00edadas Judiciales Nacionales de la Federaci\u00f3n Judicial Argentina (FJA), a realizarse los d\u00edas 22, 23 y 24 de septiembre en la provincia de Salta. (Diputada Celina Ramella)<\/li>\n<li>Cultural, Educativo, y Social la obra literaria \u201cAmor a la Carta\u201d escrita por el Sr. Gast\u00f3n Mart\u00edn Sisterna que narra una historia de amor y suspenso que se lleva a cabo a trav\u00e9s de un intercambio epistolar entre dos personas que viv\u00edan en Neuqu\u00e9n y Capital Federal, en la \u00e9poca de los 60. (Diputada Celina Ramella)<\/li>\n<li>Deportivo, educativo y social la \u00abSemana Americana del Deporte\u00bb, a desarrollarse desde el d\u00eda 22 de septiembre al 1 de octubre de 2023, en la provincia de San Juan.\u00a0(Diputada Celina Ramella)<\/li>\n<li>Social, educativo y sanitario, las 2\u00b0 Jornadas del Colegio de Instrumentadores Quir\u00fargicos de San Juan que se llevar\u00e1 a cabo el d\u00eda 29 de septiembre del corriente a\u00f1o en la sala Emar Acosta del anexo de la C\u00e1mara de Diputados de San Juan. (Diputado Gustavo Rodr\u00edguez)<\/li>\n<li>Educativo y cultural el \u201cEncuentro de coaches cuyanos, San Juan conecta\u201d, organizado por la AACOP a realizarse el d\u00eda 23 de septiembre del corriente a\u00f1o en la Bodega Vi\u00f1as de Segisa. (Diputado Andr\u00e9s Chanampa)<\/li>\n<li>Sanitario y educativo, el Encuentro \u00abXIII Encuentro Provincial de Agentes Sanitarios\u00bb, organizadas por la Divisi\u00f3n Atenci\u00f3n Primaria de la Salud, a llevarse a cabo en la Sala Eloy Camus y Plaza Seca de la provincia de San Juan, el 18 de octubre del corriente a\u00f1o, en forma presencial. (Diputada Marcela Monti)<\/li>\n<\/ul>\n<p><span style=\"color: #de62a0;\"><strong>Renuncia jueza de Paz Letrada<\/strong><\/span><\/p>\n<p>Por \u00faltimo, el cuerpo parlamentario otorg\u00f3 acuerdo, sobre tablas, al comunicado oficial presentado por el Poder Judicial mediante el cual comunica la renuncia de Mar\u00eda Alejandra del Milagro Dom\u00e1nico al cargo de jueza de Paz Letrada,\u00a0quien acceder\u00e1 a los beneficios jubilatorios correspondientes.<\/p>\n<figure id=\"attachment_37951\" aria-describedby=\"caption-attachment-37951\" style=\"width: 800px\" class=\"wp-caption alignnone\"><img loading=\"lazy\" decoding=\"async\" class=\"size-full wp-image-37951\" src=\"https:\/\/vocesparalelas.com.ar\/sitio\/wp-content\/uploads\/2021\/05\/CAMARA-EDIFICIO.jpg\" alt=\"\" width=\"800\" height=\"515\" srcset=\"https:\/\/vocesparalelas.com.ar\/sitio\/wp-content\/uploads\/2021\/05\/CAMARA-EDIFICIO.jpg 800w, https:\/\/vocesparalelas.com.ar\/sitio\/wp-content\/uploads\/2021\/05\/CAMARA-EDIFICIO-300x193.jpg 300w, https:\/\/vocesparalelas.com.ar\/sitio\/wp-content\/uploads\/2021\/05\/CAMARA-EDIFICIO-768x494.jpg 768w\" sizes=\"auto, (max-width: 800px) 100vw, 800px\" \/><figcaption id=\"caption-attachment-37951\" class=\"wp-caption-text\">Legislatura Provincial de San Juan<\/figcaption><\/figure>\n<\/div>\n","protected":false},"excerpt":{"rendered":"<p>La C\u00e1mara de Diputados aprob\u00f3 una nueva Ley que regula los honorarios de los profesionales de la Abogac\u00eda y se<\/p>\n","protected":false},"author":3,"featured_media":63672,"comment_status":"closed","ping_status":"closed","sticky":false,"template":"","format":"standard","meta":{"_acf_changed":false,"_seopress_robots_primary_cat":"none","_seopress_titles_title":"","_seopress_titles_desc":"","_seopress_robots_index":"","colormag_page_container_layout":"default_layout","colormag_page_sidebar_layout":"default_layout","footnotes":""},"categories":[1],"tags":[],"class_list":["post-63669","post","type-post","status-publish","format-standard","has-post-thumbnail","hentry","category-destacadas"],"acf":[],"_links":{"self":[{"href":"https:\/\/vocesparalelas.com.ar\/sitio\/wp-json\/wp\/v2\/posts\/63669","targetHints":{"allow":["GET"]}}],"collection":[{"href":"https:\/\/vocesparalelas.com.ar\/sitio\/wp-json\/wp\/v2\/posts"}],"about":[{"href":"https:\/\/vocesparalelas.com.ar\/sitio\/wp-json\/wp\/v2\/types\/post"}],"author":[{"embeddable":true,"href":"https:\/\/vocesparalelas.com.ar\/sitio\/wp-json\/wp\/v2\/users\/3"}],"replies":[{"embeddable":true,"href":"https:\/\/vocesparalelas.com.ar\/sitio\/wp-json\/wp\/v2\/comments?post=63669"}],"version-history":[{"count":1,"href":"https:\/\/vocesparalelas.com.ar\/sitio\/wp-json\/wp\/v2\/posts\/63669\/revisions"}],"predecessor-version":[{"id":63673,"href":"https:\/\/vocesparalelas.com.ar\/sitio\/wp-json\/wp\/v2\/posts\/63669\/revisions\/63673"}],"wp:featuredmedia":[{"embeddable":true,"href":"https:\/\/vocesparalelas.com.ar\/sitio\/wp-json\/wp\/v2\/media\/63672"}],"wp:attachment":[{"href":"https:\/\/vocesparalelas.com.ar\/sitio\/wp-json\/wp\/v2\/media?parent=63669"}],"wp:term":[{"taxonomy":"category","embeddable":true,"href":"https:\/\/vocesparalelas.com.ar\/sitio\/wp-json\/wp\/v2\/categories?post=63669"},{"taxonomy":"post_tag","embeddable":true,"href":"https:\/\/vocesparalelas.com.ar\/sitio\/wp-json\/wp\/v2\/tags?post=63669"}],"curies":[{"name":"wp","href":"https:\/\/api.w.org\/{rel}","templated":true}]}}