{"id":63635,"date":"2023-09-21T12:26:21","date_gmt":"2023-09-21T15:26:21","guid":{"rendered":"https:\/\/vocesparalelas.com.ar\/sitio\/?p=63635"},"modified":"2023-09-21T12:30:54","modified_gmt":"2023-09-21T15:30:54","slug":"firma-del-acta-complementaria-hacia-la-carrera-de-grado-de-medicina-en-la-eucs-de-la-unsj","status":"publish","type":"post","link":"https:\/\/vocesparalelas.com.ar\/sitio\/firma-del-acta-complementaria-hacia-la-carrera-de-grado-de-medicina-en-la-eucs-de-la-unsj\/","title":{"rendered":"Firma del acta complementaria hacia la Carrera de Grado de Medicina en la EUCS\u00a0 de la UNSJ"},"content":{"rendered":"<p>En virtud del Convenio Marco de Cooperaci\u00f3n entre el Gobierno de San Juan y la Universidad Nacional de San Juan que buscan la creaci\u00f3n de la Carrera de Grado de Medicina, para ampliar las requerimientos de la comunidad de San Juan en la Escuela Universitaria de Ciencias de la Salud &#8211; EUCS\u00a0 de la UNSJ, la firma de un acta complementaria suscripta por la ministra de Salud P\u00fablica del Gobierno de San Juan, Dra. Alejandra Venerando y el director de la EUCS de la UNSJ, Lic. \u00c1ngel Pinto.<\/p>\n<p><img loading=\"lazy\" decoding=\"async\" class=\"alignnone size-full wp-image-63639\" src=\"https:\/\/vocesparalelas.com.ar\/sitio\/wp-content\/uploads\/2023\/09\/UNSJ-ECUS-02.jpg\" alt=\"\" width=\"800\" height=\"530\" srcset=\"https:\/\/vocesparalelas.com.ar\/sitio\/wp-content\/uploads\/2023\/09\/UNSJ-ECUS-02.jpg 800w, https:\/\/vocesparalelas.com.ar\/sitio\/wp-content\/uploads\/2023\/09\/UNSJ-ECUS-02-300x199.jpg 300w, https:\/\/vocesparalelas.com.ar\/sitio\/wp-content\/uploads\/2023\/09\/UNSJ-ECUS-02-768x509.jpg 768w\" sizes=\"auto, (max-width: 800px) 100vw, 800px\" \/><\/p>\n<p><img loading=\"lazy\" decoding=\"async\" class=\"alignnone size-full wp-image-63638\" src=\"https:\/\/vocesparalelas.com.ar\/sitio\/wp-content\/uploads\/2023\/09\/UNSJ-ECUS-01.jpg\" alt=\"\" width=\"800\" height=\"530\" srcset=\"https:\/\/vocesparalelas.com.ar\/sitio\/wp-content\/uploads\/2023\/09\/UNSJ-ECUS-01.jpg 800w, https:\/\/vocesparalelas.com.ar\/sitio\/wp-content\/uploads\/2023\/09\/UNSJ-ECUS-01-300x199.jpg 300w, https:\/\/vocesparalelas.com.ar\/sitio\/wp-content\/uploads\/2023\/09\/UNSJ-ECUS-01-768x509.jpg 768w\" sizes=\"auto, (max-width: 800px) 100vw, 800px\" \/><\/p>\n<p>El acta acuerdo de asistencia y cooperaci\u00f3n prev\u00e9 la autorizaci\u00f3n por parte del Ministerio de Salud a los estudiantes de la EUCS de la UNSJ efectuar las actividades pr\u00e1cticas de las asignaturas de la carrera de grado de Medicina, exigidas en el actual plan de estudios en las dependencias del Ministerio de Salud P\u00fablica, as\u00ed como actividades de investigaci\u00f3n y capacitaci\u00f3n.<\/p>\n<p>En la oportunidad, la ministra de Salud P\u00fablica, Dra. Alejandra Venerando agradeci\u00f3 al licenciado \u00c1ngel Pinto quien estuvo en representaci\u00f3n del rector de la UNSJ, Ing. Tadeo Berenguer, y a todo el equipo de la Universidad, del Ministerio de Salud, encabezado por la doctora Alina Almaz\u00e1n, la doctora Ivana Videla, el doctor Jorge Gir\u00f3n, al Dr. Jorge Quiroga y por supuesto, quien es el asesor externo Dr.\u00a0 Pedro Silberman.<\/p>\n<p>\u201cConsidero que cuando se quiere que las situaciones salgan y se pone mucho empe\u00f1o, pasi\u00f3n, se dan. La formaci\u00f3n de profesionales es indudablemente una necesidad que no solamente tiene el Ministerio de Salud sino que en definitiva la sociedad tambi\u00e9n lo solicita\u201d.<\/p>\n<p>\u201cEsta carrera les va a permitir poder efectivizar su vocaci\u00f3n de servicio. Tenerlos en una universidad p\u00fablica habla de la igualdad de oportunidades y de la equidad. As\u00ed es que estamos m\u00e1s que orgullosos\u201d &#8211; puntualiz\u00f3 la Dra. Venerando.<\/p>\n<p>Por su parte, el Lic. \u00c1ngel Pinto se\u00f1al\u00f3 que \u201cdesde que empezamos a trabajar lo hemos hecho muy armoniosamente. Trabajamos articuladamente, con mucha confianza, nos conocemos desde hace mucho as\u00ed que eso nos ha favorecido y por eso hemos empezado a crecer\u201d.<\/p>\n<p>\u201cHemos trabajado en los ambientes universitarios, con los consejeros, para que nos ayuden a que esto sea una realidad, porque no es tan f\u00e1cil hacer el plan y despu\u00e9s esperar que lo aprueben, hay que hablar con todos para buscar espacios de apoyo. Gracias a esa coordinaci\u00f3n tenemos esta carrera y por eso quiero agradecer al equipo que est\u00e1 trabajando desde la Escuela Universitaria de Ciencias de Salud, al equipo del Ministerio, y al asesoramiento externo de dos universidades para hacer esto posible\u201d.<\/p>\n<p>\u201cConvocamos a la Universidad del Sur, que es de Bah\u00eda Blanca, provincia de Buenos y a la Universidad de R\u00edo Negro, y actualmente estamos trabajando articuladamente con ellos en coordinaci\u00f3n con el rectorado. Ha sido un gusto trabajar con ellos porque nos han ayudado a que esto se haga una realidad. En esta oportunidad nos acompa\u00f1a el Dr. Pedro Silbermann, de la Universidad Nacional del Sur, quien nos ha apoyado y brindado toda la experiencia desde su perfil tan calificado\u201d &#8211; subray\u00f3 el Lic. \u00c1ngel Pinto.<\/p>\n<p>Asimismo, en la jornada de hoy se llev\u00f3 adelante en el las instalaciones del Ministerio de Salud una charla informativa destinada a los profesionales de la salud sobre el formato innovador de la Carrera de grado de Medicina recientemente creada en la UNSJ, el rol de los m\u00e9dicos y servicios, y la capacitaci\u00f3n docente para este tipo de curr\u00edculas.<\/p>\n<p>La exposici\u00f3n estuvo a cargo del Dr. Pedro Silberman, profesor de medicina de la Universidad Nacional del Sur &#8211; UNS -, ex decano de medicina UNS y coordinador del equipo asesor de la Comisi\u00f3n de creaci\u00f3n de la carrera grado de Medicina de la EUCS de la UNSJ.<\/p>\n<p>Estuvieron presentes por la UNSJ, adem\u00e1s de docentes de la EUCS, el Lic. \u00c1ngel Pinto; Lic. Oscar Quintero; Lic. Ana Pizarro; Dra. Ana Naranjo; Dr. Sebasti\u00e1n Molina. Y por el Ministerio de Salud P\u00fablica, el director de regulaci\u00f3n y control, Dr. Jorge Quiroga; el director del Hospital Rawson, Dr. Jorge Gir\u00f3n y la jefa de Talento humano de la Secretaria de Planificaci\u00f3n, Dra. Ivana Videla.<\/p>\n<p><img loading=\"lazy\" decoding=\"async\" class=\"alignnone size-large wp-image-63641\" src=\"https:\/\/vocesparalelas.com.ar\/sitio\/wp-content\/uploads\/2023\/09\/UNSJ-ECUS-04-800x530.jpg\" alt=\"\" width=\"800\" height=\"530\" srcset=\"https:\/\/vocesparalelas.com.ar\/sitio\/wp-content\/uploads\/2023\/09\/UNSJ-ECUS-04-800x530.jpg 800w, https:\/\/vocesparalelas.com.ar\/sitio\/wp-content\/uploads\/2023\/09\/UNSJ-ECUS-04-300x199.jpg 300w, https:\/\/vocesparalelas.com.ar\/sitio\/wp-content\/uploads\/2023\/09\/UNSJ-ECUS-04-768x509.jpg 768w, https:\/\/vocesparalelas.com.ar\/sitio\/wp-content\/uploads\/2023\/09\/UNSJ-ECUS-04.jpg 1024w\" sizes=\"auto, (max-width: 800px) 100vw, 800px\" \/><\/p>\n<p><img loading=\"lazy\" decoding=\"async\" class=\"alignnone size-full wp-image-53945\" src=\"https:\/\/vocesparalelas.com.ar\/sitio\/wp-content\/uploads\/2022\/10\/UNSJ-LOGO-50-FINAL.jpg\" alt=\"\" width=\"800\" height=\"476\" srcset=\"https:\/\/vocesparalelas.com.ar\/sitio\/wp-content\/uploads\/2022\/10\/UNSJ-LOGO-50-FINAL.jpg 800w, https:\/\/vocesparalelas.com.ar\/sitio\/wp-content\/uploads\/2022\/10\/UNSJ-LOGO-50-FINAL-300x179.jpg 300w, https:\/\/vocesparalelas.com.ar\/sitio\/wp-content\/uploads\/2022\/10\/UNSJ-LOGO-50-FINAL-768x457.jpg 768w\" sizes=\"auto, (max-width: 800px) 100vw, 800px\" \/> <img loading=\"lazy\" decoding=\"async\" class=\"alignnone size-full wp-image-54035\" src=\"https:\/\/vocesparalelas.com.ar\/sitio\/wp-content\/uploads\/2022\/11\/UNSJ-LOGO-10.jpg\" alt=\"\" width=\"800\" height=\"533\" srcset=\"https:\/\/vocesparalelas.com.ar\/sitio\/wp-content\/uploads\/2022\/11\/UNSJ-LOGO-10.jpg 800w, https:\/\/vocesparalelas.com.ar\/sitio\/wp-content\/uploads\/2022\/11\/UNSJ-LOGO-10-300x200.jpg 300w, https:\/\/vocesparalelas.com.ar\/sitio\/wp-content\/uploads\/2022\/11\/UNSJ-LOGO-10-768x512.jpg 768w\" sizes=\"auto, (max-width: 800px) 100vw, 800px\" \/><\/p>\n","protected":false},"excerpt":{"rendered":"<p>En virtud del Convenio Marco de Cooperaci\u00f3n entre el Gobierno de San Juan y la Universidad Nacional de San Juan<\/p>\n","protected":false},"author":3,"featured_media":63640,"comment_status":"closed","ping_status":"closed","sticky":false,"template":"","format":"standard","meta":{"_acf_changed":false,"_seopress_robots_primary_cat":"none","_seopress_titles_title":"","_seopress_titles_desc":"","_seopress_robots_index":"","colormag_page_container_layout":"default_layout","colormag_page_sidebar_layout":"default_layout","footnotes":""},"categories":[1],"tags":[],"class_list":["post-63635","post","type-post","status-publish","format-standard","has-post-thumbnail","hentry","category-destacadas"],"acf":[],"_links":{"self":[{"href":"https:\/\/vocesparalelas.com.ar\/sitio\/wp-json\/wp\/v2\/posts\/63635","targetHints":{"allow":["GET"]}}],"collection":[{"href":"https:\/\/vocesparalelas.com.ar\/sitio\/wp-json\/wp\/v2\/posts"}],"about":[{"href":"https:\/\/vocesparalelas.com.ar\/sitio\/wp-json\/wp\/v2\/types\/post"}],"author":[{"embeddable":true,"href":"https:\/\/vocesparalelas.com.ar\/sitio\/wp-json\/wp\/v2\/users\/3"}],"replies":[{"embeddable":true,"href":"https:\/\/vocesparalelas.com.ar\/sitio\/wp-json\/wp\/v2\/comments?post=63635"}],"version-history":[{"count":1,"href":"https:\/\/vocesparalelas.com.ar\/sitio\/wp-json\/wp\/v2\/posts\/63635\/revisions"}],"predecessor-version":[{"id":63642,"href":"https:\/\/vocesparalelas.com.ar\/sitio\/wp-json\/wp\/v2\/posts\/63635\/revisions\/63642"}],"wp:featuredmedia":[{"embeddable":true,"href":"https:\/\/vocesparalelas.com.ar\/sitio\/wp-json\/wp\/v2\/media\/63640"}],"wp:attachment":[{"href":"https:\/\/vocesparalelas.com.ar\/sitio\/wp-json\/wp\/v2\/media?parent=63635"}],"wp:term":[{"taxonomy":"category","embeddable":true,"href":"https:\/\/vocesparalelas.com.ar\/sitio\/wp-json\/wp\/v2\/categories?post=63635"},{"taxonomy":"post_tag","embeddable":true,"href":"https:\/\/vocesparalelas.com.ar\/sitio\/wp-json\/wp\/v2\/tags?post=63635"}],"curies":[{"name":"wp","href":"https:\/\/api.w.org\/{rel}","templated":true}]}}