{"id":63625,"date":"2023-09-21T11:11:56","date_gmt":"2023-09-21T14:11:56","guid":{"rendered":"https:\/\/vocesparalelas.com.ar\/sitio\/?p=63625"},"modified":"2023-09-27T22:13:14","modified_gmt":"2023-09-28T01:13:14","slug":"deben-presentar-factura-septiembre-2023-y-firmar-adenda-los-contratados-de-servicios-generales-y-personal-administrativo-de-educacion-de-san-juan","status":"publish","type":"post","link":"https:\/\/vocesparalelas.com.ar\/sitio\/deben-presentar-factura-septiembre-2023-y-firmar-adenda-los-contratados-de-servicios-generales-y-personal-administrativo-de-educacion-de-san-juan\/","title":{"rendered":"Deben presentar factura \u00abSeptiembre 2023\u00bb y firmar Adenda los Contratados de Servicios Generales y personal administrativo de Educaci\u00f3n de San Juan"},"content":{"rendered":"<p>El Ministerio de Educaci\u00f3n del Gobierno de San Juan informa a las personas que poseen contratos administrativos y de Servicios Generales que deben presentar la factura electr\u00f3nica correspondiente a septiembre 2023 a su directivo para que sea firmada y sellada al dorso. La factura puede realizarse a partir del 20 de septiembre y tienen que\u00a0 presentarla personalmente cada agente, para que en ese momento adem\u00e1s firmen la Adenda del aumento . Tienen que acudir con el DNI a la Isla del Ministerio de Educaci\u00f3n, en la planta baja del Centro C\u00edvico.<\/p>\n<p><span style=\"color: #ff6600;\"><strong>El cronograma para porteros es el siguiente<\/strong><\/span><\/p>\n<p><img loading=\"lazy\" decoding=\"async\" class=\"alignnone size-full wp-image-63628\" src=\"https:\/\/vocesparalelas.com.ar\/sitio\/wp-content\/uploads\/2023\/09\/CONTRATADOS-SEPTIEMBRE-2023.jpg\" alt=\"\" width=\"800\" height=\"229\" srcset=\"https:\/\/vocesparalelas.com.ar\/sitio\/wp-content\/uploads\/2023\/09\/CONTRATADOS-SEPTIEMBRE-2023.jpg 800w, https:\/\/vocesparalelas.com.ar\/sitio\/wp-content\/uploads\/2023\/09\/CONTRATADOS-SEPTIEMBRE-2023-300x86.jpg 300w, https:\/\/vocesparalelas.com.ar\/sitio\/wp-content\/uploads\/2023\/09\/CONTRATADOS-SEPTIEMBRE-2023-768x220.jpg 768w\" sizes=\"auto, (max-width: 800px) 100vw, 800px\" \/><\/p>\n<p><span style=\"color: #ff6600;\"><strong>Zonas Alejadas<\/strong><\/span><\/p>\n<p>Las personas contratadas que viven en los departamentos Calingasta, Iglesia, J\u00e1chal y Valle F\u00e9rtil deben entregar la factura electr\u00f3nica impresa a su director. El director debe presentarlas dentro de un sobre en su Unidad de Gesti\u00f3n.<\/p>\n<p><strong>FACTURAS DEBER\u00c1N SER ELECTR\u00d3NICAS Y CONFECCIONADAS DE LA SIGUIENTE MANERA:<\/strong><\/p>\n<p><strong>Factura de septiembre 2023<\/strong><\/p>\n<p><strong>FECHA DE EMISI\u00d3N<\/strong>: 29\/09\/2023<\/p>\n<p><strong>PERIODO FACTURADO:<\/strong>\u00a0DESDE EL 01\/09\/2023 HASTA EL 30\/09\/2023.<\/p>\n<p><strong>VENCIMIENTO:<\/strong>\u00a031\/10\/2023<\/p>\n<p><strong>CUIT GOBIERNO DE LA PROVINCIA:<\/strong>\u00a030-99901516-2<\/p>\n<p><strong>CONDICI\u00d3N FRENTE AL IVA:<\/strong>\u00a0IVA SUJETO EXENTO<\/p>\n<p><strong>CONDICI\u00d3N DE VENTA:<\/strong>\u00a0OTRA<\/p>\n<p><strong>DETALLE:<\/strong>\u00a0Pago de honorarios por Contrato Administrativo de Servicio de Colaboraci\u00f3n de septiembre de 2023.-<\/p>\n<p><strong>MONTO A FACTURAR:<\/strong>\u00a0(PARA PORTEROS): $120.000,00.-<\/p>\n<p><strong>CONFORMACI\u00d3N DE FACTURA:<\/strong>\u00a0Al Dorso de la factura (en la parte de atr\u00e1s) deber\u00e1 colocar lo siguiente:<\/p>\n<p>ART\u00cdCULOS 6\u00b0 Y 11\u00ba LEY N\u00ba 793-A. CL\u00c1USULA CUARTA DEL CONTRATO ADMINISTRATIVO DE SERVICIOS DE COLABORACI\u00d3N\u201d.<\/p>\n<p>SAN JUAN, 29\/09\/2023.<\/p>\n<p>Firma y sello del directivo<\/p>\n<p><strong>Presentaci\u00f3n de Seguro<\/strong>: constancia de pago de septiembre 2023. Fotocopia legible con datos del asegurado (nombre y apellido), legalizada en el frente por el directivo. En caso de presentar el comprobante de pago emitido por el seguro, el mismo debe tener fecha de septiembre 2023. Sin excepci\u00f3n<\/p>\n<p><strong>ADMINISTRATIVOS:<\/strong> Presentar la factura en la Oficina de Personal Administrativo con el monto correspondiente a cada contrato, los d\u00edas 25, 26 y 27 de septiembre de 2023, de 07:30 a 13:30 hs.<\/p>\n<p>&nbsp;<\/p>\n","protected":false},"excerpt":{"rendered":"<p>El Ministerio de Educaci\u00f3n del Gobierno de San Juan informa a las personas que poseen contratos administrativos y de Servicios<\/p>\n","protected":false},"author":3,"featured_media":37957,"comment_status":"closed","ping_status":"closed","sticky":false,"template":"","format":"standard","meta":{"_acf_changed":false,"_seopress_robots_primary_cat":"none","_seopress_titles_title":"","_seopress_titles_desc":"","_seopress_robots_index":"","colormag_page_container_layout":"default_layout","colormag_page_sidebar_layout":"default_layout","footnotes":""},"categories":[2,1],"tags":[],"class_list":["post-63625","post","type-post","status-publish","format-standard","has-post-thumbnail","hentry","category-convocatorias","category-destacadas"],"acf":[],"_links":{"self":[{"href":"https:\/\/vocesparalelas.com.ar\/sitio\/wp-json\/wp\/v2\/posts\/63625","targetHints":{"allow":["GET"]}}],"collection":[{"href":"https:\/\/vocesparalelas.com.ar\/sitio\/wp-json\/wp\/v2\/posts"}],"about":[{"href":"https:\/\/vocesparalelas.com.ar\/sitio\/wp-json\/wp\/v2\/types\/post"}],"author":[{"embeddable":true,"href":"https:\/\/vocesparalelas.com.ar\/sitio\/wp-json\/wp\/v2\/users\/3"}],"replies":[{"embeddable":true,"href":"https:\/\/vocesparalelas.com.ar\/sitio\/wp-json\/wp\/v2\/comments?post=63625"}],"version-history":[{"count":2,"href":"https:\/\/vocesparalelas.com.ar\/sitio\/wp-json\/wp\/v2\/posts\/63625\/revisions"}],"predecessor-version":[{"id":63872,"href":"https:\/\/vocesparalelas.com.ar\/sitio\/wp-json\/wp\/v2\/posts\/63625\/revisions\/63872"}],"wp:featuredmedia":[{"embeddable":true,"href":"https:\/\/vocesparalelas.com.ar\/sitio\/wp-json\/wp\/v2\/media\/37957"}],"wp:attachment":[{"href":"https:\/\/vocesparalelas.com.ar\/sitio\/wp-json\/wp\/v2\/media?parent=63625"}],"wp:term":[{"taxonomy":"category","embeddable":true,"href":"https:\/\/vocesparalelas.com.ar\/sitio\/wp-json\/wp\/v2\/categories?post=63625"},{"taxonomy":"post_tag","embeddable":true,"href":"https:\/\/vocesparalelas.com.ar\/sitio\/wp-json\/wp\/v2\/tags?post=63625"}],"curies":[{"name":"wp","href":"https:\/\/api.w.org\/{rel}","templated":true}]}}