{"id":63575,"date":"2023-09-19T21:27:34","date_gmt":"2023-09-20T00:27:34","guid":{"rendered":"https:\/\/vocesparalelas.com.ar\/sitio\/?p=63575"},"modified":"2023-09-20T18:40:48","modified_gmt":"2023-09-20T21:40:48","slug":"2o-concurso-de-platos-con-esparragos-en-san-juan","status":"publish","type":"post","link":"https:\/\/vocesparalelas.com.ar\/sitio\/2o-concurso-de-platos-con-esparragos-en-san-juan\/","title":{"rendered":"2\u00ba Concurso de Platos con Esp\u00e1rragos en San Juan"},"content":{"rendered":"<p>En el marco de la Fiesta del Esp\u00e1rrago y el Alcaucil que se realiza el Domingo, 24 de Septiembre, en la Plaza Bola\u00f1os del M\u00e9dano de Oro, Ram\u00f3n Franco y 20 de Junio, Departamento Rawson, se realiza el 2\u00ba Concurso de Platos con Esp\u00e1rragos a las 16 hs. Cabe destacar que el esp\u00e1rrago es un alimento que posee un sello de calidad a trav\u00e9s de su Denominaci\u00f3n de Origen.<\/p>\n<p>Para inscribirse en el Concurso de Platos con Esp\u00e1rragos, es necesario completar el\u00a0formulario de inscripci\u00f3n<\/p>\n<p><a href=\"http:\/\/bit.ly\/ConcursoPlatosConEsparragos\">http:\/\/bit.ly\/ConcursoPlatosConEsparragos<\/a><\/p>\n<p>hasta el Jueves, 21 de Septiembre, a las 23:59 hs. El cupo m\u00e1ximo por categor\u00eda es de 15 participantes.<\/p>\n<p>Los participantes pueden presentar preparaciones fr\u00edas o calientes en las categor\u00edas de entrada, plato principal, bocadillo o conserva, donde el Esp\u00e1rrago de M\u00e9dano de Oro D.O. sea el ingrediente principal y estelar. Tambi\u00e9n se valora que el plato refleje las ra\u00edces gastron\u00f3micas de la regi\u00f3n, rescatando sus valores y t\u00e9cnicas culinarias tradicionales, al mismo tiempo que proporcione una experiencia sensorial \u00fanica.<\/p>\n<p>El prop\u00f3sito del mismo es resaltar y celebrar el patrimonio culinario relacionado con el esp\u00e1rrago, tanto en la localidad de M\u00e9dano de Oro como en la provincia de San Juan. En este sentido, buscar\u00e1 promover el conocimiento, el consumo y el uso estacional de este producto en las mesas de los sanjuaninos.<\/p>\n<p><strong><span style=\"color: #ff6600;\">Categor\u00edas<\/span><\/strong><\/p>\n<ul>\n<li>Amateur &#8211; P\u00fablico en General, en el que pueden participar todas las personas que deseen mostrar los platos y recetas con esp\u00e1rragos. La participaci\u00f3n es de car\u00e1cter individual y del total de participantes evaluados se elegir\u00e1n las tres mejores preparaciones, clasific\u00e1ndolas en primer, segundo y tercer puesto.<\/li>\n<li>Profesionales pueden inscribirse las personas que cuenten con estudios avanzados o finalizados en cocina o gastronom\u00eda, o que se desempe\u00f1en profesionalmente en restaurantes, confiter\u00edas y servicios de alimentos y bebidas. La participaci\u00f3n es de car\u00e1cter individual. Del total de participantes evaluados, se eligen las tres mejores preparaciones, clasific\u00e1ndolas en primer, segundo y tercer puesto.<\/li>\n<\/ul>\n<p>Las entidades organizadoras son el Ministerio de Turismo y Cultura, el Ministerio de Producci\u00f3n y Desarrollo Econ\u00f3mico del Gobierno de San Juan, la municipalidad de Rawson, la Asociaci\u00f3n de Esparragueros Unidos de M\u00e9dano de Oro, la Asociaci\u00f3n de Artesanos y Productores de M\u00e9dano de Oro, la Uni\u00f3n Vecinal Rural M\u00e9dano de Oro, Biblioteca Jos\u00e9 Manuel Estrada, el Club Sportivo Central Argentino, la Facultad de Ciencias Qu\u00edmicas y Tecnol\u00f3gicas de la Universidad Cat\u00f3lica de Cuyo y la Asociaci\u00f3n Empresarial Hotelera Gastron\u00f3mica.<\/p>\n<p>Es importante mencionar que la foto de los ganadores con sus creaciones y la receta se publica en las redes sociales de los organizadores, y pueden ser replicada en un recetario para promoci\u00f3n del consumo de esp\u00e1rrago y para disfrute de familias y turistas.<\/p>\n<p><span style=\"color: #ff6600;\"><b>Trabajo en conjunto<\/b><\/span><\/p>\n<p>El Ministerio de Turismo y Cultura del Gobierno de San Juan fue el nexo de vinculaci\u00f3n entre la Asociaci\u00f3n Empresarial Hotelera Gastron\u00f3mica y la Asociaci\u00f3n de Esparragueros Unidos del M\u00e9dano de Oro, est\u00e1 \u00faltima instituci\u00f3n propuso dicha acci\u00f3n y proporcion\u00f3 los esp\u00e1rragos frescos.<\/p>\n<p>Es por ello que 12 restaurantes de la Asociaci\u00f3n Empresarial Hotelera Gastron\u00f3mica se adhieren a la acci\u00f3n de fomentar el consumo de esp\u00e1rragos entre sus comensales. Para ello, durante el S\u00e1bado, 23 y el Domingo, 24 de Septiembre, incluyen en sus cartas diferentes entradas, guarniciones y platos principales con esp\u00e1rragos del M\u00e9dano de Oro.<\/p>\n","protected":false},"excerpt":{"rendered":"<p>En el marco de la Fiesta del Esp\u00e1rrago y el Alcaucil que se realiza el Domingo, 24 de Septiembre, en<\/p>\n","protected":false},"author":3,"featured_media":63578,"comment_status":"closed","ping_status":"closed","sticky":false,"template":"","format":"standard","meta":{"_acf_changed":false,"_seopress_robots_primary_cat":"none","_seopress_titles_title":"","_seopress_titles_desc":"","_seopress_robots_index":"","colormag_page_container_layout":"default_layout","colormag_page_sidebar_layout":"default_layout","footnotes":""},"categories":[8],"tags":[],"class_list":["post-63575","post","type-post","status-publish","format-standard","has-post-thumbnail","hentry","category-concursos"],"acf":[],"_links":{"self":[{"href":"https:\/\/vocesparalelas.com.ar\/sitio\/wp-json\/wp\/v2\/posts\/63575","targetHints":{"allow":["GET"]}}],"collection":[{"href":"https:\/\/vocesparalelas.com.ar\/sitio\/wp-json\/wp\/v2\/posts"}],"about":[{"href":"https:\/\/vocesparalelas.com.ar\/sitio\/wp-json\/wp\/v2\/types\/post"}],"author":[{"embeddable":true,"href":"https:\/\/vocesparalelas.com.ar\/sitio\/wp-json\/wp\/v2\/users\/3"}],"replies":[{"embeddable":true,"href":"https:\/\/vocesparalelas.com.ar\/sitio\/wp-json\/wp\/v2\/comments?post=63575"}],"version-history":[{"count":1,"href":"https:\/\/vocesparalelas.com.ar\/sitio\/wp-json\/wp\/v2\/posts\/63575\/revisions"}],"predecessor-version":[{"id":63579,"href":"https:\/\/vocesparalelas.com.ar\/sitio\/wp-json\/wp\/v2\/posts\/63575\/revisions\/63579"}],"wp:featuredmedia":[{"embeddable":true,"href":"https:\/\/vocesparalelas.com.ar\/sitio\/wp-json\/wp\/v2\/media\/63578"}],"wp:attachment":[{"href":"https:\/\/vocesparalelas.com.ar\/sitio\/wp-json\/wp\/v2\/media?parent=63575"}],"wp:term":[{"taxonomy":"category","embeddable":true,"href":"https:\/\/vocesparalelas.com.ar\/sitio\/wp-json\/wp\/v2\/categories?post=63575"},{"taxonomy":"post_tag","embeddable":true,"href":"https:\/\/vocesparalelas.com.ar\/sitio\/wp-json\/wp\/v2\/tags?post=63575"}],"curies":[{"name":"wp","href":"https:\/\/api.w.org\/{rel}","templated":true}]}}