{"id":63443,"date":"2023-09-14T21:12:18","date_gmt":"2023-09-15T00:12:18","guid":{"rendered":"https:\/\/vocesparalelas.com.ar\/sitio\/?p=63443"},"modified":"2023-09-14T23:31:20","modified_gmt":"2023-09-15T02:31:20","slug":"se-fortalece-la-comision-de-dialogo-politico-entre-chile-y-argentina-con-grandes-cambios","status":"publish","type":"post","link":"https:\/\/vocesparalelas.com.ar\/sitio\/se-fortalece-la-comision-de-dialogo-politico-entre-chile-y-argentina-con-grandes-cambios\/","title":{"rendered":"Se fortalece la Comisi\u00f3n de Di\u00e1logo Pol\u00edtico entre Chile y Argentina con grandes cambios"},"content":{"rendered":"<div class=\"itemFullText jbintrotext\">\n<p>La comisi\u00f3n de Di\u00e1logo Pol\u00edtico- Paso de Agua Negra, llev\u00f3 a cabo una reuni\u00f3n virtual en la cual se produjo el cambio de autoridades que la encabezan. En la ocasi\u00f3n, asumi\u00f3 a la presidencia el diputado Juan Carlos Abarca, quien antes ocupaba la vicepresidencia. Participaron el legislador Eduardo Cabello, y las diputadas Marcela Monti y Fernanda Paredes.<\/p>\n<\/div>\n<div class=\"itemFullText\">\n<p>Asimismo, el legislador Abarca, realiz\u00f3 la propuesta de incorporar a la Comisi\u00f3n de Di\u00e1logo Pol\u00edtico a la diputada Fernanda Paredes, en la subcomisi\u00f3n de G\u00e9nero y Diversidad; y al diputado Eduardo Cabello en la subcomisi\u00f3n de Fomento Productivo. Mociones que fueron aprobadas por unanimidad.<\/p>\n<p>Por su parte, el consejero Regional Wladimir Pleticosic dej\u00f3 el cargo de presidente para cumplir funciones de vicepresidente, de acuerdo a lo establecido en el art\u00edculo 2 del Reglamento Interno.<\/p>\n<p>Cabe se\u00f1alar que previo al cambio, Wladimir brind\u00f3 el informe de gesti\u00f3n 2023 y dio a conocer la agenda para el 2024. Asimismo, elev\u00f3 la propuesta de incluir a un consejero regional de la provincia de Choapa a la comisi\u00f3n de Di\u00e1logo Pol\u00edtico, la cual tambi\u00e9n fue aprobada.<\/p>\n<p>Durante el encuentro virtual el legislador Juan Carlos Abarca expres\u00f3 que \u201cestrechar los v\u00ednculos que se han entrelazado entre Argentina y Chile es lo mejor que nos puede pasar\u201d. Seguidamente, invit\u00f3 a los consejeros a participar de los actos conmemorativos de los cuarenta a\u00f1os de Democracia en Argentina, a realizarse en San Juan desde el 28 al 31 de octubre.<\/p>\n<p>Tras pasar a formar parte de la Comisi\u00f3n de Di\u00e1logo Pol\u00edtico, la diputada Fernanda Paredes expres\u00f3 \u201cdebo agradecer la consideraci\u00f3n que han tenido conmigo permiti\u00e9ndome ingresar a la Comisi\u00f3n. Me siento honrada de participar y m\u00e1s a\u00fan de ser integrada a la subcomisi\u00f3n de G\u00e9nero y Diversidad. Estoy a disposici\u00f3n para que podamos enriquecernos mutuamente, compartir experiencias desde el punto de vista legislativo, pol\u00edtico, que hemos tenido dentro de la provincia de San Juan. Durante la gesti\u00f3n de nuestro gobernador Sergio U\u00f1ac hemos sancionado leyes muy importantes en materia de g\u00e9nero y diversidades. Creo que estas experiencias del proceso, de c\u00f3mo hemos logrado llevar adelante un programa, la sanci\u00f3n de una ley, las podemos compartir. Puedo brindar mi contacto para que tengamos una comunicaci\u00f3n m\u00e1s directa. Entiendo que la igualdad de g\u00e9nero es un derecho humano fundamental pero que adem\u00e1s es muy importante para que una sociedad sea pac\u00edfica, pueda progresar. El empoderamiento de las mujeres permite productividad y crecimiento econ\u00f3mico\u201d.<\/p>\n<p>A su turno, el legislador Eduardo Cabello sostuvo que \u201ces un orgullo poder participar en esta comisi\u00f3n. Tenemos muchas cosas en com\u00fan y vamos a poder plasmarlas en cada encuentro. Tambi\u00e9n quiero agradecer por la oportunidad de poder ingresar. Estamos a disposici\u00f3n, desde la parte donde a m\u00ed me toca que es la productividad y proyectos que se puedan dar con respecto a c\u00f3mo se puede desarrollar nuestras provincias, vamos a estar trabajando intensamente en cada reuni\u00f3n\u201d.<\/p>\n<p>Tambi\u00e9n, habl\u00f3 la diputada Marcela Monti quien expres\u00f3 \u201cla verdad que ha sido un gusto todo este tiempo haber compartido esta relaci\u00f3n tan estrecha con ustedes, de poder intercambiar posiciones y el trabajo que cada uno ha hecho en sus respectivos territorios. Como dijo Fernanda a disposici\u00f3n para compartir todo aquello que les pueda servir a ustedes para un crecimiento igual que nosotros dispuestos a escuchar las experiencias que tambi\u00e9n nos puede servir a nosotros\u201d.<\/p>\n<p>Por otro lado, la consejera Regional, Tatiana Castillo, agradeci\u00f3 la amplitud que se est\u00e1 haciendo en la Comisi\u00f3n y se\u00f1al\u00f3 \u201cla buena voluntad que han tenido y la buena aceptaci\u00f3n, as\u00ed como el a\u00f1o pasado sumamos un integrante m\u00e1s que fue el caso de Ximena y ustedes ahora nos solicitan incorporar a m\u00e1s miembros, esto es fant\u00e1stico. Ambos pa\u00edses vamos a quedar con cinco miembros, muy equilibrado, me encanta que sigan entrando mujeres y mantener los temas de inter\u00e9s en lo pol\u00edtico, econ\u00f3mico, social\u201d.<\/p>\n<p>Luego, la consejera Ximena Ampuero dijo que \u201cestoy muy contenta de poder participar con todos ustedes en especial en esta subcomisi\u00f3n que tanto me gusta de G\u00e9nero y Diversidad. Tengo muchas propuestas que hacerles y espero que podamos materializarlas\u201d.<\/p>\n<p>Por \u00faltimo, el diputado Juan Carlos Abarca agradeci\u00f3 a Wladimir todo su aporte desde la presidencia y destac\u00f3 el acompa\u00f1amiento de los consejeros y, posteriormente manifest\u00f3 \u201ccreo que el que te hayan dado la confianza para que seas el presidente durante todo este per\u00edodo y que te hayan votado todos los consejeros en su momento cuando nosotros estuvimos all\u00e1, habla de una gran participaci\u00f3n. Uno no puede hacer nada solo, siempre tenemos que tratar de trabajar en conjunto con los dem\u00e1s. Creo te has rodeado de consejeros que tienen mucha capacidad, tienen un gran equipo. Felicitaciones a cada uno por la predisposici\u00f3n\u201d.<\/p>\n<figure id=\"attachment_37951\" aria-describedby=\"caption-attachment-37951\" style=\"width: 800px\" class=\"wp-caption alignnone\"><img loading=\"lazy\" decoding=\"async\" class=\"size-full wp-image-37951\" src=\"https:\/\/vocesparalelas.com.ar\/sitio\/wp-content\/uploads\/2021\/05\/CAMARA-EDIFICIO.jpg\" alt=\"\" width=\"800\" height=\"515\" srcset=\"https:\/\/vocesparalelas.com.ar\/sitio\/wp-content\/uploads\/2021\/05\/CAMARA-EDIFICIO.jpg 800w, https:\/\/vocesparalelas.com.ar\/sitio\/wp-content\/uploads\/2021\/05\/CAMARA-EDIFICIO-300x193.jpg 300w, https:\/\/vocesparalelas.com.ar\/sitio\/wp-content\/uploads\/2021\/05\/CAMARA-EDIFICIO-768x494.jpg 768w\" sizes=\"auto, (max-width: 800px) 100vw, 800px\" \/><figcaption id=\"caption-attachment-37951\" class=\"wp-caption-text\">Legislatura Provincial de San Juan<\/figcaption><\/figure>\n<\/div>\n","protected":false},"excerpt":{"rendered":"<p>La comisi\u00f3n de Di\u00e1logo Pol\u00edtico- Paso de Agua Negra, llev\u00f3 a cabo una reuni\u00f3n virtual en la cual se produjo<\/p>\n","protected":false},"author":3,"featured_media":63446,"comment_status":"closed","ping_status":"closed","sticky":false,"template":"","format":"standard","meta":{"_acf_changed":false,"_seopress_robots_primary_cat":"none","_seopress_titles_title":"","_seopress_titles_desc":"","_seopress_robots_index":"","colormag_page_container_layout":"default_layout","colormag_page_sidebar_layout":"default_layout","footnotes":""},"categories":[1],"tags":[],"class_list":["post-63443","post","type-post","status-publish","format-standard","has-post-thumbnail","hentry","category-destacadas"],"acf":[],"_links":{"self":[{"href":"https:\/\/vocesparalelas.com.ar\/sitio\/wp-json\/wp\/v2\/posts\/63443","targetHints":{"allow":["GET"]}}],"collection":[{"href":"https:\/\/vocesparalelas.com.ar\/sitio\/wp-json\/wp\/v2\/posts"}],"about":[{"href":"https:\/\/vocesparalelas.com.ar\/sitio\/wp-json\/wp\/v2\/types\/post"}],"author":[{"embeddable":true,"href":"https:\/\/vocesparalelas.com.ar\/sitio\/wp-json\/wp\/v2\/users\/3"}],"replies":[{"embeddable":true,"href":"https:\/\/vocesparalelas.com.ar\/sitio\/wp-json\/wp\/v2\/comments?post=63443"}],"version-history":[{"count":3,"href":"https:\/\/vocesparalelas.com.ar\/sitio\/wp-json\/wp\/v2\/posts\/63443\/revisions"}],"predecessor-version":[{"id":63449,"href":"https:\/\/vocesparalelas.com.ar\/sitio\/wp-json\/wp\/v2\/posts\/63443\/revisions\/63449"}],"wp:featuredmedia":[{"embeddable":true,"href":"https:\/\/vocesparalelas.com.ar\/sitio\/wp-json\/wp\/v2\/media\/63446"}],"wp:attachment":[{"href":"https:\/\/vocesparalelas.com.ar\/sitio\/wp-json\/wp\/v2\/media?parent=63443"}],"wp:term":[{"taxonomy":"category","embeddable":true,"href":"https:\/\/vocesparalelas.com.ar\/sitio\/wp-json\/wp\/v2\/categories?post=63443"},{"taxonomy":"post_tag","embeddable":true,"href":"https:\/\/vocesparalelas.com.ar\/sitio\/wp-json\/wp\/v2\/tags?post=63443"}],"curies":[{"name":"wp","href":"https:\/\/api.w.org\/{rel}","templated":true}]}}