{"id":63438,"date":"2023-09-14T21:04:06","date_gmt":"2023-09-15T00:04:06","guid":{"rendered":"https:\/\/vocesparalelas.com.ar\/sitio\/?p=63438"},"modified":"2023-09-14T21:07:16","modified_gmt":"2023-09-15T00:07:16","slug":"entregaron-movilidades-y-equipamiento-a-la-brigada-de-incendios-forestales-de-san-juan","status":"publish","type":"post","link":"https:\/\/vocesparalelas.com.ar\/sitio\/entregaron-movilidades-y-equipamiento-a-la-brigada-de-incendios-forestales-de-san-juan\/","title":{"rendered":"Entregaron movilidades y equipamiento a la Brigada de Incendios Forestales de San Juan"},"content":{"rendered":"<p>El gobernador de San Juan, Dr. Sergio U\u00f1ac recibi\u00f3 la visita del ministro de Ambiente y Desarrollo Sostenible de Naci\u00f3n, Juan Cabandi\u00e9, para entregar movilidades y equipamiento en el marco del programa a cargo del Servicio Nacional de Manejo del Fuego (SNMF), destinado a la Brigada de Incendios Forestales de la Provincia de San Juan.<\/p>\n<p>El acto tuvo lugar en el \u00c1rea Protegida Parque Provincial Presidente Sarmiento, en el departamento Zonda, con la presencia de los funcionarios mencionados y comitiva que acompa\u00f1a al ministro: Malena Esteban, directora de RRII y Lucas Moscato, jefe de Asesores; diputados nacional Graciela Caselles y provincial, Juan Carlos Abarca; los secretarios de Estado de Ambiente y Desarrollo Sustentable, Francisco Guevara y de Estado de Seguridad y Orden P\u00fablico, Carlos Munisaga; intendentes de Zonda, Miguel Atampiz y de J\u00e1chal, Miguel Vega, entre otros funcionarios.<\/p>\n<p>El Servicio Nacional de Manejo del Fuego (SNMF) es el organismo dependiente del Ministerio de Ambiente y Desarrollo Sostenible de la Naci\u00f3n encargado de la coordinaci\u00f3n de los recursos requeridos para el combate de incendios forestales, rurales o de interfase.<\/p>\n<p>Es el responsable de coordinar al Sistema Federal de Manejo del Fuego, un sistema conformado por el propio SNMF, la Administraci\u00f3n de Parques Nacionales y las provincias, que est\u00e1 a cargo de las acciones de manejo del fuego en todo el pa\u00eds. Sus funciones principales son prevenci\u00f3n y alerta, combate de incendios y evaluaci\u00f3n de da\u00f1os y acciones de recomposici\u00f3n y restauraci\u00f3n.<\/p>\n<p>En este punto, cabe recordar que en el a\u00f1o 2022, producto de la prolongada sequ\u00eda que afecta a la provincia, el pa\u00eds y el mundo, el Parque Sarmiento sufri\u00f3 la p\u00e9rdida de m\u00e1s de 500 hect\u00e1reas por un incendio de gran magnitud que afect\u00f3 su flora y fauna.<\/p>\n<p>Luego, San Juan comenz\u00f3 a trabajar junto al Gobierno nacional en un plan para la recuperaci\u00f3n del \u00e1rea que propici\u00f3 la creaci\u00f3n de la primera Brigada de Incendios Forestal de San Juan, integrada por Bomberos de la Polic\u00eda de San Juan, Bomberos Voluntarios, agentes de conservaci\u00f3n de la Secretar\u00eda de Estado de Ambiente y Protecci\u00f3n Civil.<\/p>\n<p>En este marco, se entregaron hoy equipamiento y movilidades para el combate de tales siniestros, en coordinaci\u00f3n con el Ministerio de Ambiente y Desarrollo Sostenible de la Naci\u00f3n, consistente en vestimenta ign\u00edfuga y equipamiento para 100 brigadistas; un cami\u00f3n autobomba; un cami\u00f3n volcador; una chipeadora trituradora de ramas; una camioneta Amarok 0km y tres reservorios de agua modelos Terra y Pumpkin con sus respectivas motobombas y bambi.<\/p>\n<p>A las herramientas citadas se sum\u00f3 el cami\u00f3n Centro Operativo de Emergencia M\u00f3vil (COEM) y, seguidamente, la firma de un acta compromiso para la entrega de dos camionetas Amarok, perteneciente al programa \u201cLey Nacional de Bosques Nativos\u201d.<\/p>\n<p>Adem\u00e1s, el intendente Vega recibi\u00f3 una cinta de separaci\u00f3n y minicargadora para el tratamiento de residuos s\u00f3lidos urbanos, mientras que Atampiz lo hizo por una movilidad 0km, por parte de la Provincia de San Juan para el Municipio de Zonda, en el marco de la firma de convenio para la Creaci\u00f3n del Hogar de Tr\u00e1nsito y Adopci\u00f3n del programa Acompa\u00f1ame.<\/p>\n<p>En el comienzo del acto,\u00a0<strong>U\u00f1ac\u00a0<\/strong>reconoci\u00f3 el aporte de Cabandi\u00e9 para con la Provincia e hizo hincapi\u00e9 en que \u201chan sido a\u00f1os de puro crecimiento en San Juan. Hemos dado batallas que durante mucho tiempo no se animaron a dar. Nosotros pensamos que hab\u00eda que amplificar las actividades econ\u00f3micas y durante mucho tiempo nos miraban como contaminadores porque hac\u00edamos miner\u00eda. Hoy se puso de moda la miner\u00eda y es necesaria para desarrollar cualquier tipo de actividad\u201d, puntualiz\u00f3 el gobernador y se refiri\u00f3 al desarrollo responsable hacia el medioambiente puesto en marcha en la provincia.<\/p>\n<p>\u201cSan Juan tiene presente y tiene futuro tambi\u00e9n; un futuro que deberemos construir entre todos\u201d, cerr\u00f3 y agradeci\u00f3 a autoridades y p\u00fablico por su acompa\u00f1amiento en la gesti\u00f3n.<\/p>\n<p>La agenda de trabajo que despleg\u00f3\u00a0<strong>Cabandi\u00e9<\/strong>\u00a0incluy\u00f3, junto al intendente Cristian Andino y el secretario Francisco Guevara, una recorrida en el d\u00eda de ayer por el terreno donde comenz\u00f3 la construcci\u00f3n de una plaza sustentable en el departamento San Mart\u00edn, iniciativa para aprovechar los espacios verdes a partir de la utilizaci\u00f3n de recursos naturales, que tiene como principal fundamento el cuidado del medio ambiente.<\/p>\n<p>Durante el acto de hoy, el funcionario nacional puso el foco en que, desde su gesti\u00f3n, se centraron el fortalecimiento de las provincias, con capacitaciones y equipamiento en el combate de incendios forestales y en el GIRSU (Gesti\u00f3n Integral de Residuos S\u00f3lidos Urbanos).<\/p>\n<p>\u201cSan Juan se ha destacado por el combate de incendios forestales, form\u00f3 y capacit\u00f3 personal y nosotros apuntalamos esa buena gesti\u00f3n con equipamiento\u201d, se\u00f1al\u00f3 e inform\u00f3 que en breve llegar\u00e1 a la provincia una autobomba forestal con tecnolog\u00eda de avanzada, de producci\u00f3n nacional y describi\u00f3 el resto de los veh\u00edculos aportado para el combate de incendios forestales.<\/p>\n<p>A rengl\u00f3n seguido, el ministro puso en valor el inter\u00e9s de los j\u00f3venes en el tema del combate de incendios en San Juan, en el cuidado del agua y se refiri\u00f3 al incremento de los parques solares en la provincia. En relaci\u00f3n al tema, dijo que llegar\u00e1n a la provincia 100 termotanques solares para distintas instituciones.<\/p>\n<p>Finaliz\u00f3 su discurso felicitando a las autoridades provinciales por la tarea constante en el manejo del fuego.<\/p>\n<p>A continuaci\u00f3n,\u00a0<strong>Guevara\u00a0<\/strong>destac\u00f3 el trabajo de los agentes de Polic\u00eda de San Juan, Protecci\u00f3n Civil, Bomberos Voluntarios por su trabajo en el combate de incendios \u201cen una provincia que se predispone para \u00e9stos siniestros por sus altas temperaturas\u201d.<\/p>\n<p>Luego, describi\u00f3 el equipamiento recibido de Naci\u00f3n y sum\u00f3 que \u201cera muy necesario; si bien la provincia aporta recursos, \u00e9sta entrega fortalece el trabajo de las brigadas. Desde gobierno, hemos incorporado cuatriciclos, Centro Operativo de Emergencia M\u00f3vil, que es un cami\u00f3n oficina para llegar cerca del incendio, dotado de cuchetas, ba\u00f1o, cocina, televisores, computadoras, internet y dem\u00e1s, para trabajar en el lugar del hecho. Los convenios firmados hoy nos permiten ser ejecutivos y eficientes\u201d.<\/p>\n<p>Por otra parte, el secretario agradeci\u00f3 por la\u00a0gesti\u00f3n de GIRSU en 2022.Para finalizar, Guevara record\u00f3 el incendio que devast\u00f3 el Parque Sarmiento en julio del 2022 y agradeci\u00f3 nuevamente al\u00a0personal que asisti\u00f3 en esa oportunidad.<\/p>\n<p>\u201cEs importante tener el estado presente para asistir los bienes de la sociedad, como es \u00e9ste \u00e1rea protegida. Debemos dejar un mensaje positivo a las sociedades del futuro con respecto a los recursos naturales. San Juan es la segunda provincia a nivel nacional con mayor extensi\u00f3n territorial protegida. Un tercio de nuestro suelo lo es; este es el camino\u201d.<\/p>\n<p>Por su parte,\u00a0Munisaga\u00a0dio las gracias por fortalecer el sistema de combate a los incendios en la provincia y explic\u00f3 que \u201csomos pioneros en el pa\u00eds en la creaci\u00f3n de las brigadas contra incendios forestales y en coordinaci\u00f3n a los agentes capacitados especialmente para actuar en este tipo de emergencias. Hemos logrado una unidad que se mueve dentro de protocolos de actuaci\u00f3n, con profesionalismo y capacitaci\u00f3n\u201d.<\/p>\n<p>Continuando, destac\u00f3 el compromiso de Naci\u00f3n en la asistencia con los elementos necesarios para el combate del fuego, junto al accionar del gobierno local. Finaliz\u00f3 agradeciendo los aportes \u201cque ser\u00e1n entregados a las unidades que corresponda para seguir fortaleciendo la seguridad de la poblaci\u00f3n sanjuanina\u201d.<\/p>\n<p>Para cerrar,Atampiz\u00a0agradeci\u00f3 a la gesti\u00f3n de Gobierno por su permanente apoyo y por los elementos recibidos, a la vez que destac\u00f3 la importancia del parque desde el punto de vista ecol\u00f3gico, educativo y tur\u00edstico, entre otros aspectos.<\/p>\n<p>En cuanto a la Brigada Forestal, tiene las funciones de prevenir, alertar y combatir incendios forestales en las \u00e1reas protegidas de la provincia, con recurso humano calificado que permitir\u00e1 al estado actuar r\u00e1pidamente para proteger los recursos naturales.<\/p>\n<p>Sus integrantes fueron capacitados en protocolos, legislaci\u00f3n y cursos de perfeccionamiento t\u00e9cnico y pr\u00e1ctico, impartidos por el Servicio Nacional del Manejo del Fuego. Por su parte, la provincia trabaja en acciones preventivas, considerando que hay meses del a\u00f1o que, por las altas temperaturas, las probabilidades de focos \u00edgneos aumentan.<\/p>\n<p>Adem\u00e1s de las autoridades mencionadas, asistieron a la actividad los subsecretarios de Seguridad, Abel Hern\u00e1ndez y de Control de la Gesti\u00f3n P\u00fablica, Ignacio Coronado; jefe de la Polic\u00eda de San Juan y subjefe, Luis Mart\u00ednez y Carlos Ponce, respectivamente; jefe del Departamento de Bomberos de la Polic\u00eda de San Juan, Armando Ruarte; los subsecretarios administrativo y financiero, Mart\u00edn Videla; de Residuos S\u00f3lidos Urbanos, Gabriela P\u00e9rez y de Conservaci\u00f3n y Desarrollo Sustentable, Jorge Scellato; director de Conservaci\u00f3n y \u00c1reas Protegidas, Andr\u00e9s Ortega; encargado del Parque Provincial Parque Sarmiento, Cristian Piedrahita; los directores de Protecci\u00f3n Civil, Carlos Heredia; de Articulaci\u00f3n, Nicol\u00e1s Espejo y Contable y Financiera, Cecilia Pe\u00f1afort; coordinador de Gabinete, Jorge Guevara; jefe de Movilidades, Maximiliano Sarom\u00e9; personal de la Secretar\u00eda de Estado de Ambiente y Desarrollo Sustentable y de la Secretar\u00eda de Estado de Seguridad y Orden P\u00fablico; bomberos, personal de Protecci\u00f3n Civil y agentes de conservaci\u00f3n, integrantes de la Brigada de Incendios Forestales.<\/p>\n<p><iframe loading=\"lazy\" title=\"U\u00f1ac y el ministro Cabandi\u00e9 entregaron movilidades y equipos a la Brigada de Incendios Forestales\" width=\"800\" height=\"450\" src=\"https:\/\/www.youtube.com\/embed\/sSoctLRrtMA?feature=oembed\" frameborder=\"0\" allow=\"accelerometer; autoplay; clipboard-write; encrypted-media; gyroscope; picture-in-picture; web-share\" allowfullscreen><\/iframe><\/p>\n<p><span style=\"color: #339966;\"><strong>Sobre el Parque Presidente Sarmiento<\/strong><\/span><\/p>\n<p>El 23 de septiembre de 1980 se sancion\u00f3 la Ley Provincial N\u00ba 4768 (hoy Ley 223-L), que declara el \u00c1rea Protegida del Parque presidente Sarmiento, de importancia para nuestra provincia, que en los pr\u00f3ximos d\u00edas celebrar\u00e1 43 a\u00f1os desde su creaci\u00f3n.<\/p>\n<p>El parque abarca una extensi\u00f3n de 748 hect\u00e1reas, protegidas para conservar el ecosistema acu\u00e1tico y los ambientes que lo circundan.<\/p>\n<p>En el lugar se realizan visitas guiadas por diversos senderos interpretativos, con la concurrencia de m\u00e1s de 3000 personas, que lo visitan con finalidad educativa y recreativa.<\/p>\n<p>Los valores de conservaci\u00f3n del \u00c1rea Natural Protegida son innumerables; se pueden resumir de la siguiente manera: presencia de ecosistemas terrestres y acu\u00e1ticos que conllevan al desarrollo de una gran diversidad de especies silvestres de flora y fauna.<\/p>\n<p>Tiene valor paisaj\u00edstico de gran importancia que permite apreciar la presencia de elementos naturales del monte y el humedal; protege el agua de riego del Valle de Tulum, que forma parte de la cuenca del r\u00edo San Juan; brinda oportunidades para la educaci\u00f3n, investigaci\u00f3n, capacitaci\u00f3n y turismo y fomenta la relaci\u00f3n entre el hombre y su entorno, sumando a la ciudad un valor est\u00e9tico especial y asegurando funciones ecol\u00f3gicas vitales.<\/p>\n<p>&nbsp;<\/p>\n","protected":false},"excerpt":{"rendered":"<p>El gobernador de San Juan, Dr. Sergio U\u00f1ac recibi\u00f3 la visita del ministro de Ambiente y Desarrollo Sostenible de Naci\u00f3n,<\/p>\n","protected":false},"author":3,"featured_media":63441,"comment_status":"closed","ping_status":"closed","sticky":false,"template":"","format":"standard","meta":{"_acf_changed":false,"_seopress_robots_primary_cat":"none","_seopress_titles_title":"","_seopress_titles_desc":"","_seopress_robots_index":"","colormag_page_container_layout":"default_layout","colormag_page_sidebar_layout":"default_layout","footnotes":""},"categories":[1,7],"tags":[],"class_list":["post-63438","post","type-post","status-publish","format-standard","has-post-thumbnail","hentry","category-destacadas","category-videos"],"acf":[],"_links":{"self":[{"href":"https:\/\/vocesparalelas.com.ar\/sitio\/wp-json\/wp\/v2\/posts\/63438","targetHints":{"allow":["GET"]}}],"collection":[{"href":"https:\/\/vocesparalelas.com.ar\/sitio\/wp-json\/wp\/v2\/posts"}],"about":[{"href":"https:\/\/vocesparalelas.com.ar\/sitio\/wp-json\/wp\/v2\/types\/post"}],"author":[{"embeddable":true,"href":"https:\/\/vocesparalelas.com.ar\/sitio\/wp-json\/wp\/v2\/users\/3"}],"replies":[{"embeddable":true,"href":"https:\/\/vocesparalelas.com.ar\/sitio\/wp-json\/wp\/v2\/comments?post=63438"}],"version-history":[{"count":1,"href":"https:\/\/vocesparalelas.com.ar\/sitio\/wp-json\/wp\/v2\/posts\/63438\/revisions"}],"predecessor-version":[{"id":63442,"href":"https:\/\/vocesparalelas.com.ar\/sitio\/wp-json\/wp\/v2\/posts\/63438\/revisions\/63442"}],"wp:featuredmedia":[{"embeddable":true,"href":"https:\/\/vocesparalelas.com.ar\/sitio\/wp-json\/wp\/v2\/media\/63441"}],"wp:attachment":[{"href":"https:\/\/vocesparalelas.com.ar\/sitio\/wp-json\/wp\/v2\/media?parent=63438"}],"wp:term":[{"taxonomy":"category","embeddable":true,"href":"https:\/\/vocesparalelas.com.ar\/sitio\/wp-json\/wp\/v2\/categories?post=63438"},{"taxonomy":"post_tag","embeddable":true,"href":"https:\/\/vocesparalelas.com.ar\/sitio\/wp-json\/wp\/v2\/tags?post=63438"}],"curies":[{"name":"wp","href":"https:\/\/api.w.org\/{rel}","templated":true}]}}