{"id":63429,"date":"2023-09-14T20:45:16","date_gmt":"2023-09-14T23:45:16","guid":{"rendered":"https:\/\/vocesparalelas.com.ar\/sitio\/?p=63429"},"modified":"2023-09-18T00:21:16","modified_gmt":"2023-09-18T03:21:16","slug":"aumento-salarial-para-empleados-publicos-y-contratados-de-san-juan","status":"publish","type":"post","link":"https:\/\/vocesparalelas.com.ar\/sitio\/aumento-salarial-para-empleados-publicos-y-contratados-de-san-juan\/","title":{"rendered":"Aumento salarial para Empleados P\u00fablicos y Contratados de San Juan"},"content":{"rendered":"<p>La Secretar\u00eda de Hacienda y Finanzas del Gobierno de San Juan inform\u00f3 que con el Salario de Septiembre 2023 y seg\u00fan lo acordado en las paritaria 2023, se aplica la cl\u00e1usula de actualizaci\u00f3n salarial, que implica el 12,4% de aumento sobre la base salarial del mes de Agosto.<\/p>\n<p>En este sentido, los haberes correspondientes al mes de Septiembre alcanzan un incremento acumulado del 97,9% para el 2023.<\/p>\n<p>Asimismo, los contratos de colaboraci\u00f3n reciben un incremento promedio del 34% quedando establecidos a partir de Septiembre, de la siguiente manera:<\/p>\n<ul>\n<li>Servicios: $120.000<\/li>\n<li>Administrativos: $160.000<\/li>\n<li>Profesionales: $240.000<\/li>\n<\/ul>\n<p>Con estas medidas se cumple con lo acordado con los sectores gremiales, de modo tal que, los salarios estatales se mantienen por encima de la inflaci\u00f3n acumulada.<\/p>\n<p><img loading=\"lazy\" decoding=\"async\" class=\"alignnone size-full wp-image-59964\" src=\"https:\/\/vocesparalelas.com.ar\/sitio\/wp-content\/uploads\/2023\/06\/BANDERA-SAN-JUAN.jpg\" alt=\"\" width=\"800\" height=\"600\" srcset=\"https:\/\/vocesparalelas.com.ar\/sitio\/wp-content\/uploads\/2023\/06\/BANDERA-SAN-JUAN.jpg 800w, https:\/\/vocesparalelas.com.ar\/sitio\/wp-content\/uploads\/2023\/06\/BANDERA-SAN-JUAN-300x225.jpg 300w, https:\/\/vocesparalelas.com.ar\/sitio\/wp-content\/uploads\/2023\/06\/BANDERA-SAN-JUAN-768x576.jpg 768w\" sizes=\"auto, (max-width: 800px) 100vw, 800px\" \/><\/p>\n","protected":false},"excerpt":{"rendered":"<p>La Secretar\u00eda de Hacienda y Finanzas del Gobierno de San Juan inform\u00f3 que con el Salario de Septiembre 2023 y<\/p>\n","protected":false},"author":3,"featured_media":25616,"comment_status":"closed","ping_status":"closed","sticky":false,"template":"","format":"standard","meta":{"_acf_changed":false,"_seopress_robots_primary_cat":"none","_seopress_titles_title":"","_seopress_titles_desc":"","_seopress_robots_index":"","colormag_page_container_layout":"default_layout","colormag_page_sidebar_layout":"default_layout","footnotes":""},"categories":[6],"tags":[],"class_list":["post-63429","post","type-post","status-publish","format-standard","has-post-thumbnail","hentry","category-eventos"],"acf":[],"_links":{"self":[{"href":"https:\/\/vocesparalelas.com.ar\/sitio\/wp-json\/wp\/v2\/posts\/63429","targetHints":{"allow":["GET"]}}],"collection":[{"href":"https:\/\/vocesparalelas.com.ar\/sitio\/wp-json\/wp\/v2\/posts"}],"about":[{"href":"https:\/\/vocesparalelas.com.ar\/sitio\/wp-json\/wp\/v2\/types\/post"}],"author":[{"embeddable":true,"href":"https:\/\/vocesparalelas.com.ar\/sitio\/wp-json\/wp\/v2\/users\/3"}],"replies":[{"embeddable":true,"href":"https:\/\/vocesparalelas.com.ar\/sitio\/wp-json\/wp\/v2\/comments?post=63429"}],"version-history":[{"count":1,"href":"https:\/\/vocesparalelas.com.ar\/sitio\/wp-json\/wp\/v2\/posts\/63429\/revisions"}],"predecessor-version":[{"id":63432,"href":"https:\/\/vocesparalelas.com.ar\/sitio\/wp-json\/wp\/v2\/posts\/63429\/revisions\/63432"}],"wp:featuredmedia":[{"embeddable":true,"href":"https:\/\/vocesparalelas.com.ar\/sitio\/wp-json\/wp\/v2\/media\/25616"}],"wp:attachment":[{"href":"https:\/\/vocesparalelas.com.ar\/sitio\/wp-json\/wp\/v2\/media?parent=63429"}],"wp:term":[{"taxonomy":"category","embeddable":true,"href":"https:\/\/vocesparalelas.com.ar\/sitio\/wp-json\/wp\/v2\/categories?post=63429"},{"taxonomy":"post_tag","embeddable":true,"href":"https:\/\/vocesparalelas.com.ar\/sitio\/wp-json\/wp\/v2\/tags?post=63429"}],"curies":[{"name":"wp","href":"https:\/\/api.w.org\/{rel}","templated":true}]}}