{"id":63425,"date":"2023-09-14T20:36:01","date_gmt":"2023-09-14T23:36:01","guid":{"rendered":"https:\/\/vocesparalelas.com.ar\/sitio\/?p=63425"},"modified":"2023-09-16T00:38:21","modified_gmt":"2023-09-16T03:38:21","slug":"dos-talleres-gratuitos-en-la-casa-de-sarmiento-de-san-juan","status":"publish","type":"post","link":"https:\/\/vocesparalelas.com.ar\/sitio\/dos-talleres-gratuitos-en-la-casa-de-sarmiento-de-san-juan\/","title":{"rendered":"Dos talleres gratuitos en la Casa de Sarmiento de San Juan"},"content":{"rendered":"<p>El Mi\u00e9rcoles, 20 de Septiembre, en la Casa Natal de Sarmiento se desarrollan dos talleres para disfrutar, conocer y aprender otras formas de creaci\u00f3n y gratuitos.<\/p>\n<p><span style=\"color: #339966;\"><strong>Taller y demostraci\u00f3n de trabajos con \u201cla chica\u201d, \u00e1rbol aut\u00f3ctono de Las Sierras de Ch\u00e1vez<\/strong><\/span><\/p>\n<p>El Mi\u00e9rcoles, 20 de Septiembre, de 15:30 a 17:00 hs .; en la Casa Natal de Sarmiento se desarrolla el Taller y demostraci\u00f3n de trabajos con \u201cla chica\u201d, \u00e1rbol aut\u00f3ctono de Las Sierras de Ch\u00e1vez, Departamento Valle F\u00e9rtil.<\/p>\n<p>Durante este taller se comparten saberes propios del acervo cultural de Valle F\u00e9rtil. Se explican las tareas de cosecha y cocci\u00f3n de la chica. Asimismo, se realizan demostraciones y explicaciones acerca de c\u00f3mo se inici\u00f3 en el uso de este \u00e1rbol y sus semillas, qu\u00e9 se hac\u00eda anteriormente y qu\u00e9 se hace actualmente.<\/p>\n<p><span style=\"color: #339966;\"><strong>\u201cMara\u00f1a pl\u00e1stica\u201d, Taller de hilado y tejido en telar con bolsa de pl\u00e1stico<\/strong><\/span><\/p>\n<p>El 20 de Septiembre, de 17:00 a 18:30 hs.; en la Casa Natal de Sarmiento, se desarrolla \u201cMara\u00f1a pl\u00e1stica\u201d, Taller de hilado y tejido en telar con bolsa de pl\u00e1stico, a cargo de Romina Guti\u00e9rrez.<\/p>\n<p>En el taller se utilizan bolsas de pl\u00e1stico como insumo y materia prima, proyectando una transformaci\u00f3n y reciclado del material.<\/p>\n<p>El objetivo es que cualquier persona pueda realizar un hilo de pl\u00e1stico reciclado para luego tejer y as\u00ed crear un objeto utilitario o decorativo.<\/p>\n<p><img loading=\"lazy\" decoding=\"async\" class=\"alignnone size-full wp-image-41746\" src=\"https:\/\/vocesparalelas.com.ar\/sitio\/wp-content\/uploads\/2021\/09\/CASA-SARMIENTO-FRENTE-01.jpg\" alt=\"\" width=\"800\" height=\"533\" srcset=\"https:\/\/vocesparalelas.com.ar\/sitio\/wp-content\/uploads\/2021\/09\/CASA-SARMIENTO-FRENTE-01.jpg 800w, https:\/\/vocesparalelas.com.ar\/sitio\/wp-content\/uploads\/2021\/09\/CASA-SARMIENTO-FRENTE-01-300x200.jpg 300w, https:\/\/vocesparalelas.com.ar\/sitio\/wp-content\/uploads\/2021\/09\/CASA-SARMIENTO-FRENTE-01-768x512.jpg 768w\" sizes=\"auto, (max-width: 800px) 100vw, 800px\" \/><\/p>\n","protected":false},"excerpt":{"rendered":"<p>El Mi\u00e9rcoles, 20 de Septiembre, en la Casa Natal de Sarmiento se desarrollan dos talleres para disfrutar, conocer y aprender<\/p>\n","protected":false},"author":3,"featured_media":25888,"comment_status":"closed","ping_status":"closed","sticky":false,"template":"","format":"standard","meta":{"_acf_changed":false,"_seopress_robots_primary_cat":"none","_seopress_titles_title":"","_seopress_titles_desc":"","_seopress_robots_index":"","colormag_page_container_layout":"default_layout","colormag_page_sidebar_layout":"default_layout","footnotes":""},"categories":[9],"tags":[],"class_list":["post-63425","post","type-post","status-publish","format-standard","has-post-thumbnail","hentry","category-cursos"],"acf":[],"_links":{"self":[{"href":"https:\/\/vocesparalelas.com.ar\/sitio\/wp-json\/wp\/v2\/posts\/63425","targetHints":{"allow":["GET"]}}],"collection":[{"href":"https:\/\/vocesparalelas.com.ar\/sitio\/wp-json\/wp\/v2\/posts"}],"about":[{"href":"https:\/\/vocesparalelas.com.ar\/sitio\/wp-json\/wp\/v2\/types\/post"}],"author":[{"embeddable":true,"href":"https:\/\/vocesparalelas.com.ar\/sitio\/wp-json\/wp\/v2\/users\/3"}],"replies":[{"embeddable":true,"href":"https:\/\/vocesparalelas.com.ar\/sitio\/wp-json\/wp\/v2\/comments?post=63425"}],"version-history":[{"count":1,"href":"https:\/\/vocesparalelas.com.ar\/sitio\/wp-json\/wp\/v2\/posts\/63425\/revisions"}],"predecessor-version":[{"id":63428,"href":"https:\/\/vocesparalelas.com.ar\/sitio\/wp-json\/wp\/v2\/posts\/63425\/revisions\/63428"}],"wp:featuredmedia":[{"embeddable":true,"href":"https:\/\/vocesparalelas.com.ar\/sitio\/wp-json\/wp\/v2\/media\/25888"}],"wp:attachment":[{"href":"https:\/\/vocesparalelas.com.ar\/sitio\/wp-json\/wp\/v2\/media?parent=63425"}],"wp:term":[{"taxonomy":"category","embeddable":true,"href":"https:\/\/vocesparalelas.com.ar\/sitio\/wp-json\/wp\/v2\/categories?post=63425"},{"taxonomy":"post_tag","embeddable":true,"href":"https:\/\/vocesparalelas.com.ar\/sitio\/wp-json\/wp\/v2\/tags?post=63425"}],"curies":[{"name":"wp","href":"https:\/\/api.w.org\/{rel}","templated":true}]}}