{"id":63421,"date":"2023-09-14T20:19:55","date_gmt":"2023-09-14T23:19:55","guid":{"rendered":"https:\/\/vocesparalelas.com.ar\/sitio\/?p=63421"},"modified":"2023-09-15T00:13:27","modified_gmt":"2023-09-15T03:13:27","slug":"se-realizan-los-llamados-y-ofrecimientos-de-cargos-de-educacion-primaria-inicial-y-especial-el-21-de-septiembre","status":"publish","type":"post","link":"https:\/\/vocesparalelas.com.ar\/sitio\/se-realizan-los-llamados-y-ofrecimientos-de-cargos-de-educacion-primaria-inicial-y-especial-el-21-de-septiembre\/","title":{"rendered":"Se realizan los llamados y ofrecimientos de cargos de Educaci\u00f3n Primaria, Inicial y Especial el 21 de Septiembre"},"content":{"rendered":"<p>La Comisi\u00f3n de Interinatos y Suplencias del Ministerio de Educaci\u00f3n del Gobierno de San Juan informa que el 21 de Septiembre, se realizan los llamados y ofrecimientos de cargos de Educaci\u00f3n: Primaria, Inicial y Especial.<\/p>\n<p>Los llamados y ofrecimiento de Educaci\u00f3n Secundaria quedan suspendidos para el 21 de Septiembre para un nuevo aviso.<\/p>\n<p><img loading=\"lazy\" decoding=\"async\" class=\"alignnone size-full wp-image-28629\" src=\"https:\/\/vocesparalelas.com.ar\/sitio\/wp-content\/uploads\/2020\/05\/MINISTERIO-EDUCACION-SJ.jpg\" alt=\"\" width=\"800\" height=\"533\" srcset=\"https:\/\/vocesparalelas.com.ar\/sitio\/wp-content\/uploads\/2020\/05\/MINISTERIO-EDUCACION-SJ.jpg 800w, https:\/\/vocesparalelas.com.ar\/sitio\/wp-content\/uploads\/2020\/05\/MINISTERIO-EDUCACION-SJ-300x200.jpg 300w, https:\/\/vocesparalelas.com.ar\/sitio\/wp-content\/uploads\/2020\/05\/MINISTERIO-EDUCACION-SJ-768x512.jpg 768w\" sizes=\"auto, (max-width: 800px) 100vw, 800px\" \/><\/p>\n","protected":false},"excerpt":{"rendered":"<p>La Comisi\u00f3n de Interinatos y Suplencias del Ministerio de Educaci\u00f3n del Gobierno de San Juan informa que el 21 de<\/p>\n","protected":false},"author":3,"featured_media":40018,"comment_status":"closed","ping_status":"closed","sticky":false,"template":"","format":"standard","meta":{"_acf_changed":false,"_seopress_robots_primary_cat":"none","_seopress_titles_title":"","_seopress_titles_desc":"","_seopress_robots_index":"","colormag_page_container_layout":"default_layout","colormag_page_sidebar_layout":"default_layout","footnotes":""},"categories":[5],"tags":[],"class_list":["post-63421","post","type-post","status-publish","format-standard","has-post-thumbnail","hentry","category-ofrecimientos"],"acf":[],"_links":{"self":[{"href":"https:\/\/vocesparalelas.com.ar\/sitio\/wp-json\/wp\/v2\/posts\/63421","targetHints":{"allow":["GET"]}}],"collection":[{"href":"https:\/\/vocesparalelas.com.ar\/sitio\/wp-json\/wp\/v2\/posts"}],"about":[{"href":"https:\/\/vocesparalelas.com.ar\/sitio\/wp-json\/wp\/v2\/types\/post"}],"author":[{"embeddable":true,"href":"https:\/\/vocesparalelas.com.ar\/sitio\/wp-json\/wp\/v2\/users\/3"}],"replies":[{"embeddable":true,"href":"https:\/\/vocesparalelas.com.ar\/sitio\/wp-json\/wp\/v2\/comments?post=63421"}],"version-history":[{"count":1,"href":"https:\/\/vocesparalelas.com.ar\/sitio\/wp-json\/wp\/v2\/posts\/63421\/revisions"}],"predecessor-version":[{"id":63424,"href":"https:\/\/vocesparalelas.com.ar\/sitio\/wp-json\/wp\/v2\/posts\/63421\/revisions\/63424"}],"wp:featuredmedia":[{"embeddable":true,"href":"https:\/\/vocesparalelas.com.ar\/sitio\/wp-json\/wp\/v2\/media\/40018"}],"wp:attachment":[{"href":"https:\/\/vocesparalelas.com.ar\/sitio\/wp-json\/wp\/v2\/media?parent=63421"}],"wp:term":[{"taxonomy":"category","embeddable":true,"href":"https:\/\/vocesparalelas.com.ar\/sitio\/wp-json\/wp\/v2\/categories?post=63421"},{"taxonomy":"post_tag","embeddable":true,"href":"https:\/\/vocesparalelas.com.ar\/sitio\/wp-json\/wp\/v2\/tags?post=63421"}],"curies":[{"name":"wp","href":"https:\/\/api.w.org\/{rel}","templated":true}]}}