{"id":63414,"date":"2023-09-14T20:11:31","date_gmt":"2023-09-14T23:11:31","guid":{"rendered":"https:\/\/vocesparalelas.com.ar\/sitio\/?p=63414"},"modified":"2023-09-14T20:11:31","modified_gmt":"2023-09-14T23:11:31","slug":"firma-de-convenio-para-la-implementacion-de-plan-fines-y-el-desarrollo-de-practicas-profesionalizantes-con-la-fundacion-se-puede","status":"publish","type":"post","link":"https:\/\/vocesparalelas.com.ar\/sitio\/firma-de-convenio-para-la-implementacion-de-plan-fines-y-el-desarrollo-de-practicas-profesionalizantes-con-la-fundacion-se-puede\/","title":{"rendered":"Firma de Convenio para la implementaci\u00f3n de Plan FinEs y el desarrollo de Pr\u00e1cticas Profesionalizantes con la Fundaci\u00f3n \u201cSe Puede\u201d"},"content":{"rendered":"<p>La ministra de Educaci\u00f3n del Gobierno de San Juan, Lic. Cecilia Trincado, los directores de Educaci\u00f3n T\u00e9cnica y Formaci\u00f3n Profesional, Lic. Jorge Codorni\u00fa y de J\u00f3venes y Adultos, Prof. Gabriela Moreno, firmaron un convenio de cooperaci\u00f3n con la Fundaci\u00f3n \u201cSe Puede\u201d de empresas Barcel\u00f3, representada por el apoderado Dr. Carlos Javier Rodenas y la coordinadora Dra. Carla Victoria Coria.<\/p>\n<p><img loading=\"lazy\" decoding=\"async\" class=\"alignnone size-full wp-image-63417\" src=\"https:\/\/vocesparalelas.com.ar\/sitio\/wp-content\/uploads\/2023\/09\/EDUCACION-CONVENIO-TECNICA-01.jpg\" alt=\"\" width=\"800\" height=\"441\" srcset=\"https:\/\/vocesparalelas.com.ar\/sitio\/wp-content\/uploads\/2023\/09\/EDUCACION-CONVENIO-TECNICA-01.jpg 800w, https:\/\/vocesparalelas.com.ar\/sitio\/wp-content\/uploads\/2023\/09\/EDUCACION-CONVENIO-TECNICA-01-300x165.jpg 300w, https:\/\/vocesparalelas.com.ar\/sitio\/wp-content\/uploads\/2023\/09\/EDUCACION-CONVENIO-TECNICA-01-768x423.jpg 768w\" sizes=\"auto, (max-width: 800px) 100vw, 800px\" \/><\/p>\n<p><img loading=\"lazy\" decoding=\"async\" class=\"alignnone size-full wp-image-63418\" src=\"https:\/\/vocesparalelas.com.ar\/sitio\/wp-content\/uploads\/2023\/09\/EDUCACION-CONVENIO-TECNICA-02.jpg\" alt=\"\" width=\"800\" height=\"489\" srcset=\"https:\/\/vocesparalelas.com.ar\/sitio\/wp-content\/uploads\/2023\/09\/EDUCACION-CONVENIO-TECNICA-02.jpg 800w, https:\/\/vocesparalelas.com.ar\/sitio\/wp-content\/uploads\/2023\/09\/EDUCACION-CONVENIO-TECNICA-02-300x183.jpg 300w, https:\/\/vocesparalelas.com.ar\/sitio\/wp-content\/uploads\/2023\/09\/EDUCACION-CONVENIO-TECNICA-02-768x469.jpg 768w\" sizes=\"auto, (max-width: 800px) 100vw, 800px\" \/><\/p>\n<p>El prop\u00f3sito del convenio marco de asistencia y cooperaci\u00f3n es de orden educativo, cultural, t\u00e9cnico, cient\u00edfico, de investigaci\u00f3n b\u00e1sica, art\u00edstico, deportivo, capacitaci\u00f3n, formaci\u00f3n, actualizaci\u00f3n tecnol\u00f3gica del personal docente, capacidad emprendedora de los estudiantes.<\/p>\n<p>Entre las aplicaciones que tiene directamente es el aporte para la implementaci\u00f3n de Plan FinEs y el desarrollo de Pr\u00e1cticas Profesionalizantes.<\/p>\n<p><img loading=\"lazy\" decoding=\"async\" class=\"alignnone size-full wp-image-28629\" src=\"https:\/\/vocesparalelas.com.ar\/sitio\/wp-content\/uploads\/2020\/05\/MINISTERIO-EDUCACION-SJ.jpg\" alt=\"\" width=\"800\" height=\"533\" srcset=\"https:\/\/vocesparalelas.com.ar\/sitio\/wp-content\/uploads\/2020\/05\/MINISTERIO-EDUCACION-SJ.jpg 800w, https:\/\/vocesparalelas.com.ar\/sitio\/wp-content\/uploads\/2020\/05\/MINISTERIO-EDUCACION-SJ-300x200.jpg 300w, https:\/\/vocesparalelas.com.ar\/sitio\/wp-content\/uploads\/2020\/05\/MINISTERIO-EDUCACION-SJ-768x512.jpg 768w\" sizes=\"auto, (max-width: 800px) 100vw, 800px\" \/><\/p>\n","protected":false},"excerpt":{"rendered":"<p>La ministra de Educaci\u00f3n del Gobierno de San Juan, Lic. Cecilia Trincado, los directores de Educaci\u00f3n T\u00e9cnica y Formaci\u00f3n Profesional,<\/p>\n","protected":false},"author":3,"featured_media":63419,"comment_status":"closed","ping_status":"closed","sticky":false,"template":"","format":"standard","meta":{"_acf_changed":false,"_seopress_robots_primary_cat":"none","_seopress_titles_title":"","_seopress_titles_desc":"","_seopress_robots_index":"","colormag_page_container_layout":"default_layout","colormag_page_sidebar_layout":"default_layout","footnotes":""},"categories":[1],"tags":[],"class_list":["post-63414","post","type-post","status-publish","format-standard","has-post-thumbnail","hentry","category-destacadas"],"acf":[],"_links":{"self":[{"href":"https:\/\/vocesparalelas.com.ar\/sitio\/wp-json\/wp\/v2\/posts\/63414","targetHints":{"allow":["GET"]}}],"collection":[{"href":"https:\/\/vocesparalelas.com.ar\/sitio\/wp-json\/wp\/v2\/posts"}],"about":[{"href":"https:\/\/vocesparalelas.com.ar\/sitio\/wp-json\/wp\/v2\/types\/post"}],"author":[{"embeddable":true,"href":"https:\/\/vocesparalelas.com.ar\/sitio\/wp-json\/wp\/v2\/users\/3"}],"replies":[{"embeddable":true,"href":"https:\/\/vocesparalelas.com.ar\/sitio\/wp-json\/wp\/v2\/comments?post=63414"}],"version-history":[{"count":1,"href":"https:\/\/vocesparalelas.com.ar\/sitio\/wp-json\/wp\/v2\/posts\/63414\/revisions"}],"predecessor-version":[{"id":63420,"href":"https:\/\/vocesparalelas.com.ar\/sitio\/wp-json\/wp\/v2\/posts\/63414\/revisions\/63420"}],"wp:featuredmedia":[{"embeddable":true,"href":"https:\/\/vocesparalelas.com.ar\/sitio\/wp-json\/wp\/v2\/media\/63419"}],"wp:attachment":[{"href":"https:\/\/vocesparalelas.com.ar\/sitio\/wp-json\/wp\/v2\/media?parent=63414"}],"wp:term":[{"taxonomy":"category","embeddable":true,"href":"https:\/\/vocesparalelas.com.ar\/sitio\/wp-json\/wp\/v2\/categories?post=63414"},{"taxonomy":"post_tag","embeddable":true,"href":"https:\/\/vocesparalelas.com.ar\/sitio\/wp-json\/wp\/v2\/tags?post=63414"}],"curies":[{"name":"wp","href":"https:\/\/api.w.org\/{rel}","templated":true}]}}