{"id":63403,"date":"2023-09-14T15:25:48","date_gmt":"2023-09-14T18:25:48","guid":{"rendered":"https:\/\/vocesparalelas.com.ar\/sitio\/?p=63403"},"modified":"2023-09-14T15:25:48","modified_gmt":"2023-09-14T18:25:48","slug":"xxx-encuentro-nacional-de-amja-juzgando-con-perspectiva-de-genero-en-mendoza","status":"publish","type":"post","link":"https:\/\/vocesparalelas.com.ar\/sitio\/xxx-encuentro-nacional-de-amja-juzgando-con-perspectiva-de-genero-en-mendoza\/","title":{"rendered":"XXX Encuentro Nacional de AMJA \u00abJuzgando con Perspectiva de G\u00e9nero\u00bb en Mendoza"},"content":{"rendered":"<p>El 7; 8 y 9 de Septiembre, en el Centro de Congresos y Exposiciones, de la Provincia de Mendoza se desarroll\u00f3 el XXX Encuentro Nacional de AMJA \u00abJuzgando con Perspectiva de G\u00e9nero\u00bb, en la provincia de Mendoza, organizado por la Asociaci\u00f3n de Mujeres Jueces de Argentina &#8211; AMJA.<\/p>\n<p>En el encuentro se desarrollaron paneles y talleres con representantes de AMJA. Adem\u00e1s, se comparti\u00f3 actividades sociales y visitas guiadas.<\/p>\n<p>Participaron cerca de 400 magistradas de Argentina, de Colombia, de Paraguay, de Guatemala, de M\u00e9xico, de Ecuador, de Per\u00fa, de Uruguay y de Estados Unidos. Lo interesante es cada representante aport\u00f3 las experiencias de sus respectivos pa\u00edses. Lo interesante que el objetivo fundamental fue lograr un documentos que ayude a mejorar el servicio de justicia.<\/p>\n<p><strong><span style=\"color: #ff00ff;\">Programa<\/span><\/strong><\/p>\n<p>Durante el evento tan significativo para la Justicia se trataron temas<\/p>\n<ul>\n<li>Juzgando con Perspectiva de G\u00e9nero. Compartiendo Buenas Pr\u00e1cticas.<\/li>\n<li>La Vulnerabilidad Como Perspectiva<\/li>\n<\/ul>\n<p>Luego, se propusieron talleres<\/p>\n<ol>\n<li>Civil y Comercial.<\/li>\n<li>Familia.<\/li>\n<li>Penal y G\u00e9nero.<\/li>\n<li>Penal y Penal Juvenil.<\/li>\n<li>Constitucional y Administrativo.<\/li>\n<li>Laboral y Previsional.<\/li>\n<li>Ejecuci\u00f3n de Pena.<\/li>\n<li>Trata de Personas.<\/li>\n<li>Talleres Interdisciplinarios.<\/li>\n<li>Talleres Justicia de Paz.<\/li>\n<li>Mesa de Trabajo con Ministras de Corte, Ministras de superiores tribunales provinciales, nacionales e internacionales.<\/li>\n<\/ol>\n<p>Todas las propuestas fueron expuestas por destacadas mujeres de la justicia que trabajan desde la mirada \u00abJuzgando con Perspectiva de G\u00e9nero\u00bb en cada espacio laboral.<\/p>\n<p>Por ello, la Dra. Adriana Garc\u00eda Nieto, integrante de AMJA y de la Corte de Justicia de San Juan, quien particip\u00f3 en la exposici\u00f3n del panel \u00abJuzgando con Perspectiva de G\u00e9nero. Compartiendo Buenas Pr\u00e1cticas\u00bb, en el XXX Encuentro Nacional de AMJA.<\/p>\n<p><img loading=\"lazy\" decoding=\"async\" class=\"alignnone size-large wp-image-63407 aligncenter\" src=\"https:\/\/vocesparalelas.com.ar\/sitio\/wp-content\/uploads\/2023\/09\/AMJA-01-600x800.jpg\" alt=\"\" width=\"600\" height=\"800\" srcset=\"https:\/\/vocesparalelas.com.ar\/sitio\/wp-content\/uploads\/2023\/09\/AMJA-01-600x800.jpg 600w, https:\/\/vocesparalelas.com.ar\/sitio\/wp-content\/uploads\/2023\/09\/AMJA-01-225x300.jpg 225w, https:\/\/vocesparalelas.com.ar\/sitio\/wp-content\/uploads\/2023\/09\/AMJA-01.jpg 768w\" sizes=\"auto, (max-width: 600px) 100vw, 600px\" \/><\/p>\n<p>Es importante destacar que la Dra. Adriana Garc\u00eda Nieto, ocup\u00f3 el cargo de la Presidencia de la Corte de Justicia de San Juan hasta Marzo de 2021. Es la primera mujer en ocupar dicho cargo en San Juan.<\/p>\n<p><iframe loading=\"lazy\" title=\"AMJA DRA ADRIANA GARC\u00cdA NIETO\" width=\"800\" height=\"450\" src=\"https:\/\/www.youtube.com\/embed\/XMDgyQTakCo?feature=oembed\" frameborder=\"0\" allow=\"accelerometer; autoplay; clipboard-write; encrypted-media; gyroscope; picture-in-picture; web-share\" allowfullscreen><\/iframe><\/p>\n<figure id=\"attachment_63408\" aria-describedby=\"caption-attachment-63408\" style=\"width: 800px\" class=\"wp-caption alignnone\"><img loading=\"lazy\" decoding=\"async\" class=\"size-full wp-image-63408\" src=\"https:\/\/vocesparalelas.com.ar\/sitio\/wp-content\/uploads\/2023\/09\/AMJA-02.jpg\" alt=\"\" width=\"800\" height=\"454\" srcset=\"https:\/\/vocesparalelas.com.ar\/sitio\/wp-content\/uploads\/2023\/09\/AMJA-02.jpg 800w, https:\/\/vocesparalelas.com.ar\/sitio\/wp-content\/uploads\/2023\/09\/AMJA-02-300x170.jpg 300w, https:\/\/vocesparalelas.com.ar\/sitio\/wp-content\/uploads\/2023\/09\/AMJA-02-768x436.jpg 768w\" sizes=\"auto, (max-width: 800px) 100vw, 800px\" \/><figcaption id=\"caption-attachment-63408\" class=\"wp-caption-text\">Integrantes de AMJA<\/figcaption><\/figure>\n<p>&nbsp;<\/p>\n<figure id=\"attachment_63409\" aria-describedby=\"caption-attachment-63409\" style=\"width: 800px\" class=\"wp-caption alignnone\"><img loading=\"lazy\" decoding=\"async\" class=\"size-full wp-image-63409\" src=\"https:\/\/vocesparalelas.com.ar\/sitio\/wp-content\/uploads\/2023\/09\/AMJA-03.jpg\" alt=\"\" width=\"800\" height=\"533\" srcset=\"https:\/\/vocesparalelas.com.ar\/sitio\/wp-content\/uploads\/2023\/09\/AMJA-03.jpg 800w, https:\/\/vocesparalelas.com.ar\/sitio\/wp-content\/uploads\/2023\/09\/AMJA-03-300x200.jpg 300w, https:\/\/vocesparalelas.com.ar\/sitio\/wp-content\/uploads\/2023\/09\/AMJA-03-768x512.jpg 768w\" sizes=\"auto, (max-width: 800px) 100vw, 800px\" \/><figcaption id=\"caption-attachment-63409\" class=\"wp-caption-text\">El momento cultural en el XXX Encuentro Nacional de AMJA.<\/figcaption><\/figure>\n<p>&nbsp;<\/p>\n<p>&nbsp;<\/p>\n","protected":false},"excerpt":{"rendered":"<p>El 7; 8 y 9 de Septiembre, en el Centro de Congresos y Exposiciones, de la Provincia de Mendoza se<\/p>\n","protected":false},"author":3,"featured_media":63406,"comment_status":"closed","ping_status":"closed","sticky":false,"template":"","format":"standard","meta":{"_acf_changed":false,"_seopress_robots_primary_cat":"none","_seopress_titles_title":"","_seopress_titles_desc":"","_seopress_robots_index":"","colormag_page_container_layout":"default_layout","colormag_page_sidebar_layout":"default_layout","footnotes":""},"categories":[1,7],"tags":[],"class_list":["post-63403","post","type-post","status-publish","format-standard","has-post-thumbnail","hentry","category-destacadas","category-videos"],"acf":[],"_links":{"self":[{"href":"https:\/\/vocesparalelas.com.ar\/sitio\/wp-json\/wp\/v2\/posts\/63403","targetHints":{"allow":["GET"]}}],"collection":[{"href":"https:\/\/vocesparalelas.com.ar\/sitio\/wp-json\/wp\/v2\/posts"}],"about":[{"href":"https:\/\/vocesparalelas.com.ar\/sitio\/wp-json\/wp\/v2\/types\/post"}],"author":[{"embeddable":true,"href":"https:\/\/vocesparalelas.com.ar\/sitio\/wp-json\/wp\/v2\/users\/3"}],"replies":[{"embeddable":true,"href":"https:\/\/vocesparalelas.com.ar\/sitio\/wp-json\/wp\/v2\/comments?post=63403"}],"version-history":[{"count":1,"href":"https:\/\/vocesparalelas.com.ar\/sitio\/wp-json\/wp\/v2\/posts\/63403\/revisions"}],"predecessor-version":[{"id":63410,"href":"https:\/\/vocesparalelas.com.ar\/sitio\/wp-json\/wp\/v2\/posts\/63403\/revisions\/63410"}],"wp:featuredmedia":[{"embeddable":true,"href":"https:\/\/vocesparalelas.com.ar\/sitio\/wp-json\/wp\/v2\/media\/63406"}],"wp:attachment":[{"href":"https:\/\/vocesparalelas.com.ar\/sitio\/wp-json\/wp\/v2\/media?parent=63403"}],"wp:term":[{"taxonomy":"category","embeddable":true,"href":"https:\/\/vocesparalelas.com.ar\/sitio\/wp-json\/wp\/v2\/categories?post=63403"},{"taxonomy":"post_tag","embeddable":true,"href":"https:\/\/vocesparalelas.com.ar\/sitio\/wp-json\/wp\/v2\/tags?post=63403"}],"curies":[{"name":"wp","href":"https:\/\/api.w.org\/{rel}","templated":true}]}}