{"id":63324,"date":"2023-09-12T21:40:43","date_gmt":"2023-09-13T00:40:43","guid":{"rendered":"https:\/\/vocesparalelas.com.ar\/sitio\/?p=63324"},"modified":"2023-09-14T01:32:57","modified_gmt":"2023-09-14T04:32:57","slug":"declaraciones-por-la-universidad-publica-en-el-90-plenario-del-cin-en-la-provincia-san-luis","status":"publish","type":"post","link":"https:\/\/vocesparalelas.com.ar\/sitio\/declaraciones-por-la-universidad-publica-en-el-90-plenario-del-cin-en-la-provincia-san-luis\/","title":{"rendered":"Declaraciones por la universidad p\u00fablica en el 90\u00b0 plenario del CIN en la Provincia San Luis"},"content":{"rendered":"<p>El 90\u00b0 Plenario de Rectoras y Rectores del Consejo Interuniversitario Nacional &#8211; CIN -, reunido con la organizaci\u00f3n de la Universidad Nacional de San Luis &#8211; UNSL -, acord\u00f3 los criterios y la metodolog\u00eda para la formulaci\u00f3n presupuestaria 2024 del conjunto de las universidades.<\/p>\n<p>El presidente del CIN, CPN Carlos Greco puntualiz\u00f3 que \u00abse trata de una propuesta que busca garantizar el sostenimiento y el funcionamiento del sistema universitario, porque contiene los acuerdos paritarios y la actualizaci\u00f3n de los gastos de acuerdo con la inflaci\u00f3n proyectada. La pr\u00f3xima semana se realizar\u00e1 la presentaci\u00f3n ante la Secretar\u00eda de Pol\u00edticas Universitarias &#8211; SPU\u00bb.<\/p>\n<p><img loading=\"lazy\" decoding=\"async\" class=\"alignnone size-full wp-image-63329\" src=\"https:\/\/vocesparalelas.com.ar\/sitio\/wp-content\/uploads\/2023\/09\/CIN-Plenario_CIN_San_Luis-26.jpg\" alt=\"\" width=\"800\" height=\"533\" srcset=\"https:\/\/vocesparalelas.com.ar\/sitio\/wp-content\/uploads\/2023\/09\/CIN-Plenario_CIN_San_Luis-26.jpg 800w, https:\/\/vocesparalelas.com.ar\/sitio\/wp-content\/uploads\/2023\/09\/CIN-Plenario_CIN_San_Luis-26-300x200.jpg 300w, https:\/\/vocesparalelas.com.ar\/sitio\/wp-content\/uploads\/2023\/09\/CIN-Plenario_CIN_San_Luis-26-768x512.jpg 768w\" sizes=\"auto, (max-width: 800px) 100vw, 800px\" \/><\/p>\n<p>&nbsp;<\/p>\n<p>Adem\u00e1s, estuvieron presentes el Lic. Jaime Perczyk, ministro de Educaci\u00f3n de la Naci\u00f3n, y el CPN Oscar Alpa, secretario de Pol\u00edticas Universitarias de la Naci\u00f3n.<\/p>\n<figure id=\"attachment_57487\" aria-describedby=\"caption-attachment-57487\" style=\"width: 800px\" class=\"wp-caption alignnone\"><img loading=\"lazy\" decoding=\"async\" class=\"size-full wp-image-57487\" src=\"https:\/\/vocesparalelas.com.ar\/sitio\/wp-content\/uploads\/2023\/03\/UNSJ-RECTOR-BERENGUER-10.jpg\" alt=\"\" width=\"800\" height=\"453\" srcset=\"https:\/\/vocesparalelas.com.ar\/sitio\/wp-content\/uploads\/2023\/03\/UNSJ-RECTOR-BERENGUER-10.jpg 800w, https:\/\/vocesparalelas.com.ar\/sitio\/wp-content\/uploads\/2023\/03\/UNSJ-RECTOR-BERENGUER-10-300x170.jpg 300w, https:\/\/vocesparalelas.com.ar\/sitio\/wp-content\/uploads\/2023\/03\/UNSJ-RECTOR-BERENGUER-10-768x435.jpg 768w\" sizes=\"auto, (max-width: 800px) 100vw, 800px\" \/><figcaption id=\"caption-attachment-57487\" class=\"wp-caption-text\">Rector de la UNSJ, Ing. Tadeo Berenguer<\/figcaption><\/figure>\n<p>Por ello, el Rector de la UNSJ, Ing. Tadeo Berenguer, luego del encuentro explic\u00f3 que \u00abhubo consenso sobre criterios y metodolog\u00eda para la formulaci\u00f3n presupuestaria 2024 del conjunto de las universidades. Un principio de acuerdo para el Presupuesto universitario de este a\u00f1o que forma parte del Presupuesto de educaci\u00f3n que creo que va a ser tratado el Viernes, 15 de Septiembre, a nivel nacional. Hubo un acuerdo de adecuar nuestros pedidos, adecuarlos a los \u00edndices inflacionarios, una actualizaci\u00f3n vinculada a esos ajustes\u201d.<\/p>\n<p>\u201cLas autoridades Nacionales informaron que el d\u00eda anterior a este plenario hubo reuni\u00f3n paritaria donde se determin\u00f3 un 21% de aumento en los sueldos docentes y no docentes que se aplicar\u00edan a los valores de agosto. As\u00ed que hubo importantes anuncios para tratar de ir gan\u00e1ndole a la inflaci\u00f3n tambi\u00e9n\u201d.<\/p>\n<p>\u00abDentro del marco de los recordatorios de estos 40 a\u00f1os de democracia, hubo referencias al crecimiento de la matricula universitaria. Fue el ministro Perczyk quien se encarg\u00f3 de recordar que el n\u00famero se increment\u00f3 en siete veces. Y la poblaci\u00f3n argentina no ha llegado a duplicarse\u201d.<\/p>\n<p>\u201cEso muestra la impronta que tiene las pol\u00edticas universitarias llevadas a cabo en esta instancia democr\u00e1tica. M\u00e1s de un 95% de alumnos en el sistema secundario y pr\u00e1cticamente la totalidad de los chicos debido a las leyes que preservan esto en el sistema primario. O sea que la educaci\u00f3n es un derecho humano y es un derecho constitucional porque est\u00e1 contemplado en nuestra Constituci\u00f3n, por lo tanto nadie lo puede tocar, tenemos que defenderlo a la rajatabla\u201d, afirm\u00f3 el Rector de la UNSJ &#8211; concluy\u00f3 el Rector de la UNSJ, Ing. Tadeo Berenguer.<\/p>\n<p><span style=\"color: #339966;\"><strong>Sobre el CIN<\/strong><\/span><\/p>\n<p>El Consejo Interuniversitario Nacional &#8211; CIN &#8211; fue creado en 1985 por el entonces presidente de la Rep\u00fablica Argentina, Dr. Ra\u00fal Alfons\u00edn. Nuclea a las universidades nacionales que buscan coordinar pol\u00edticas universitarias de inclusi\u00f3n, desarrollo y planificaci\u00f3n. Desempe\u00f1a funciones de coordinaci\u00f3n, consulta y propuesta de pol\u00edticas y estrategias de desarrollo universitario y de promoci\u00f3n de actividades de inter\u00e9s para el sistema p\u00fablico de educaci\u00f3n superior.<\/p>\n<p>Se trata de un Consejo que busca realizar un trabajo coordinado y conjunto en materia de pol\u00edticas p\u00fablicas, m\u00e1s all\u00e1 de las trayectorias pol\u00edtico-institucionales de los rectores y rectoras. Adem\u00e1s, realiza acuerdos de inter\u00e9s interuniversitario, educativo, cient\u00edfico, cultural y tecnol\u00f3gico con entidades nacionales e internacionales, p\u00fablicas o privadas, y es \u00f3rgano de consulta obligada en la toma de decisiones de trascendencia para el sistema universitario.<\/p>\n<p>El CIN cuenta con 12 comisiones permanentes que se dedican al estudio de los temas que les asigna el Comit\u00e9 Ejecutivo y la dependencia de las redes interuniversitarias.<\/p>\n<p><span style=\"color: #339966;\"><strong>Documento Adjunto la Declaraci\u00f3n de San Luis<\/strong><\/span><\/p>\n<p><a href=\"https:\/\/vocesparalelas.com.ar\/sitio\/wp-content\/uploads\/2023\/09\/CIN-Plenario_90_declaracion_SanLuis.pdf\">CIN-Plenario_90_declaracion_SanLuis<\/a><\/p>\n<p>&nbsp;<\/p>\n<p>&nbsp;<\/p>\n<p><img loading=\"lazy\" decoding=\"async\" class=\"alignnone size-full wp-image-39977\" src=\"https:\/\/vocesparalelas.com.ar\/sitio\/wp-content\/uploads\/2021\/07\/CIN-LOGO-1.jpg\" alt=\"\" width=\"800\" height=\"493\" srcset=\"https:\/\/vocesparalelas.com.ar\/sitio\/wp-content\/uploads\/2021\/07\/CIN-LOGO-1.jpg 800w, https:\/\/vocesparalelas.com.ar\/sitio\/wp-content\/uploads\/2021\/07\/CIN-LOGO-1-300x185.jpg 300w, https:\/\/vocesparalelas.com.ar\/sitio\/wp-content\/uploads\/2021\/07\/CIN-LOGO-1-768x473.jpg 768w\" sizes=\"auto, (max-width: 800px) 100vw, 800px\" \/><\/p>\n","protected":false},"excerpt":{"rendered":"<p>El 90\u00b0 Plenario de Rectoras y Rectores del Consejo Interuniversitario Nacional &#8211; CIN -, reunido con la organizaci\u00f3n de la<\/p>\n","protected":false},"author":3,"featured_media":63327,"comment_status":"closed","ping_status":"closed","sticky":false,"template":"","format":"standard","meta":{"_acf_changed":false,"_seopress_robots_primary_cat":"none","_seopress_titles_title":"","_seopress_titles_desc":"","_seopress_robots_index":"","colormag_page_container_layout":"default_layout","colormag_page_sidebar_layout":"default_layout","footnotes":""},"categories":[10],"tags":[],"class_list":["post-63324","post","type-post","status-publish","format-standard","has-post-thumbnail","hentry","category-opiniones"],"acf":[],"_links":{"self":[{"href":"https:\/\/vocesparalelas.com.ar\/sitio\/wp-json\/wp\/v2\/posts\/63324","targetHints":{"allow":["GET"]}}],"collection":[{"href":"https:\/\/vocesparalelas.com.ar\/sitio\/wp-json\/wp\/v2\/posts"}],"about":[{"href":"https:\/\/vocesparalelas.com.ar\/sitio\/wp-json\/wp\/v2\/types\/post"}],"author":[{"embeddable":true,"href":"https:\/\/vocesparalelas.com.ar\/sitio\/wp-json\/wp\/v2\/users\/3"}],"replies":[{"embeddable":true,"href":"https:\/\/vocesparalelas.com.ar\/sitio\/wp-json\/wp\/v2\/comments?post=63324"}],"version-history":[{"count":1,"href":"https:\/\/vocesparalelas.com.ar\/sitio\/wp-json\/wp\/v2\/posts\/63324\/revisions"}],"predecessor-version":[{"id":63330,"href":"https:\/\/vocesparalelas.com.ar\/sitio\/wp-json\/wp\/v2\/posts\/63324\/revisions\/63330"}],"wp:featuredmedia":[{"embeddable":true,"href":"https:\/\/vocesparalelas.com.ar\/sitio\/wp-json\/wp\/v2\/media\/63327"}],"wp:attachment":[{"href":"https:\/\/vocesparalelas.com.ar\/sitio\/wp-json\/wp\/v2\/media?parent=63324"}],"wp:term":[{"taxonomy":"category","embeddable":true,"href":"https:\/\/vocesparalelas.com.ar\/sitio\/wp-json\/wp\/v2\/categories?post=63324"},{"taxonomy":"post_tag","embeddable":true,"href":"https:\/\/vocesparalelas.com.ar\/sitio\/wp-json\/wp\/v2\/tags?post=63324"}],"curies":[{"name":"wp","href":"https:\/\/api.w.org\/{rel}","templated":true}]}}