{"id":63292,"date":"2023-09-11T20:20:23","date_gmt":"2023-09-11T23:20:23","guid":{"rendered":"https:\/\/vocesparalelas.com.ar\/sitio\/?p=63292"},"modified":"2023-09-15T00:19:18","modified_gmt":"2023-09-15T03:19:18","slug":"cientificos-encontraron-una-especie-de-garrapata-que-transmite-enfermedad-zoonotica-fiebre-manchada","status":"publish","type":"post","link":"https:\/\/vocesparalelas.com.ar\/sitio\/cientificos-encontraron-una-especie-de-garrapata-que-transmite-enfermedad-zoonotica-fiebre-manchada\/","title":{"rendered":"Cient\u00edficos encontraron una especie de garrapata que transmite enfermedad zoon\u00f3tica \u00abfiebre manchada\u00bb"},"content":{"rendered":"<p>El Centro para la Conservaci\u00f3n de Fauna Silvestre \u2013 Faun\u00edstico \u2013 depende de la Municipalidad de Rivadavia pero recibe colaboraci\u00f3n de los cient\u00edficos de la Facultad de Ciencias Exactas, F\u00edsicas y Naturales de la Universidad Nacional de San Juan.<\/p>\n<p>Este trabajo conjunto es producto de convenios firmado entre las instituciones que permiten que los profesionales rescaten animales silvestres que la gente los tiene como mascotas y otros que son rescatados de la naturaleza y se encuentran en riesgos de vida. En todos los casos se los atiende, se los cuida, se los alimenta para su recuperaci\u00f3n.<\/p>\n<p>En ella, los profesionales trabajan para ponerlos a salvo y unos son liberados a su h\u00e1bitat y otros se quedan a vivir en el Faun\u00edstico porque es imposible liberarlos a la naturaleza.<\/p>\n<p>Por ello, el equipo de profesionales del Faun\u00edstico y de la FCEFN de la UNSJ, desarrollaron el trabajo de investigaci\u00f3n para contribuir al conocimiento de las especies de garrapatas que se encuentran en los animales silvestres de la Provincia de San Juan.<\/p>\n<p>Es as\u00ed que Voces Paralelas desarroll\u00f3 una entrevista period\u00edstica al cient\u00edfico de la FCEFN de la UNSJ, Dr. Gabriel Castillo y a la integrante del equipo del Faun\u00edstico, veterinaria Cynthia Gonz\u00e1lez, quienes explicaron lo que significa el trabajo cient\u00edfico y que contribuye m\u00e1s conocimiento sobre la especie de garrapata.<\/p>\n<p><iframe loading=\"lazy\" title=\"FCEFN UNSJ DR GABRIEL CASTILLO VETERINARIA CYNTIA GONZ\u00c1LEZ\" width=\"800\" height=\"450\" src=\"https:\/\/www.youtube.com\/embed\/afKKBDrUFE4?feature=oembed\" frameborder=\"0\" allow=\"accelerometer; autoplay; clipboard-write; encrypted-media; gyroscope; picture-in-picture; web-share\" allowfullscreen><\/iframe><\/p>\n<p>El Dr. Gabriel Castillo, cient\u00edfico de la FCEFN de la UNSJ, explic\u00f3 como se inici\u00f3 la tarea desde que en el Gato Mont\u00e9s se le encontr\u00f3 una garrapata diferente por sus caracter\u00edsticas.<\/p>\n<p><iframe loading=\"lazy\" title=\"FCEFN UNSJ DR GABRIEL CASTILLO\" width=\"800\" height=\"450\" src=\"https:\/\/www.youtube.com\/embed\/RT_pMFDDDCw?feature=oembed\" frameborder=\"0\" allow=\"accelerometer; autoplay; clipboard-write; encrypted-media; gyroscope; picture-in-picture; web-share\" allowfullscreen><\/iframe><\/p>\n<p>El trabajo en el Faun\u00edstico, de la Veterinaria Cyntia Gonz\u00e1lez, muy interesante porque le permite investigar sobre los estados de salud que ingresan los animales silvestres al Centro para la Conservaci\u00f3n de Fauna Silvestre de San Juan.<\/p>\n<p><iframe loading=\"lazy\" title=\"FCEFN UNSJ VETERINARIA CYNTIA GONZ\u00c1LEZ\" width=\"800\" height=\"450\" src=\"https:\/\/www.youtube.com\/embed\/-cO_lU6bk7A?feature=oembed\" frameborder=\"0\" allow=\"accelerometer; autoplay; clipboard-write; encrypted-media; gyroscope; picture-in-picture; web-share\" allowfullscreen><\/iframe><\/p>\n<p>&nbsp;<\/p>\n<p><span style=\"color: #339966;\"><strong>Publicaci\u00f3n<\/strong><\/span><\/p>\n<p>Lograron la publicaci\u00f3n se titula \u201cAmblyomma tigrinum &#8211; Acari: Ixodidae &#8211; parasitando al gato mont\u00e9s Leopardus geoffroyi &#8211; Carnivora: Felidae &#8211; en la provincia de San Juan, Rep\u00fablica Argentina.<\/p>\n<p><img loading=\"lazy\" decoding=\"async\" class=\"alignnone size-full wp-image-63296\" src=\"https:\/\/vocesparalelas.com.ar\/sitio\/wp-content\/uploads\/2023\/09\/FCEFN-GARRAPATA-02.jpg\" alt=\"\" width=\"800\" height=\"800\" srcset=\"https:\/\/vocesparalelas.com.ar\/sitio\/wp-content\/uploads\/2023\/09\/FCEFN-GARRAPATA-02.jpg 800w, https:\/\/vocesparalelas.com.ar\/sitio\/wp-content\/uploads\/2023\/09\/FCEFN-GARRAPATA-02-300x300.jpg 300w, https:\/\/vocesparalelas.com.ar\/sitio\/wp-content\/uploads\/2023\/09\/FCEFN-GARRAPATA-02-150x150.jpg 150w, https:\/\/vocesparalelas.com.ar\/sitio\/wp-content\/uploads\/2023\/09\/FCEFN-GARRAPATA-02-768x768.jpg 768w\" sizes=\"auto, (max-width: 800px) 100vw, 800px\" \/><\/p>\n<p><span style=\"color: #339966;\"><strong>Trabajo de investigaci\u00f3n<\/strong><\/span><\/p>\n<p>En esta investigaci\u00f3n participaron la veterinaria Cynthia Gonz\u00e1lez con la colaboraci\u00f3n del parasit\u00f3logo Dr. Gabriel Castillo, cient\u00edfico de la Facultad de Ciencias Exactas, F\u00edsicas y Naturales de la Universidad Nacional de San Juan.<\/p>\n<p>Se trata de otro hallazgo de una especie de garrapata de importancia m\u00e9dica y veterinaria debido a que los estadios adultos han sido registrados principalmente en mam\u00edferos, incluyendo a humanos.<\/p>\n<p>Adem\u00e1s, esta garrapata es un vector de una enfermedad zoon\u00f3tica llamada fiebre manchada.<\/p>\n<p><span style=\"color: #339966;\"><strong>La historia con el gato mont\u00e9s<\/strong><\/span><\/p>\n<p>En Septiembre del 2021 ingres\u00f3 al Centro para la Conservaci\u00f3n de Fauna Silvestre \u2013 Faun\u00edstico \u2013 un ejemplar de gato mont\u00e9s, rescatado en el Departamento San Mart\u00edn, de la Provincia de San Juan, Rep\u00fablica Argentina.<\/p>\n<figure id=\"attachment_63295\" aria-describedby=\"caption-attachment-63295\" style=\"width: 800px\" class=\"wp-caption alignnone\"><img loading=\"lazy\" decoding=\"async\" class=\"size-full wp-image-63295\" src=\"https:\/\/vocesparalelas.com.ar\/sitio\/wp-content\/uploads\/2023\/09\/FCEFN-GARRAPATA-01.jpg\" alt=\"\" width=\"800\" height=\"800\" srcset=\"https:\/\/vocesparalelas.com.ar\/sitio\/wp-content\/uploads\/2023\/09\/FCEFN-GARRAPATA-01.jpg 800w, https:\/\/vocesparalelas.com.ar\/sitio\/wp-content\/uploads\/2023\/09\/FCEFN-GARRAPATA-01-300x300.jpg 300w, https:\/\/vocesparalelas.com.ar\/sitio\/wp-content\/uploads\/2023\/09\/FCEFN-GARRAPATA-01-150x150.jpg 150w, https:\/\/vocesparalelas.com.ar\/sitio\/wp-content\/uploads\/2023\/09\/FCEFN-GARRAPATA-01-768x768.jpg 768w\" sizes=\"auto, (max-width: 800px) 100vw, 800px\" \/><figcaption id=\"caption-attachment-63295\" class=\"wp-caption-text\">Gato mont\u00e9s con su garrapata<\/figcaption><\/figure>\n<p>El personal veterinario del Faun\u00edstico, procedi\u00f3 a realizar la atenci\u00f3n pertinente del animal. Durante el examen externo se pudo constatar la presencia de garrapatas que fueron extra\u00eddas y luego identificadas.<\/p>\n<figure id=\"attachment_63296\" aria-describedby=\"caption-attachment-63296\" style=\"width: 800px\" class=\"wp-caption alignnone\"><img loading=\"lazy\" decoding=\"async\" class=\"size-full wp-image-63296\" src=\"https:\/\/vocesparalelas.com.ar\/sitio\/wp-content\/uploads\/2023\/09\/FCEFN-GARRAPATA-02.jpg\" alt=\"\" width=\"800\" height=\"800\" srcset=\"https:\/\/vocesparalelas.com.ar\/sitio\/wp-content\/uploads\/2023\/09\/FCEFN-GARRAPATA-02.jpg 800w, https:\/\/vocesparalelas.com.ar\/sitio\/wp-content\/uploads\/2023\/09\/FCEFN-GARRAPATA-02-300x300.jpg 300w, https:\/\/vocesparalelas.com.ar\/sitio\/wp-content\/uploads\/2023\/09\/FCEFN-GARRAPATA-02-150x150.jpg 150w, https:\/\/vocesparalelas.com.ar\/sitio\/wp-content\/uploads\/2023\/09\/FCEFN-GARRAPATA-02-768x768.jpg 768w\" sizes=\"auto, (max-width: 800px) 100vw, 800px\" \/><figcaption id=\"caption-attachment-63296\" class=\"wp-caption-text\">Lograron la publicaci\u00f3n se titula \u201cAmblyomma tigrinum &#8211; Acari: Ixodidae &#8211; parasitando al gato mont\u00e9s Leopardus geoffroyi &#8211; Carnivora: Felidae &#8211; en la provincia de San Juan, Rep\u00fablica Argentina.<\/figcaption><\/figure>\n<p>Este es el tercer registro que realiza el centro en torno a este ecoparasito, los dos anteriores fueron en puma y zorro. Al estar asociado a una enfermedad que puede afectar al humano, esta publicaci\u00f3n es un importante antecedente epidemiol\u00f3gico para la provincia, detallando las localidades donde se la puede encontrar y los animales de los que se alimenta.<\/p>\n<figure id=\"attachment_63297\" aria-describedby=\"caption-attachment-63297\" style=\"width: 800px\" class=\"wp-caption alignnone\"><img loading=\"lazy\" decoding=\"async\" class=\"size-full wp-image-63297\" src=\"https:\/\/vocesparalelas.com.ar\/sitio\/wp-content\/uploads\/2023\/09\/FCEFN-GARRAPATA-03.jpg\" alt=\"\" width=\"800\" height=\"800\" srcset=\"https:\/\/vocesparalelas.com.ar\/sitio\/wp-content\/uploads\/2023\/09\/FCEFN-GARRAPATA-03.jpg 800w, https:\/\/vocesparalelas.com.ar\/sitio\/wp-content\/uploads\/2023\/09\/FCEFN-GARRAPATA-03-300x300.jpg 300w, https:\/\/vocesparalelas.com.ar\/sitio\/wp-content\/uploads\/2023\/09\/FCEFN-GARRAPATA-03-150x150.jpg 150w, https:\/\/vocesparalelas.com.ar\/sitio\/wp-content\/uploads\/2023\/09\/FCEFN-GARRAPATA-03-768x768.jpg 768w\" sizes=\"auto, (max-width: 800px) 100vw, 800px\" \/><figcaption id=\"caption-attachment-63297\" class=\"wp-caption-text\">Veterinaria Cynthia Gonz\u00e1lez<\/figcaption><\/figure>\n<p>&nbsp;<\/p>\n<p><img loading=\"lazy\" decoding=\"async\" class=\"alignnone size-large wp-image-25889\" src=\"https:\/\/vocesparalelas.com.ar\/sitio\/wp-content\/uploads\/2019\/12\/RIVADAVIA-FAUNISTICO-800x600.jpg\" alt=\"\" width=\"800\" height=\"600\" srcset=\"https:\/\/vocesparalelas.com.ar\/sitio\/wp-content\/uploads\/2019\/12\/RIVADAVIA-FAUNISTICO.jpg 800w, https:\/\/vocesparalelas.com.ar\/sitio\/wp-content\/uploads\/2019\/12\/RIVADAVIA-FAUNISTICO-300x225.jpg 300w, https:\/\/vocesparalelas.com.ar\/sitio\/wp-content\/uploads\/2019\/12\/RIVADAVIA-FAUNISTICO-768x576.jpg 768w\" sizes=\"auto, (max-width: 800px) 100vw, 800px\" \/><\/p>\n<p>&nbsp;<\/p>\n<p>&nbsp;<\/p>\n<p>&nbsp;<\/p>\n","protected":false},"excerpt":{"rendered":"<p>El Centro para la Conservaci\u00f3n de Fauna Silvestre \u2013 Faun\u00edstico \u2013 depende de la Municipalidad de Rivadavia pero recibe colaboraci\u00f3n<\/p>\n","protected":false},"author":3,"featured_media":63298,"comment_status":"closed","ping_status":"closed","sticky":false,"template":"","format":"standard","meta":{"_acf_changed":false,"_seopress_robots_primary_cat":"none","_seopress_titles_title":"","_seopress_titles_desc":"","_seopress_robots_index":"","colormag_page_container_layout":"default_layout","colormag_page_sidebar_layout":"default_layout","footnotes":""},"categories":[15,7],"tags":[],"class_list":["post-63292","post","type-post","status-publish","format-standard","has-post-thumbnail","hentry","category-posgrados","category-videos"],"acf":[],"_links":{"self":[{"href":"https:\/\/vocesparalelas.com.ar\/sitio\/wp-json\/wp\/v2\/posts\/63292","targetHints":{"allow":["GET"]}}],"collection":[{"href":"https:\/\/vocesparalelas.com.ar\/sitio\/wp-json\/wp\/v2\/posts"}],"about":[{"href":"https:\/\/vocesparalelas.com.ar\/sitio\/wp-json\/wp\/v2\/types\/post"}],"author":[{"embeddable":true,"href":"https:\/\/vocesparalelas.com.ar\/sitio\/wp-json\/wp\/v2\/users\/3"}],"replies":[{"embeddable":true,"href":"https:\/\/vocesparalelas.com.ar\/sitio\/wp-json\/wp\/v2\/comments?post=63292"}],"version-history":[{"count":2,"href":"https:\/\/vocesparalelas.com.ar\/sitio\/wp-json\/wp\/v2\/posts\/63292\/revisions"}],"predecessor-version":[{"id":63303,"href":"https:\/\/vocesparalelas.com.ar\/sitio\/wp-json\/wp\/v2\/posts\/63292\/revisions\/63303"}],"wp:featuredmedia":[{"embeddable":true,"href":"https:\/\/vocesparalelas.com.ar\/sitio\/wp-json\/wp\/v2\/media\/63298"}],"wp:attachment":[{"href":"https:\/\/vocesparalelas.com.ar\/sitio\/wp-json\/wp\/v2\/media?parent=63292"}],"wp:term":[{"taxonomy":"category","embeddable":true,"href":"https:\/\/vocesparalelas.com.ar\/sitio\/wp-json\/wp\/v2\/categories?post=63292"},{"taxonomy":"post_tag","embeddable":true,"href":"https:\/\/vocesparalelas.com.ar\/sitio\/wp-json\/wp\/v2\/tags?post=63292"}],"curies":[{"name":"wp","href":"https:\/\/api.w.org\/{rel}","templated":true}]}}