{"id":63259,"date":"2023-09-10T23:08:12","date_gmt":"2023-09-11T02:08:12","guid":{"rendered":"https:\/\/vocesparalelas.com.ar\/sitio\/?p=63259"},"modified":"2023-09-10T23:08:29","modified_gmt":"2023-09-11T02:08:29","slug":"maximiliano-pullaro-gano-las-elecciones-santa-fe-2023-y-se-transformo-en-el-gobernador-electo","status":"publish","type":"post","link":"https:\/\/vocesparalelas.com.ar\/sitio\/maximiliano-pullaro-gano-las-elecciones-santa-fe-2023-y-se-transformo-en-el-gobernador-electo\/","title":{"rendered":"Maximiliano Pullaro gan\u00f3 las Elecciones Santa Fe 2023 y se transform\u00f3 en el Gobernador Electo"},"content":{"rendered":"<div class=\"body-blogging-article \">\n<p class=\"paragraph\">Tanto el presidente Dr. Alberto Fern\u00e1ndez como su antecesor, Ing. Mauricio Macri, felicitaron por las redes sociales a\u00a0Maximiliano Pullaro\u00a0por su triunfo en las elecciones en Santa Fe 2023, donde arras\u00f3 con casi el 60% de los votos, convirti\u00e9ndose as\u00ed en el Gobernador Electo.<\/p>\n<\/div>\n<div class=\"body-blogging-article \">\n<p class=\"paragraph\">\u201cLas santafesinas y santafesinos eligieron hoy a su nuevo gobernador. Felicito a Maxi Pullaro por esta elecci\u00f3n y deseo el mejor futuro para toda la provincia de Santa Fe\u201d, fue el corto mensaje que public\u00f3 el actual jefe de Estado en su cuenta de Twitter.<\/p>\n<p>Unos minutos m\u00e1s tarde, el ex mandatario nacional tambi\u00e9n se hizo eco de la noticia: \u201c\u00a1\u00a1\u00a1Vamos Santa Fe!!! Impresionante el triunfo del cambio. Felicitaciones al gobernador electo, Maxi Pullaro, y al equipo. Hoy los santafesinos se expresaron a favor del pa\u00eds con orden, seguridad y oportunidades de progresar a trav\u00e9s del trabajo y del esfuerzo que proponen Maxi y Patricia. Ahora, a trabajar por todos ellos\u201d, coment\u00f3 Macri.<\/p>\n<div class=\"body-blogging-article \">\n<p class=\"paragraph\">La candidata a presidenta por Juntos por el Cambio,Patricia Bullrich, celebr\u00f3 este domingo el triunfo en Santa Fe y asegur\u00f3 que \u201ccon\u00a0Pablo Javkin\u00a0en Rosario, con\u00a0Maximiliano Pullaro\u00a0y\u00a0Gisele Scaglia\u00a0en Santa Fe\u201d y con ella en la Naci\u00f3n, esa ciudad \u201dse libera de los narcos\u201d.<\/p>\n<\/div>\n<div class=\"body-blogging-article \">\n<p class=\"paragraph\">La ex ministra de la Naci\u00f3n viaj\u00f3 hasta esa localidad para acompa\u00f1ar a Pullaro en los festejos por su consagraci\u00f3n como gobernador electo y, al subir al escenario, agradeci\u00f3 por \u201cpoder estar aqu\u00ed, en uno de los corazones productivos, de la cultura del trabajo, mostrando una nueva f\u00f3rmula, una nueva capacidad de gobernar\u201d.<\/p>\n<\/div>\n<div class=\"body-blogging-article \">\n<p class=\"paragraph\">\u201cEsta elecci\u00f3n, que entierra al kirchnerismo en Santa Fe, demuestra que hay una sociedad que est\u00e1 diciendo que no quiere m\u00e1s una provincia que ha estado casi descansando durante casi cuatro a\u00f1os, bajando la producci\u00f3n y con los narcos que volvieron a crecer en Rosario. Por eso, estoy total y absolutamente convencida de que, con Javkin en Rosario, con Maxi y con Gisele en la provincia y con Bulrrich en la Naci\u00f3n, Rosario se libera de los narcos\u201d, cerr\u00f3.<\/p>\n<div class=\"body-blogging-article \">\n<p class=\"paragraph\">Con casi la totalidad de las mesas escrutadas, el candidato a gobernador de Santa Fe por la oposici\u00f3n,\u00a0<b>Maximiliano Pullaro<\/b>, sali\u00f3 al escenario, celebr\u00f3 su triunfo en las elecciones y asegur\u00f3 que la provincia se \u201ctiene que alinear al cambio que tiene que venir tambi\u00e9n a nivel nacional\u201d.<\/p>\n<\/div>\n<div class=\"body-blogging-article \">\n<p class=\"paragraph\">\u201cEstuve con cada uno de los sectores y quiero que sepan que escuchamos a cada uno de ustedes, sabemos cu\u00e1les son sus problemas y vamos a trabajar fuertemente para responder a cada uno de esos reclamos. Nosotros sabemos de las angustias que tienen los santafesinos, pero tambi\u00e9n de los sue\u00f1os e ilusiones que tienen\u201d<\/p>\n<\/div>\n<div class=\"body-blogging-article \">\n<p class=\"paragraph\">En este sentido, el futuro mandatario local destac\u00f3 que \u201cSanta Fe es lo mejor de la Rep\u00fablica Argentina, porque es el campo, es la industria, es el comercio, es una provincia de trabajo que va a salir adelante con el esfuerzo de todos\u201d.<\/p>\n<\/div>\n<div class=\"body-blogging-article \">\n<p class=\"paragraph\">\u201cNosotros vamos a trabajar 24 horas, los siete d\u00edas de la semana, para que los problemas de las personas se puedan resolver.\u00a0Vamos a dejar nuestra vida en estos cuatro a\u00f1os para que los santafesinos puedan vivir mejor\u201d, asegur\u00f3.<\/p>\n<\/div>\n<div class=\"body-blogging-article \">\n<p class=\"paragraph\">Por \u00faltimo, Pullaro se describi\u00f3 a s\u00ed mismo como \u201cun hombre de profundo trabajo\u201d e hizo referencia a las pr\u00f3ximas elecciones presidenciales, al remarcar que la provincia\u00a0\u201cse tiene que alinear al cambio que tiene que venir tambi\u00e9n a nivel nacional\u201d.<\/p>\n<\/div>\n<div class=\"body-blogging-article \">\n<p class=\"paragraph\">\u201cTomamos el compromiso de esforzarnos, de escuchar mucho, de tener a un equipo que va a salir a la cancha desde el 10 de diciembre a gobernar bien la provincia de Santa Fe\u201d, cerr\u00f3.<\/p>\n<\/div>\n<\/div>\n<\/div>\n","protected":false},"excerpt":{"rendered":"<p>Tanto el presidente Dr. Alberto Fern\u00e1ndez como su antecesor, Ing. Mauricio Macri, felicitaron por las redes sociales a\u00a0Maximiliano Pullaro\u00a0por su<\/p>\n","protected":false},"author":3,"featured_media":63262,"comment_status":"closed","ping_status":"closed","sticky":false,"template":"","format":"standard","meta":{"_acf_changed":false,"_seopress_robots_primary_cat":"none","_seopress_titles_title":"","_seopress_titles_desc":"","_seopress_robots_index":"","colormag_page_container_layout":"default_layout","colormag_page_sidebar_layout":"default_layout","footnotes":""},"categories":[1],"tags":[],"class_list":["post-63259","post","type-post","status-publish","format-standard","has-post-thumbnail","hentry","category-destacadas"],"acf":[],"_links":{"self":[{"href":"https:\/\/vocesparalelas.com.ar\/sitio\/wp-json\/wp\/v2\/posts\/63259","targetHints":{"allow":["GET"]}}],"collection":[{"href":"https:\/\/vocesparalelas.com.ar\/sitio\/wp-json\/wp\/v2\/posts"}],"about":[{"href":"https:\/\/vocesparalelas.com.ar\/sitio\/wp-json\/wp\/v2\/types\/post"}],"author":[{"embeddable":true,"href":"https:\/\/vocesparalelas.com.ar\/sitio\/wp-json\/wp\/v2\/users\/3"}],"replies":[{"embeddable":true,"href":"https:\/\/vocesparalelas.com.ar\/sitio\/wp-json\/wp\/v2\/comments?post=63259"}],"version-history":[{"count":1,"href":"https:\/\/vocesparalelas.com.ar\/sitio\/wp-json\/wp\/v2\/posts\/63259\/revisions"}],"predecessor-version":[{"id":63263,"href":"https:\/\/vocesparalelas.com.ar\/sitio\/wp-json\/wp\/v2\/posts\/63259\/revisions\/63263"}],"wp:featuredmedia":[{"embeddable":true,"href":"https:\/\/vocesparalelas.com.ar\/sitio\/wp-json\/wp\/v2\/media\/63262"}],"wp:attachment":[{"href":"https:\/\/vocesparalelas.com.ar\/sitio\/wp-json\/wp\/v2\/media?parent=63259"}],"wp:term":[{"taxonomy":"category","embeddable":true,"href":"https:\/\/vocesparalelas.com.ar\/sitio\/wp-json\/wp\/v2\/categories?post=63259"},{"taxonomy":"post_tag","embeddable":true,"href":"https:\/\/vocesparalelas.com.ar\/sitio\/wp-json\/wp\/v2\/tags?post=63259"}],"curies":[{"name":"wp","href":"https:\/\/api.w.org\/{rel}","templated":true}]}}