{"id":63212,"date":"2023-09-07T22:31:33","date_gmt":"2023-09-08T01:31:33","guid":{"rendered":"https:\/\/vocesparalelas.com.ar\/sitio\/?p=63212"},"modified":"2023-09-15T00:23:09","modified_gmt":"2023-09-15T03:23:09","slug":"documental-areas-protegidas-de-san-juan","status":"publish","type":"post","link":"https:\/\/vocesparalelas.com.ar\/sitio\/documental-areas-protegidas-de-san-juan\/","title":{"rendered":"Documental \u00c1reas Protegidas de San Juan"},"content":{"rendered":"<p>La Secretar\u00eda de Estado de Ambiente y Desarrollo Sustentable present\u00f3 la serie documental \u00c1reas Protegidas de San Juan, de distribuci\u00f3n gratuita, que consta de 10 producciones audiovisuales en las que se muestra las riquezas de Manantiales, San Guillermo, Don Carmelo, Valle F\u00e9rtil, La Ci\u00e9naga, Guanacache, Pedernal, Parque de la Biodiversidad, Parque Sarmiento y Loma de las Tapias.<\/p>\n<p>Esta iniciativa que surgi\u00f3 desde la Direcci\u00f3n de Conservaci\u00f3n y \u00c1reas Protegidas, fue presentada en conferencia de prensa por el Secretario de Estado de Ambiente Francisco Guevara, el Director de Conservaci\u00f3n y \u00c1reas Protegidas Andr\u00e9s Ortega y el responsable t\u00e9cnico del \u00e1rea Parque Natural Valle F\u00e9rtil Rodrigo Nieva.<\/p>\n<p>Sobre la importancia de esta serie documental Francisco Guevara dijo que \u201clo que presentamos hoy es una mini serie, sobre todas las \u00e1reas protegidas de la provincia, orgullosamente decimos que San Juan es la segunda provincia a nivel nacional con mayor extensi\u00f3n territorial protegida, es decir el 33% de nuestro suelo est\u00e1 protegido bajo diferentes categor\u00edas de conservaci\u00f3n\u201d.<\/p>\n<p>En cuanto a las pol\u00edticas ambientales que se desarrollan y aplican en la provincia el Secretario coment\u00f3 que \u201choy el mundo habla del 30% urbanizaci\u00f3n, otro 30 protegido y 30 de espacios verdes, en San Juan venimos trabajando fuertemente en cuidar nuestras \u00e1reas protegidas a trav\u00e9s de la labor de los guardaparques y de avances t\u00e9cnicos y cient\u00edficos en cada \u00e1rea, adem\u00e1s con estos videos buscamos sensibilizar, generar conciencia y transmitir a los sanjuaninos de manera m\u00e1s did\u00e1ctica a trav\u00e9s de redes sociales y nuevas plataformas, toda la informaci\u00f3n para que podamos conocer nuestra provincia y \u00e1reas protegidas\u00bb.<\/p>\n<p>Por su parte, Andr\u00e9s Ortega se refiri\u00f3 al objetivo que se persigue con este tipo de producciones y explic\u00f3 que \u201clos videos van a contribuir a que los sanjuaninos podamos revalorizar la importancia de los recursos naturales y la actividad que se realiza como Estado para cuidarlos en las diferentes \u00e1reas protegidas. Este trabajo surgi\u00f3 como iniciativa de la Direcci\u00f3n de Conservaci\u00f3n y \u00c1reas Protegidas, con el apoyo del \u00e1rea de Prensa de la Secretar\u00eda\u00bb.<\/p>\n<p>Los documentales se distribuir\u00e1n de forma totalmente gratuita, se pueden descargar haciendo click aqu\u00ed<\/p>\n<p><a href=\"https:\/\/drive.google.com\/drive\/folders\/1Zizp26pRaNnQSTWudRj38i6KKR2odFBM\">https:\/\/drive.google.com\/drive\/folders\/1Zizp26pRaNnQSTWudRj38i6KKR2odFBM<\/a><\/p>\n<p>o a trav\u00e9s de las redes sociales de la Secretar\u00eda.<\/p>\n<p>Facebook:\u00a0<a href=\"https:\/\/www.facebook.com\/secambientesj\" target=\"_blank\" rel=\"noopener noreferrer\">Ambiente San Juan<\/a><\/p>\n<p>Instagram:\u00a0<a href=\"https:\/\/www.instagram.com\/ambiente.sanjuan\/?hl=es-la\" target=\"_blank\" rel=\"noopener noreferrer\">ambiente.sanjuan<\/a><\/p>\n<p><iframe loading=\"lazy\" title=\"\u00c1REAS PROTEGIDAS DE SAN JUAN\" width=\"800\" height=\"450\" src=\"https:\/\/www.youtube.com\/embed\/tg3nngjwpr0?feature=oembed\" frameborder=\"0\" allow=\"accelerometer; autoplay; clipboard-write; encrypted-media; gyroscope; picture-in-picture; web-share\" allowfullscreen><\/iframe><\/p>\n<p>&nbsp;<\/p>\n<p>&nbsp;<\/p>\n<p>&nbsp;<\/p>\n","protected":false},"excerpt":{"rendered":"<p>La Secretar\u00eda de Estado de Ambiente y Desarrollo Sustentable present\u00f3 la serie documental \u00c1reas Protegidas de San Juan, de distribuci\u00f3n<\/p>\n","protected":false},"author":3,"featured_media":11655,"comment_status":"closed","ping_status":"closed","sticky":false,"template":"","format":"standard","meta":{"_acf_changed":false,"_seopress_robots_primary_cat":"none","_seopress_titles_title":"","_seopress_titles_desc":"","_seopress_robots_index":"","colormag_page_container_layout":"default_layout","colormag_page_sidebar_layout":"default_layout","footnotes":""},"categories":[6,7],"tags":[],"class_list":["post-63212","post","type-post","status-publish","format-standard","has-post-thumbnail","hentry","category-eventos","category-videos"],"acf":[],"_links":{"self":[{"href":"https:\/\/vocesparalelas.com.ar\/sitio\/wp-json\/wp\/v2\/posts\/63212","targetHints":{"allow":["GET"]}}],"collection":[{"href":"https:\/\/vocesparalelas.com.ar\/sitio\/wp-json\/wp\/v2\/posts"}],"about":[{"href":"https:\/\/vocesparalelas.com.ar\/sitio\/wp-json\/wp\/v2\/types\/post"}],"author":[{"embeddable":true,"href":"https:\/\/vocesparalelas.com.ar\/sitio\/wp-json\/wp\/v2\/users\/3"}],"replies":[{"embeddable":true,"href":"https:\/\/vocesparalelas.com.ar\/sitio\/wp-json\/wp\/v2\/comments?post=63212"}],"version-history":[{"count":1,"href":"https:\/\/vocesparalelas.com.ar\/sitio\/wp-json\/wp\/v2\/posts\/63212\/revisions"}],"predecessor-version":[{"id":63215,"href":"https:\/\/vocesparalelas.com.ar\/sitio\/wp-json\/wp\/v2\/posts\/63212\/revisions\/63215"}],"wp:featuredmedia":[{"embeddable":true,"href":"https:\/\/vocesparalelas.com.ar\/sitio\/wp-json\/wp\/v2\/media\/11655"}],"wp:attachment":[{"href":"https:\/\/vocesparalelas.com.ar\/sitio\/wp-json\/wp\/v2\/media?parent=63212"}],"wp:term":[{"taxonomy":"category","embeddable":true,"href":"https:\/\/vocesparalelas.com.ar\/sitio\/wp-json\/wp\/v2\/categories?post=63212"},{"taxonomy":"post_tag","embeddable":true,"href":"https:\/\/vocesparalelas.com.ar\/sitio\/wp-json\/wp\/v2\/tags?post=63212"}],"curies":[{"name":"wp","href":"https:\/\/api.w.org\/{rel}","templated":true}]}}