{"id":63206,"date":"2023-09-07T22:15:05","date_gmt":"2023-09-08T01:15:05","guid":{"rendered":"https:\/\/vocesparalelas.com.ar\/sitio\/?p=63206"},"modified":"2023-09-08T22:35:41","modified_gmt":"2023-09-09T01:35:41","slug":"tablao-flamenco-en-el-tb-de-san-juan","status":"publish","type":"post","link":"https:\/\/vocesparalelas.com.ar\/sitio\/tablao-flamenco-en-el-tb-de-san-juan\/","title":{"rendered":"\u201cTablao Flamenco\u201d en el TB de San Juan"},"content":{"rendered":"<p>El 23 de Septiembre llega \u201cTablao Flamenco\u201d,\u00a0un espect\u00e1culo que\u00a0inunda la Sala Audit\u00f3rium del Teatro del Bicentenario de cultura andaluza\u00a0para el deleite del p\u00fablico sanjuanino.<\/p>\n<p>En esta ocasi\u00f3n, la velada organizada por la referente de San Juan Cuky Maestro, est\u00e1 protagonizada por el bailaor Federico N\u00fa\u00f1ez, que llega a la provincia desde Sevilla, Espa\u00f1a. Se trata de un gran bailaor oriundo de Mendoza, con gran trayectoria a nivel internacional y que ha formado parte del Ballet Flamenco de Andaluc\u00eda.<\/p>\n<p>La Sala Audit\u00f3rium se convierte en un tablao donde el cante, el toque y el baile se unen para deleitar al espectador con la cultura andaluza. Federico N\u00fa\u00f1ez estar\u00e1 acompa\u00f1ado en escena por los m\u00fasicos nacionales Carina Beysa al Cante, Diego Lorenzo en guitarra, Leo Landa en percusi\u00f3n, Mix Arjona en flauta traversa y las artistas locales Alejandra Minet y Cuky Maestro en palmas.<\/p>\n<p>Durante una hora, el p\u00fablico disfruta de lo m\u00e1s puro del flamenco\u00a0en un despliegue esc\u00e9nico danc\u00edstico y musical que ir\u00e1 desde el cante hondo a la m\u00fasica popular.<\/p>\n<p>\u201cTablao Flamenco\u201d sube a escena, a las 22 hs. La entrada general tiene un valor de $2500, y puede adquirirse en Boleter\u00eda del TB de Lunes a Viernes, de 9:30 a 14 hs, de 16 a 20, y S\u00e1bados, de 10 a 13 30 hs. Tambi\u00e9n pueden adquirirse on line a trav\u00e9s de <a href=\"https:\/\/tbsj.tuentrada.com\/list\/events\">TuEntrada.com<\/a><\/p>\n<figure id=\"attachment_32104\" aria-describedby=\"caption-attachment-32104\" style=\"width: 800px\" class=\"wp-caption alignnone\"><img loading=\"lazy\" decoding=\"async\" class=\"size-full wp-image-32104\" src=\"https:\/\/vocesparalelas.com.ar\/sitio\/wp-content\/uploads\/2020\/10\/TEATRO-DEL-BICENTENARIO.jpg\" alt=\"\" width=\"800\" height=\"475\" srcset=\"https:\/\/vocesparalelas.com.ar\/sitio\/wp-content\/uploads\/2020\/10\/TEATRO-DEL-BICENTENARIO.jpg 800w, https:\/\/vocesparalelas.com.ar\/sitio\/wp-content\/uploads\/2020\/10\/TEATRO-DEL-BICENTENARIO-300x178.jpg 300w, https:\/\/vocesparalelas.com.ar\/sitio\/wp-content\/uploads\/2020\/10\/TEATRO-DEL-BICENTENARIO-768x456.jpg 768w\" sizes=\"auto, (max-width: 800px) 100vw, 800px\" \/><figcaption id=\"caption-attachment-32104\" class=\"wp-caption-text\">Teatro del Bicentenario<\/figcaption><\/figure>\n<p>&nbsp;<\/p>\n","protected":false},"excerpt":{"rendered":"<p>El 23 de Septiembre llega \u201cTablao Flamenco\u201d,\u00a0un espect\u00e1culo que\u00a0inunda la Sala Audit\u00f3rium del Teatro del Bicentenario de cultura andaluza\u00a0para el<\/p>\n","protected":false},"author":3,"featured_media":63211,"comment_status":"closed","ping_status":"closed","sticky":false,"template":"","format":"standard","meta":{"_acf_changed":false,"_seopress_robots_primary_cat":"none","_seopress_titles_title":"","_seopress_titles_desc":"","_seopress_robots_index":"","colormag_page_container_layout":"default_layout","colormag_page_sidebar_layout":"default_layout","footnotes":""},"categories":[20],"tags":[],"class_list":["post-63206","post","type-post","status-publish","format-standard","has-post-thumbnail","hentry","category-cartelera"],"acf":[],"_links":{"self":[{"href":"https:\/\/vocesparalelas.com.ar\/sitio\/wp-json\/wp\/v2\/posts\/63206","targetHints":{"allow":["GET"]}}],"collection":[{"href":"https:\/\/vocesparalelas.com.ar\/sitio\/wp-json\/wp\/v2\/posts"}],"about":[{"href":"https:\/\/vocesparalelas.com.ar\/sitio\/wp-json\/wp\/v2\/types\/post"}],"author":[{"embeddable":true,"href":"https:\/\/vocesparalelas.com.ar\/sitio\/wp-json\/wp\/v2\/users\/3"}],"replies":[{"embeddable":true,"href":"https:\/\/vocesparalelas.com.ar\/sitio\/wp-json\/wp\/v2\/comments?post=63206"}],"version-history":[{"count":1,"href":"https:\/\/vocesparalelas.com.ar\/sitio\/wp-json\/wp\/v2\/posts\/63206\/revisions"}],"predecessor-version":[{"id":63210,"href":"https:\/\/vocesparalelas.com.ar\/sitio\/wp-json\/wp\/v2\/posts\/63206\/revisions\/63210"}],"wp:featuredmedia":[{"embeddable":true,"href":"https:\/\/vocesparalelas.com.ar\/sitio\/wp-json\/wp\/v2\/media\/63211"}],"wp:attachment":[{"href":"https:\/\/vocesparalelas.com.ar\/sitio\/wp-json\/wp\/v2\/media?parent=63206"}],"wp:term":[{"taxonomy":"category","embeddable":true,"href":"https:\/\/vocesparalelas.com.ar\/sitio\/wp-json\/wp\/v2\/categories?post=63206"},{"taxonomy":"post_tag","embeddable":true,"href":"https:\/\/vocesparalelas.com.ar\/sitio\/wp-json\/wp\/v2\/tags?post=63206"}],"curies":[{"name":"wp","href":"https:\/\/api.w.org\/{rel}","templated":true}]}}